{"id":733572,"date":"2024-07-01T10:34:38","date_gmt":"2024-07-01T06:34:38","guid":{"rendered":"https:\/\/arantv.az\/?p=733572"},"modified":"2024-07-01T10:34:38","modified_gmt":"2024-07-01T06:34:38","slug":"cagiriscilarin-mudd%c9%99tli-h%c9%99qiqi-h%c9%99rbi-xidm%c9%99t%c9%99-yola-salinmasina-baslanilib","status":"publish","type":"post","link":"https:\/\/arantv.az\/?p=733572","title":{"rendered":"\u00c7a\u011f\u0131r\u0131\u015f\u00e7\u0131lar\u0131n m\u00fcdd\u0259tli h\u0259qiqi h\u0259rbi xidm\u0259t\u0259 yola sal\u0131nmas\u0131na ba\u015flan\u0131l\u0131b"},"content":{"rendered":"<p><strong>Bu g\u00fcnd\u0259n \u00e7a\u011f\u0131r\u0131\u015f\u00e7\u0131lar\u0131n m\u00fcdd\u0259tli h\u0259qiqi h\u0259rbi xidm\u0259t\u0259 yola sal\u0131nmas\u0131na ba\u015flan\u0131l\u0131b.<\/strong><\/p>\n<p><b>ARANTV.AZ <\/b>x\u0259b\u0259r verir ki, bununla ba\u011fl\u0131 S\u0259f\u0259rb\u0259rlik v\u0259 H\u0259rbi Xidm\u0259t\u0259 \u00c7a\u011f\u0131r\u0131\u015f \u00fczr\u0259 D\u00f6vl\u0259t Xidm\u0259ti m\u0259lumat yay\u0131b.<\/p>\n<p>Proses iyulun 30-da bit\u0259c\u0259k.<\/p>\n<p>Xat\u0131rladaq ki, Prezident \u0130lham \u018fliyevin may\u0131n 20-d\u0259 imzalad\u0131\u011f\u0131 s\u0259r\u0259ncama \u0259sas\u0259n, 2006-c\u0131 ild\u0259 do\u011fulmu\u015f v\u0259 \u00e7a\u011f\u0131r\u0131\u015f g\u00fcn\u00fcn\u0259d\u0259k (h\u0259min g\u00fcn d\u0259 daxil olmaqla) 18 ya\u015f\u0131 tamam olmu\u015f, habel\u0259 1989-2005-ci ill\u0259rd\u0259 do\u011fulmu\u015f, ya\u015f\u0131 35-d\u0259k olan, Az\u0259rbaycan Respublikas\u0131n\u0131n Silahl\u0131 Q\u00fcvv\u0259l\u0259rind\u0259 m\u00fcdd\u0259tli h\u0259qiqi h\u0259rbi xidm\u0259t ke\u00e7m\u0259mi\u015f, m\u00fcdd\u0259tli h\u0259qiqi h\u0259rbi xidm\u0259t\u0259 \u00e7a\u011f\u0131r\u0131\u015fdan m\u00f6hl\u0259t h\u00fcququ olmayan v\u0259 ya m\u00fcdd\u0259tli h\u0259qiqi h\u0259rbi xidm\u0259t\u0259 \u00e7a\u011f\u0131r\u0131\u015fdan azad edilm\u0259mi\u015f Az\u0259rbaycan Respublikas\u0131 v\u0259t\u0259nda\u015flar\u0131 2024-c\u00fc il iyulun 1-d\u0259n 30-d\u0259k m\u00fcdd\u0259tli h\u0259qiqi h\u0259rbi xidm\u0259t\u0259 \u00e7a\u011f\u0131r\u0131lacaqlar.<\/p>\n","protected":false},"excerpt":{"rendered":"<p>Bu g\u00fcnd\u0259n \u00e7a\u011f\u0131r\u0131\u015f\u00e7\u0131lar\u0131n m\u00fcdd\u0259tli h\u0259qiqi h\u0259rbi xidm\u0259t\u0259 yola sal\u0131nmas\u0131na ba\u015flan\u0131l\u0131b. ARANTV.AZ x\u0259b\u0259r verir ki, bununla ba\u011fl\u0131 S\u0259f\u0259rb\u0259rlik v\u0259 H\u0259rbi Xidm\u0259t\u0259 \u00c7a\u011f\u0131r\u0131\u015f \u00fczr\u0259 D\u00f6vl\u0259t Xidm\u0259ti m\u0259lumat yay\u0131b. Proses iyulun 30-da bit\u0259c\u0259k. Xat\u0131rladaq ki, Prezident \u0130lham \u018fliyevin may\u0131n 20-d\u0259 imzalad\u0131\u011f\u0131 s\u0259r\u0259ncama \u0259sas\u0259n, 2006-c\u0131 ild\u0259 do\u011fulmu\u015f v\u0259 \u00e7a\u011f\u0131r\u0131\u015f g\u00fcn\u00fcn\u0259d\u0259k (h\u0259min g\u00fcn d\u0259 daxil olmaqla) 18 ya\u015f\u0131 tamam olmu\u015f, habel\u0259 1989-2005-ci ill\u0259rd\u0259 do\u011fulmu\u015f, ya\u015f\u0131 35-d\u0259k olan, Az\u0259rbaycan Respublikas\u0131n\u0131n Silahl\u0131 Q\u00fcvv\u0259l\u0259rind\u0259 m\u00fcdd\u0259tli h\u0259qiqi h\u0259rbi xidm\u0259t ke\u00e7m\u0259mi\u015f, m\u00fcdd\u0259tli h\u0259qiqi h\u0259rbi xidm\u0259t\u0259 \u00e7a\u011f\u0131r\u0131\u015fdan m\u00f6hl\u0259t h\u00fcququ olmayan v\u0259 ya m\u00fcdd\u0259tli h\u0259qiqi h\u0259rbi xidm\u0259t\u0259 \u00e7a\u011f\u0131r\u0131\u015fdan azad edilm\u0259mi\u015f Az\u0259rbaycan Respublikas\u0131&hellip;<\/p>\n","protected":false},"author":2,"featured_media":733573,"comment_status":"closed","ping_status":"closed","sticky":false,"template":"","format":"standard","meta":{"om_disable_all_campaigns":false,"_monsterinsights_skip_tracking":false,"_monsterinsights_sitenote_active":false,"_monsterinsights_sitenote_note":"","_monsterinsights_sitenote_category":0},"categories":[10],"tags":[],"aioseo_notices":[],"gutentor_comment":0,"rttpg_featured_image_url":{"full":["https:\/\/arantv.az\/wp-content\/uploads\/2024\/07\/13ea1f77e5f786306421bc91a30cc46b.jpg",850,500,false],"landscape":["https:\/\/arantv.az\/wp-content\/uploads\/2024\/07\/13ea1f77e5f786306421bc91a30cc46b.jpg",850,500,false],"portraits":["https:\/\/arantv.az\/wp-content\/uploads\/2024\/07\/13ea1f77e5f786306421bc91a30cc46b.jpg",850,500,false],"thumbnail":["https:\/\/arantv.az\/wp-content\/uploads\/2024\/07\/13ea1f77e5f786306421bc91a30cc46b-500x280.jpg",500,280,true],"medium":["https:\/\/arantv.az\/wp-content\/uploads\/2024\/07\/13ea1f77e5f786306421bc91a30cc46b-621x365.jpg",621,365,true],"large":["https:\/\/arantv.az\/wp-content\/uploads\/2024\/07\/13ea1f77e5f786306421bc91a30cc46b-840x494.jpg",640,376,true],"1536x1536":["https:\/\/arantv.az\/wp-content\/uploads\/2024\/07\/13ea1f77e5f786306421bc91a30cc46b.jpg",850,500,false],"2048x2048":["https:\/\/arantv.az\/wp-content\/uploads\/2024\/07\/13ea1f77e5f786306421bc91a30cc46b.jpg",850,500,false],"post-thumbnail":["https:\/\/arantv.az\/wp-content\/uploads\/2024\/07\/13ea1f77e5f786306421bc91a30cc46b-240x172.jpg",240,172,true],"advps-thumb-one":["https:\/\/arantv.az\/wp-content\/uploads\/2024\/07\/13ea1f77e5f786306421bc91a30cc46b.jpg",850,500,false]},"rttpg_author":{"display_name":"V\u00fcsal Rafiqo\u011flu","author_link":"https:\/\/arantv.az\/?author=2"},"rttpg_comment":0,"rttpg_category":"<a href=\"https:\/\/arantv.az\/?cat=10\" rel=\"category\">C\u0259bh\u0259d\u0259n X\u0259b\u0259r<\/a>","rttpg_excerpt":"Bu g\u00fcnd\u0259n \u00e7a\u011f\u0131r\u0131\u015f\u00e7\u0131lar\u0131n m\u00fcdd\u0259tli h\u0259qiqi h\u0259rbi xidm\u0259t\u0259 yola sal\u0131nmas\u0131na ba\u015flan\u0131l\u0131b. ARANTV.AZ x\u0259b\u0259r verir ki, bununla ba\u011fl\u0131 S\u0259f\u0259rb\u0259rlik v\u0259 H\u0259rbi Xidm\u0259t\u0259 \u00c7a\u011f\u0131r\u0131\u015f \u00fczr\u0259 D\u00f6vl\u0259t Xidm\u0259ti m\u0259lumat yay\u0131b. Proses iyulun 30-da bit\u0259c\u0259k. Xat\u0131rladaq ki, Prezident \u0130lham \u018fliyevin may\u0131n 20-d\u0259 imzalad\u0131\u011f\u0131 s\u0259r\u0259ncama \u0259sas\u0259n, 2006-c\u0131 ild\u0259 do\u011fulmu\u015f v\u0259 \u00e7a\u011f\u0131r\u0131\u015f g\u00fcn\u00fcn\u0259d\u0259k (h\u0259min g\u00fcn d\u0259 daxil olmaqla) 18 ya\u015f\u0131 tamam olmu\u015f,&hellip;","_links":{"self":[{"href":"https:\/\/arantv.az\/index.php?rest_route=\/wp\/v2\/posts\/733572"}],"collection":[{"href":"https:\/\/arantv.az\/index.php?rest_route=\/wp\/v2\/posts"}],"about":[{"href":"https:\/\/arantv.az\/index.php?rest_route=\/wp\/v2\/types\/post"}],"author":[{"embeddable":true,"href":"https:\/\/arantv.az\/index.php?rest_route=\/wp\/v2\/users\/2"}],"replies":[{"embeddable":true,"href":"https:\/\/arantv.az\/index.php?rest_route=%2Fwp%2Fv2%2Fcomments&post=733572"}],"version-history":[{"count":0,"href":"https:\/\/arantv.az\/index.php?rest_route=\/wp\/v2\/posts\/733572\/revisions"}],"wp:featuredmedia":[{"embeddable":true,"href":"https:\/\/arantv.az\/index.php?rest_route=\/wp\/v2\/media\/733573"}],"wp:attachment":[{"href":"https:\/\/arantv.az\/index.php?rest_route=%2Fwp%2Fv2%2Fmedia&parent=733572"}],"wp:term":[{"taxonomy":"category","embeddable":true,"href":"https:\/\/arantv.az\/index.php?rest_route=%2Fwp%2Fv2%2Fcategories&post=733572"},{"taxonomy":"post_tag","embeddable":true,"href":"https:\/\/arantv.az\/index.php?rest_route=%2Fwp%2Fv2%2Ftags&post=733572"}],"curies":[{"name":"wp","href":"https:\/\/api.w.org\/{rel}","templated":true}]}}