{"id":733580,"date":"2024-07-01T10:52:59","date_gmt":"2024-07-01T06:52:59","guid":{"rendered":"https:\/\/arantv.az\/?p=733580"},"modified":"2024-07-01T10:52:59","modified_gmt":"2024-07-01T06:52:59","slug":"d%c9%99mir-yolunda-gedis-haqqi-artirilacaq-aciqlama","status":"publish","type":"post","link":"https:\/\/arantv.az\/?p=733580","title":{"rendered":"D\u0259mir yolunda gedi\u015f haqq\u0131 art\u0131r\u0131lacaq? &#8211; A\u00c7IQLAMA"},"content":{"rendered":"<p>\u0130yulun 1-d\u0259n etibar\u0259n bir s\u0131ra ictimai n\u0259qliyyat n\u00f6vl\u0259rind\u0259 gedi\u015f haqlar\u0131 art\u0131r\u0131l\u0131b. Bel\u0259 ki, R\u0259q\u0259msal \u0130nki\u015faf v\u0259 N\u0259qliyyat Nazirliyi t\u0259r\u0259find\u0259n ictimai n\u0259qliyyat v\u0259 hava n\u0259qliyyat\u0131 il\u0259 \u00f6lk\u0259daxili s\u0259rni\u015finda\u015f\u0131ma xidm\u0259tl\u0259ri \u00fczr\u0259\u00a0<a href=\"https:\/\/mincom.gov.az\/az\/media\/xeberler\/ictimai-neqliyyat-ve-hava-neqliyyati-ile-olkedaxili-sernisindasima-xidmetleri-uzre-tarifler-yenilenib\" target=\"_blank\" rel=\"nofollow noopener\">tarifl\u0259r\u00a0<\/a>yenil\u0259nib.<\/p>\n<p>B\u0259s Az\u0259rbaycan D\u0259mir Yollar\u0131nda nec\u0259, gedi\u015f haqlar\u0131nda art\u0131m olacaqm\u0131?<\/p>\n<p>M\u0259s\u0259l\u0259 il\u0259 ba\u011fl\u0131 &#8220;Az\u0259rbaycan D\u0259mir Yollar\u0131&#8221; QSC-d\u0259n\u00a0<strong>Oxu.Az<\/strong>-\u0131n sor\u011fusuna cavab olaraq bildirilib ki, haz\u0131rda d\u0259mir yolu n\u0259qliyyat\u0131 il\u0259 s\u0259rni\u015fin da\u015f\u0131malar\u0131 \u00fc\u00e7\u00fcn gedi\u015f haqlar\u0131nda h\u0259r hans\u0131 d\u0259yi\u015fiklik n\u0259z\u0259rd\u0259 tutulmay\u0131b.<\/p>\n<p>Qeyd ed\u0259k ki, bu g\u00fcnd\u0259n etibar\u0259n R\u0259q\u0259msal \u0130nki\u015faf v\u0259 N\u0259qliyyat Nazirliyi t\u0259r\u0259find\u0259n ictimai n\u0259qliyyat v\u0259 hava n\u0259qliyyat\u0131 il\u0259 \u00f6lk\u0259daxili s\u0259rni\u015finda\u015f\u0131ma xidm\u0259tl\u0259ri \u00fczr\u0259 tarifl\u0259r yenil\u0259nib. Sosialy\u00f6n\u00fcml\u00fcl\u00fck bax\u0131m\u0131ndan \u0259n optimal variant se\u00e7ilm\u0259kl\u0259 a\u015fa\u011f\u0131da qeyd olunan tarifl\u0259rin t\u0259tbiqi m\u0259qs\u0259d\u0259uy\u011fun hesab edilib:<\/p>\n<p>&#8211; M\u00fcnt\u0259z\u0259m \u015f\u0259h\u0259rdaxili (rayondaxili) avtobus mar\u015frutlar\u0131nda s\u0259rni\u015finda\u015f\u0131ma xidm\u0259tl\u0259rinin tarifl\u0259rinin yuxar\u0131 h\u0259ddi m\u0259saf\u0259d\u0259n as\u0131l\u0131 olmayaraq 50 q\u0259pik;<\/p>\n<p>&#8211; Metro n\u0259qliyyat\u0131nda s\u0259rni\u015finda\u015f\u0131ma xidm\u0259tinin tarifi bir gedi\u015f \u00fczr\u0259 50 q\u0259pik;<\/p>\n<p>&#8211; M\u00fcnt\u0259z\u0259m \u015f\u0259h\u0259rl\u0259raras\u0131 avtobus mar\u015frutlar\u0131nda s\u0259rni\u015finda\u015f\u0131ma xidm\u0259ti \u00fczr\u0259 tarifin yuxar\u0131 h\u0259ddi bir kilometr \u00fc\u00e7\u00fcn 3,7 q\u0259pik.<\/p>\n<p>Eyni zamanda \u00f6lk\u0259daxili m\u00fcnt\u0259z\u0259m \u015f\u0259h\u0259r\u0259traf\u0131 v\u0259 q\u0259s\u0259b\u0259l\u0259raras\u0131 avtobus mar\u015frutlar\u0131 v\u0259 hava n\u0259qliyyat\u0131 il\u0259 \u00f6lk\u0259daxili s\u0259rni\u015finda\u015f\u0131ma xidm\u0259tl\u0259rinin tarifl\u0259rinin yuxar\u0131 h\u0259dl\u0259ri yenil\u0259nib. Lakin Bak\u0131-Nax\u00e7\u0131van \/ Nax\u00e7\u0131van-Bak\u0131 istiqam\u0259tl\u0259ri \u00fczr\u0259 hava n\u0259qliyyat\u0131 il\u0259 \u00f6lk\u0259daxili s\u0259rni\u015finda\u015f\u0131ma xidm\u0259tinin tarifind\u0259 d\u0259yi\u015fiklik edilm\u0259yib.<\/p>\n","protected":false},"excerpt":{"rendered":"<p>\u0130yulun 1-d\u0259n etibar\u0259n bir s\u0131ra ictimai n\u0259qliyyat n\u00f6vl\u0259rind\u0259 gedi\u015f haqlar\u0131 art\u0131r\u0131l\u0131b. Bel\u0259 ki, R\u0259q\u0259msal \u0130nki\u015faf v\u0259 N\u0259qliyyat Nazirliyi t\u0259r\u0259find\u0259n ictimai n\u0259qliyyat v\u0259 hava n\u0259qliyyat\u0131 il\u0259 \u00f6lk\u0259daxili s\u0259rni\u015finda\u015f\u0131ma xidm\u0259tl\u0259ri \u00fczr\u0259\u00a0tarifl\u0259r\u00a0yenil\u0259nib. B\u0259s Az\u0259rbaycan D\u0259mir Yollar\u0131nda nec\u0259, gedi\u015f haqlar\u0131nda art\u0131m olacaqm\u0131? M\u0259s\u0259l\u0259 il\u0259 ba\u011fl\u0131 &#8220;Az\u0259rbaycan D\u0259mir Yollar\u0131&#8221; QSC-d\u0259n\u00a0Oxu.Az-\u0131n sor\u011fusuna cavab olaraq bildirilib ki, haz\u0131rda d\u0259mir yolu n\u0259qliyyat\u0131 il\u0259 s\u0259rni\u015fin da\u015f\u0131malar\u0131 \u00fc\u00e7\u00fcn gedi\u015f haqlar\u0131nda h\u0259r hans\u0131 d\u0259yi\u015fiklik n\u0259z\u0259rd\u0259 tutulmay\u0131b. Qeyd ed\u0259k ki, bu g\u00fcnd\u0259n etibar\u0259n R\u0259q\u0259msal \u0130nki\u015faf v\u0259 N\u0259qliyyat Nazirliyi t\u0259r\u0259find\u0259n ictimai n\u0259qliyyat v\u0259 hava n\u0259qliyyat\u0131 il\u0259 \u00f6lk\u0259daxili s\u0259rni\u015finda\u015f\u0131ma xidm\u0259tl\u0259ri \u00fczr\u0259 tarifl\u0259r yenil\u0259nib. Sosialy\u00f6n\u00fcml\u00fcl\u00fck&hellip;<\/p>\n","protected":false},"author":2,"featured_media":733581,"comment_status":"closed","ping_status":"closed","sticky":false,"template":"","format":"standard","meta":{"om_disable_all_campaigns":false,"_monsterinsights_skip_tracking":false,"_monsterinsights_sitenote_active":false,"_monsterinsights_sitenote_note":"","_monsterinsights_sitenote_category":0},"categories":[1],"tags":[],"aioseo_notices":[],"gutentor_comment":0,"rttpg_featured_image_url":{"full":["https:\/\/arantv.az\/wp-content\/uploads\/2024\/07\/images.jpg",275,183,false],"landscape":["https:\/\/arantv.az\/wp-content\/uploads\/2024\/07\/images.jpg",275,183,false],"portraits":["https:\/\/arantv.az\/wp-content\/uploads\/2024\/07\/images.jpg",275,183,false],"thumbnail":["https:\/\/arantv.az\/wp-content\/uploads\/2024\/07\/images.jpg",275,183,false],"medium":["https:\/\/arantv.az\/wp-content\/uploads\/2024\/07\/images.jpg",275,183,false],"large":["https:\/\/arantv.az\/wp-content\/uploads\/2024\/07\/images.jpg",275,183,false],"1536x1536":["https:\/\/arantv.az\/wp-content\/uploads\/2024\/07\/images.jpg",275,183,false],"2048x2048":["https:\/\/arantv.az\/wp-content\/uploads\/2024\/07\/images.jpg",275,183,false],"post-thumbnail":["https:\/\/arantv.az\/wp-content\/uploads\/2024\/07\/images-240x172.jpg",240,172,true],"advps-thumb-one":["https:\/\/arantv.az\/wp-content\/uploads\/2024\/07\/images.jpg",275,183,false]},"rttpg_author":{"display_name":"V\u00fcsal Rafiqo\u011flu","author_link":"https:\/\/arantv.az\/?author=2"},"rttpg_comment":0,"rttpg_category":"<a href=\"https:\/\/arantv.az\/?cat=1\" rel=\"category\">C\u0259miyy\u0259t<\/a>","rttpg_excerpt":"\u0130yulun 1-d\u0259n etibar\u0259n bir s\u0131ra ictimai n\u0259qliyyat n\u00f6vl\u0259rind\u0259 gedi\u015f haqlar\u0131 art\u0131r\u0131l\u0131b. Bel\u0259 ki, R\u0259q\u0259msal \u0130nki\u015faf v\u0259 N\u0259qliyyat Nazirliyi t\u0259r\u0259find\u0259n ictimai n\u0259qliyyat v\u0259 hava n\u0259qliyyat\u0131 il\u0259 \u00f6lk\u0259daxili s\u0259rni\u015finda\u015f\u0131ma xidm\u0259tl\u0259ri \u00fczr\u0259\u00a0tarifl\u0259r\u00a0yenil\u0259nib. B\u0259s Az\u0259rbaycan D\u0259mir Yollar\u0131nda nec\u0259, gedi\u015f haqlar\u0131nda art\u0131m olacaqm\u0131? M\u0259s\u0259l\u0259 il\u0259 ba\u011fl\u0131 &#8220;Az\u0259rbaycan D\u0259mir Yollar\u0131&#8221; QSC-d\u0259n\u00a0Oxu.Az-\u0131n sor\u011fusuna cavab olaraq bildirilib ki, haz\u0131rda d\u0259mir yolu n\u0259qliyyat\u0131 il\u0259&hellip;","_links":{"self":[{"href":"https:\/\/arantv.az\/index.php?rest_route=\/wp\/v2\/posts\/733580"}],"collection":[{"href":"https:\/\/arantv.az\/index.php?rest_route=\/wp\/v2\/posts"}],"about":[{"href":"https:\/\/arantv.az\/index.php?rest_route=\/wp\/v2\/types\/post"}],"author":[{"embeddable":true,"href":"https:\/\/arantv.az\/index.php?rest_route=\/wp\/v2\/users\/2"}],"replies":[{"embeddable":true,"href":"https:\/\/arantv.az\/index.php?rest_route=%2Fwp%2Fv2%2Fcomments&post=733580"}],"version-history":[{"count":0,"href":"https:\/\/arantv.az\/index.php?rest_route=\/wp\/v2\/posts\/733580\/revisions"}],"wp:featuredmedia":[{"embeddable":true,"href":"https:\/\/arantv.az\/index.php?rest_route=\/wp\/v2\/media\/733581"}],"wp:attachment":[{"href":"https:\/\/arantv.az\/index.php?rest_route=%2Fwp%2Fv2%2Fmedia&parent=733580"}],"wp:term":[{"taxonomy":"category","embeddable":true,"href":"https:\/\/arantv.az\/index.php?rest_route=%2Fwp%2Fv2%2Fcategories&post=733580"},{"taxonomy":"post_tag","embeddable":true,"href":"https:\/\/arantv.az\/index.php?rest_route=%2Fwp%2Fv2%2Ftags&post=733580"}],"curies":[{"name":"wp","href":"https:\/\/api.w.org\/{rel}","templated":true}]}}