{"id":733583,"date":"2024-07-01T10:54:10","date_gmt":"2024-07-01T06:54:10","guid":{"rendered":"https:\/\/arantv.az\/?p=733583"},"modified":"2024-07-01T10:54:10","modified_gmt":"2024-07-01T06:54:10","slug":"nazir-t%c9%99hsil-siyas%c9%99tinin-n%c9%99-oldugunu-anlamayanlar-var","status":"publish","type":"post","link":"https:\/\/arantv.az\/?p=733583","title":{"rendered":"Nazir: T\u0259hsil siyas\u0259tinin n\u0259 oldu\u011funu anlamayanlar var"},"content":{"rendered":"<p>H\u0259l\u0259 d\u0259 t\u0259hsil siyas\u0259tinin n\u0259 oldu\u011funu anlamayanlar var.<\/p>\n<p><strong>ARANTV.AZ x\u0259b\u0259r verir ki,<\/strong>\u00a0bu bar\u0259d\u0259 elm v\u0259 t\u0259hsil naziri Emin \u018fmrullayev VII ADA 2024 Beyn\u0259lxalq T\u0259hsil Konfrans\u0131nda \u00e7\u0131x\u0131\u015f\u0131 zaman\u0131 deyib.<\/p>\n<p>Nazir qeyd edib ki, iki \u015fagird aras\u0131nda olan m\u00fcnaqi\u015f\u0259 t\u0259hsil siyas\u0259tin\u0259 aid deyil.<\/p>\n<p>\u201cT\u0259hsil siyas\u0259tinin n\u0259 oldu\u011funu anlay\u0131b, bu bar\u0259d\u0259 m\u00fczakir\u0259l\u0259r aparmal\u0131y\u0131q.<\/p>\n<p>M\u0259kt\u0259b\u0259q\u0259d\u0259r t\u0259hsild\u0259 ilk prioritetimiz t\u0259hsilin \u0259l\u00e7atanl\u0131\u011f\u0131d\u0131r. Bu istiqam\u0259td\u0259 ir\u0259liy\u0259 do\u011fru add\u0131m atm\u0131\u015f\u0131q. \u018flav\u0259 100.00 m\u0259kt\u0259b\u0259q\u0259d\u0259r haz\u0131rl\u0131q yerl\u0259ri a\u00e7\u0131lacaq. Bununla ba\u011fl\u0131 bir ne\u00e7\u0259 modell\u0259rimiz m\u00f6vcuddur\u201d,- dey\u0259 nazir bildirib.<\/p>\n<p>Onun s\u00f6zl\u0259rin\u0259 g\u00f6r\u0259, i\u015f\u011faldan azad edil\u0259n h\u0259r bir k\u0259ndd\u0259, \u0259razil\u0259rd\u0259 m\u0259kt\u0259b\u0259q\u0259d\u0259r t\u0259hsil m\u00fc\u0259ssis\u0259l\u0259ri a\u00e7\u0131l\u0131r v\u0259 prosses davam ed\u0259c\u0259k. Haz\u0131rda dig\u0259r modell\u0259r \u00fcz\u0259rind\u0259 d\u0259 i\u015f gedir. Sentyabr-oktyabr ay\u0131nda pilot layih\u0259 ba\u015flayacaq.<\/p>\n","protected":false},"excerpt":{"rendered":"<p>H\u0259l\u0259 d\u0259 t\u0259hsil siyas\u0259tinin n\u0259 oldu\u011funu anlamayanlar var. ARANTV.AZ x\u0259b\u0259r verir ki,\u00a0bu bar\u0259d\u0259 elm v\u0259 t\u0259hsil naziri Emin \u018fmrullayev VII ADA 2024 Beyn\u0259lxalq T\u0259hsil Konfrans\u0131nda \u00e7\u0131x\u0131\u015f\u0131 zaman\u0131 deyib. Nazir qeyd edib ki, iki \u015fagird aras\u0131nda olan m\u00fcnaqi\u015f\u0259 t\u0259hsil siyas\u0259tin\u0259 aid deyil. \u201cT\u0259hsil siyas\u0259tinin n\u0259 oldu\u011funu anlay\u0131b, bu bar\u0259d\u0259 m\u00fczakir\u0259l\u0259r aparmal\u0131y\u0131q. M\u0259kt\u0259b\u0259q\u0259d\u0259r t\u0259hsild\u0259 ilk prioritetimiz t\u0259hsilin \u0259l\u00e7atanl\u0131\u011f\u0131d\u0131r. Bu istiqam\u0259td\u0259 ir\u0259liy\u0259 do\u011fru add\u0131m atm\u0131\u015f\u0131q. \u018flav\u0259 100.00 m\u0259kt\u0259b\u0259q\u0259d\u0259r haz\u0131rl\u0131q yerl\u0259ri a\u00e7\u0131lacaq. Bununla ba\u011fl\u0131 bir ne\u00e7\u0259 modell\u0259rimiz m\u00f6vcuddur\u201d,- dey\u0259 nazir bildirib. Onun s\u00f6zl\u0259rin\u0259 g\u00f6r\u0259, i\u015f\u011faldan azad edil\u0259n h\u0259r bir k\u0259ndd\u0259, \u0259razil\u0259rd\u0259 m\u0259kt\u0259b\u0259q\u0259d\u0259r t\u0259hsil m\u00fc\u0259ssis\u0259l\u0259ri&hellip;<\/p>\n","protected":false},"author":2,"featured_media":733584,"comment_status":"closed","ping_status":"closed","sticky":false,"template":"","format":"standard","meta":{"om_disable_all_campaigns":false,"_monsterinsights_skip_tracking":false,"_monsterinsights_sitenote_active":false,"_monsterinsights_sitenote_note":"","_monsterinsights_sitenote_category":0},"categories":[1],"tags":[],"aioseo_notices":[],"gutentor_comment":0,"rttpg_featured_image_url":{"full":["https:\/\/arantv.az\/wp-content\/uploads\/2024\/07\/f41ff84e171981581328939722210574136.jpg",975,540,false],"landscape":["https:\/\/arantv.az\/wp-content\/uploads\/2024\/07\/f41ff84e171981581328939722210574136.jpg",975,540,false],"portraits":["https:\/\/arantv.az\/wp-content\/uploads\/2024\/07\/f41ff84e171981581328939722210574136.jpg",975,540,false],"thumbnail":["https:\/\/arantv.az\/wp-content\/uploads\/2024\/07\/f41ff84e171981581328939722210574136-500x280.jpg",500,280,true],"medium":["https:\/\/arantv.az\/wp-content\/uploads\/2024\/07\/f41ff84e171981581328939722210574136-660x365.jpg",660,365,true],"large":["https:\/\/arantv.az\/wp-content\/uploads\/2024\/07\/f41ff84e171981581328939722210574136-840x465.jpg",640,354,true],"1536x1536":["https:\/\/arantv.az\/wp-content\/uploads\/2024\/07\/f41ff84e171981581328939722210574136.jpg",975,540,false],"2048x2048":["https:\/\/arantv.az\/wp-content\/uploads\/2024\/07\/f41ff84e171981581328939722210574136.jpg",975,540,false],"post-thumbnail":["https:\/\/arantv.az\/wp-content\/uploads\/2024\/07\/f41ff84e171981581328939722210574136-240x172.jpg",240,172,true],"advps-thumb-one":["https:\/\/arantv.az\/wp-content\/uploads\/2024\/07\/f41ff84e171981581328939722210574136.jpg",975,540,false]},"rttpg_author":{"display_name":"V\u00fcsal Rafiqo\u011flu","author_link":"https:\/\/arantv.az\/?author=2"},"rttpg_comment":0,"rttpg_category":"<a href=\"https:\/\/arantv.az\/?cat=1\" rel=\"category\">C\u0259miyy\u0259t<\/a>","rttpg_excerpt":"H\u0259l\u0259 d\u0259 t\u0259hsil siyas\u0259tinin n\u0259 oldu\u011funu anlamayanlar var. ARANTV.AZ x\u0259b\u0259r verir ki,\u00a0bu bar\u0259d\u0259 elm v\u0259 t\u0259hsil naziri Emin \u018fmrullayev VII ADA 2024 Beyn\u0259lxalq T\u0259hsil Konfrans\u0131nda \u00e7\u0131x\u0131\u015f\u0131 zaman\u0131 deyib. Nazir qeyd edib ki, iki \u015fagird aras\u0131nda olan m\u00fcnaqi\u015f\u0259 t\u0259hsil siyas\u0259tin\u0259 aid deyil. \u201cT\u0259hsil siyas\u0259tinin n\u0259 oldu\u011funu anlay\u0131b, bu bar\u0259d\u0259 m\u00fczakir\u0259l\u0259r aparmal\u0131y\u0131q. M\u0259kt\u0259b\u0259q\u0259d\u0259r t\u0259hsild\u0259 ilk prioritetimiz t\u0259hsilin&hellip;","_links":{"self":[{"href":"https:\/\/arantv.az\/index.php?rest_route=\/wp\/v2\/posts\/733583"}],"collection":[{"href":"https:\/\/arantv.az\/index.php?rest_route=\/wp\/v2\/posts"}],"about":[{"href":"https:\/\/arantv.az\/index.php?rest_route=\/wp\/v2\/types\/post"}],"author":[{"embeddable":true,"href":"https:\/\/arantv.az\/index.php?rest_route=\/wp\/v2\/users\/2"}],"replies":[{"embeddable":true,"href":"https:\/\/arantv.az\/index.php?rest_route=%2Fwp%2Fv2%2Fcomments&post=733583"}],"version-history":[{"count":0,"href":"https:\/\/arantv.az\/index.php?rest_route=\/wp\/v2\/posts\/733583\/revisions"}],"wp:featuredmedia":[{"embeddable":true,"href":"https:\/\/arantv.az\/index.php?rest_route=\/wp\/v2\/media\/733584"}],"wp:attachment":[{"href":"https:\/\/arantv.az\/index.php?rest_route=%2Fwp%2Fv2%2Fmedia&parent=733583"}],"wp:term":[{"taxonomy":"category","embeddable":true,"href":"https:\/\/arantv.az\/index.php?rest_route=%2Fwp%2Fv2%2Fcategories&post=733583"},{"taxonomy":"post_tag","embeddable":true,"href":"https:\/\/arantv.az\/index.php?rest_route=%2Fwp%2Fv2%2Ftags&post=733583"}],"curies":[{"name":"wp","href":"https:\/\/api.w.org\/{rel}","templated":true}]}}