{"id":733604,"date":"2024-07-01T11:29:54","date_gmt":"2024-07-01T07:29:54","guid":{"rendered":"https:\/\/arantv.az\/?p=733604"},"modified":"2024-07-01T11:29:54","modified_gmt":"2024-07-01T07:29:54","slug":"ilin-sonunad%c9%99k-bagca-mu%c9%99lliml%c9%99rinin-diaqnostik-qiym%c9%99tl%c9%99ndirilm%c9%99si-keciril%c9%99c%c9%99k","status":"publish","type":"post","link":"https:\/\/arantv.az\/?p=733604","title":{"rendered":"\u0130lin sonunad\u0259k ba\u011f\u00e7a m\u00fc\u0259lliml\u0259rinin diaqnostik qiym\u0259tl\u0259ndirilm\u0259si ke\u00e7iril\u0259c\u0259k"},"content":{"rendered":"<p>&#8220;\u0130lin sonunad\u0259k u\u015faq ba\u011f\u00e7alar\u0131nda \u00e7al\u0131\u015fan t\u0259rbiy\u0259\u00e7i m\u00fc\u0259lliml\u0259r \u00fc\u00e7\u00fcn diaqnostika imtahanlar\u0131n\u0131n ke\u00e7irilm\u0259si n\u0259z\u0259rd\u0259 tutulur&#8221;.<\/p>\n<p>&#8220;Report&#8221; x\u0259b\u0259r verir ki, bu s\u00f6zl\u0259ri elm v\u0259 t\u0259hsil naziri Emin \u018fmrullayev VII ADA 2024 Beyn\u0259lxalq T\u0259hsil Konfrans\u0131nda \u00e7\u0131x\u0131\u015f\u0131 zaman\u0131 deyib.<\/p>\n<p>Nazir bildirib ki, m\u0259qs\u0259d h\u0259min \u015f\u0259xsl\u0259rin biliyinin qiym\u0259tl\u0259ndirilm\u0259sidir:<\/p>\n<p>&#8220;Sertifikasiya imtahanlar\u0131ndan f\u0259rqli olaraq burada h\u0259r hans\u0131 i\u015f\u00e7inin \u0259m\u0259k m\u00fcqavil\u0259sin\u0259 xitam verilm\u0259si m\u0259s\u0259l\u0259si olmayacaq. Sad\u0259c\u0259 imtahan n\u0259tic\u0259sind\u0259 h\u0259r hans\u0131 q\u0259rarlar\u0131n verilm\u0259sin\u0259 \u015f\u0259rait yaranacaq. El\u0259c\u0259 d\u0259 hans\u0131 t\u0259rbiy\u0259\u00e7i m\u00fc\u0259lliml\u0259rin t\u0259lim\u0259 ehtiyac\u0131 oldu\u011funu<br \/>\nba\u015fa d\u00fc\u015f\u0259c\u0259yik, h\u0259m\u00e7inin onlar\u0131n pe\u015f\u0259kar inki\u015faf proqramlar\u0131n\u0131 haz\u0131rlamaq m\u0259qs\u0259dimiz var&#8221;.<\/p>\n","protected":false},"excerpt":{"rendered":"<p>&#8220;\u0130lin sonunad\u0259k u\u015faq ba\u011f\u00e7alar\u0131nda \u00e7al\u0131\u015fan t\u0259rbiy\u0259\u00e7i m\u00fc\u0259lliml\u0259r \u00fc\u00e7\u00fcn diaqnostika imtahanlar\u0131n\u0131n ke\u00e7irilm\u0259si n\u0259z\u0259rd\u0259 tutulur&#8221;. &#8220;Report&#8221; x\u0259b\u0259r verir ki, bu s\u00f6zl\u0259ri elm v\u0259 t\u0259hsil naziri Emin \u018fmrullayev VII ADA 2024 Beyn\u0259lxalq T\u0259hsil Konfrans\u0131nda \u00e7\u0131x\u0131\u015f\u0131 zaman\u0131 deyib. Nazir bildirib ki, m\u0259qs\u0259d h\u0259min \u015f\u0259xsl\u0259rin biliyinin qiym\u0259tl\u0259ndirilm\u0259sidir: &#8220;Sertifikasiya imtahanlar\u0131ndan f\u0259rqli olaraq burada h\u0259r hans\u0131 i\u015f\u00e7inin \u0259m\u0259k m\u00fcqavil\u0259sin\u0259 xitam verilm\u0259si m\u0259s\u0259l\u0259si olmayacaq. Sad\u0259c\u0259 imtahan n\u0259tic\u0259sind\u0259 h\u0259r hans\u0131 q\u0259rarlar\u0131n verilm\u0259sin\u0259 \u015f\u0259rait yaranacaq. El\u0259c\u0259 d\u0259 hans\u0131 t\u0259rbiy\u0259\u00e7i m\u00fc\u0259lliml\u0259rin t\u0259lim\u0259 ehtiyac\u0131 oldu\u011funu ba\u015fa d\u00fc\u015f\u0259c\u0259yik, h\u0259m\u00e7inin onlar\u0131n pe\u015f\u0259kar inki\u015faf proqramlar\u0131n\u0131 haz\u0131rlamaq m\u0259qs\u0259dimiz var&#8221;.<\/p>\n","protected":false},"author":2,"featured_media":733605,"comment_status":"closed","ping_status":"closed","sticky":false,"template":"","format":"standard","meta":{"om_disable_all_campaigns":false,"_monsterinsights_skip_tracking":false,"_monsterinsights_sitenote_active":false,"_monsterinsights_sitenote_note":"","_monsterinsights_sitenote_category":0},"categories":[1],"tags":[],"aioseo_notices":[],"gutentor_comment":0,"rttpg_featured_image_url":{"full":["https:\/\/arantv.az\/wp-content\/uploads\/2024\/07\/065483f23bd7a85c527e0861e14c50e2.jpg",637,400,false],"landscape":["https:\/\/arantv.az\/wp-content\/uploads\/2024\/07\/065483f23bd7a85c527e0861e14c50e2.jpg",637,400,false],"portraits":["https:\/\/arantv.az\/wp-content\/uploads\/2024\/07\/065483f23bd7a85c527e0861e14c50e2.jpg",637,400,false],"thumbnail":["https:\/\/arantv.az\/wp-content\/uploads\/2024\/07\/065483f23bd7a85c527e0861e14c50e2-500x280.jpg",500,280,true],"medium":["https:\/\/arantv.az\/wp-content\/uploads\/2024\/07\/065483f23bd7a85c527e0861e14c50e2-581x365.jpg",581,365,true],"large":["https:\/\/arantv.az\/wp-content\/uploads\/2024\/07\/065483f23bd7a85c527e0861e14c50e2.jpg",637,400,false],"1536x1536":["https:\/\/arantv.az\/wp-content\/uploads\/2024\/07\/065483f23bd7a85c527e0861e14c50e2.jpg",637,400,false],"2048x2048":["https:\/\/arantv.az\/wp-content\/uploads\/2024\/07\/065483f23bd7a85c527e0861e14c50e2.jpg",637,400,false],"post-thumbnail":["https:\/\/arantv.az\/wp-content\/uploads\/2024\/07\/065483f23bd7a85c527e0861e14c50e2-240x172.jpg",240,172,true],"advps-thumb-one":["https:\/\/arantv.az\/wp-content\/uploads\/2024\/07\/065483f23bd7a85c527e0861e14c50e2.jpg",637,400,false]},"rttpg_author":{"display_name":"V\u00fcsal Rafiqo\u011flu","author_link":"https:\/\/arantv.az\/?author=2"},"rttpg_comment":0,"rttpg_category":"<a href=\"https:\/\/arantv.az\/?cat=1\" rel=\"category\">C\u0259miyy\u0259t<\/a>","rttpg_excerpt":"&#8220;\u0130lin sonunad\u0259k u\u015faq ba\u011f\u00e7alar\u0131nda \u00e7al\u0131\u015fan t\u0259rbiy\u0259\u00e7i m\u00fc\u0259lliml\u0259r \u00fc\u00e7\u00fcn diaqnostika imtahanlar\u0131n\u0131n ke\u00e7irilm\u0259si n\u0259z\u0259rd\u0259 tutulur&#8221;. &#8220;Report&#8221; x\u0259b\u0259r verir ki, bu s\u00f6zl\u0259ri elm v\u0259 t\u0259hsil naziri Emin \u018fmrullayev VII ADA 2024 Beyn\u0259lxalq T\u0259hsil Konfrans\u0131nda \u00e7\u0131x\u0131\u015f\u0131 zaman\u0131 deyib. Nazir bildirib ki, m\u0259qs\u0259d h\u0259min \u015f\u0259xsl\u0259rin biliyinin qiym\u0259tl\u0259ndirilm\u0259sidir: &#8220;Sertifikasiya imtahanlar\u0131ndan f\u0259rqli olaraq burada h\u0259r hans\u0131 i\u015f\u00e7inin \u0259m\u0259k m\u00fcqavil\u0259sin\u0259 xitam verilm\u0259si m\u0259s\u0259l\u0259si&hellip;","_links":{"self":[{"href":"https:\/\/arantv.az\/index.php?rest_route=\/wp\/v2\/posts\/733604"}],"collection":[{"href":"https:\/\/arantv.az\/index.php?rest_route=\/wp\/v2\/posts"}],"about":[{"href":"https:\/\/arantv.az\/index.php?rest_route=\/wp\/v2\/types\/post"}],"author":[{"embeddable":true,"href":"https:\/\/arantv.az\/index.php?rest_route=\/wp\/v2\/users\/2"}],"replies":[{"embeddable":true,"href":"https:\/\/arantv.az\/index.php?rest_route=%2Fwp%2Fv2%2Fcomments&post=733604"}],"version-history":[{"count":0,"href":"https:\/\/arantv.az\/index.php?rest_route=\/wp\/v2\/posts\/733604\/revisions"}],"wp:featuredmedia":[{"embeddable":true,"href":"https:\/\/arantv.az\/index.php?rest_route=\/wp\/v2\/media\/733605"}],"wp:attachment":[{"href":"https:\/\/arantv.az\/index.php?rest_route=%2Fwp%2Fv2%2Fmedia&parent=733604"}],"wp:term":[{"taxonomy":"category","embeddable":true,"href":"https:\/\/arantv.az\/index.php?rest_route=%2Fwp%2Fv2%2Fcategories&post=733604"},{"taxonomy":"post_tag","embeddable":true,"href":"https:\/\/arantv.az\/index.php?rest_route=%2Fwp%2Fv2%2Ftags&post=733604"}],"curies":[{"name":"wp","href":"https:\/\/api.w.org\/{rel}","templated":true}]}}