{"id":733832,"date":"2024-07-02T10:28:30","date_gmt":"2024-07-02T06:28:30","guid":{"rendered":"https:\/\/arantv.az\/?p=733832"},"modified":"2024-07-02T10:28:30","modified_gmt":"2024-07-02T06:28:30","slug":"f%c9%99xr%c9%99ddin-qoca-isd%c9%99n-cixarildi","status":"publish","type":"post","link":"https:\/\/arantv.az\/?p=733832","title":{"rendered":"F\u0259xr\u0259ddin Qoca i\u015fd\u0259n \u00e7\u0131xar\u0131ld\u0131"},"content":{"rendered":"<p>T\u00fcrkiy\u0259 Prezidenti R\u0259c\u0259b Tayyib \u018frdo\u011fan iki naziri d\u0259yi\u015fib.<\/p>\n<p>&#8220;Qafqazinfo&#8221;\u00a0<a title=\"xeberler son xeberler 2024\" href=\"https:\/\/big.az\/\" target=\"_blank\" rel=\"noopener\">x\u0259b\u0259r<\/a>\u00a0verir ki, T\u00fcrkiy\u0259 liderinin m\u00fcvafiq S\u0259r\u0259ncam\u0131 &#8220;R\u0259smi Q\u0259zet&#8221;d\u0259 d\u0259rc olunub.<\/p>\n<p>S\u0259n\u0259d\u0259 \u0259sas\u0259n, \u00f6lk\u0259nin s\u0259hiyy\u0259 naziri postunda F\u0259xr\u0259ddin Qoca Kamal Memi\u015fo\u011flu il\u0259 \u0259v\u0259zl\u0259nib.<\/p>\n<p>\u018ftraf m\u00fchit v\u0259 \u015f\u0259h\u0259rsalma naziri Mehmet \u00d6zhasekinin yerin\u0259 is\u0259, 2018-2023-c\u00fc ill\u0259rd\u0259 bu v\u0259zif\u0259ni da\u015f\u0131yan Murat Kurum t\u0259yin edilib.<\/p>\n<p>Qeyd ed\u0259k ki, bir m\u00fcdd\u0259t \u0259vv\u0259l T\u00fcrkiy\u0259nin s\u0259hiyy\u0259 naziri F\u0259xr\u0259ddin Qocan\u0131n istefa verm\u0259si il\u0259 ba\u011fl\u0131 m\u0259lumat yay\u0131lsa da, sonradan bu x\u0259b\u0259r \u00f6z t\u0259sdiqini tapmam\u0131\u015fd\u0131.<\/p>\n","protected":false},"excerpt":{"rendered":"<p>T\u00fcrkiy\u0259 Prezidenti R\u0259c\u0259b Tayyib \u018frdo\u011fan iki naziri d\u0259yi\u015fib. &#8220;Qafqazinfo&#8221;\u00a0x\u0259b\u0259r\u00a0verir ki, T\u00fcrkiy\u0259 liderinin m\u00fcvafiq S\u0259r\u0259ncam\u0131 &#8220;R\u0259smi Q\u0259zet&#8221;d\u0259 d\u0259rc olunub. S\u0259n\u0259d\u0259 \u0259sas\u0259n, \u00f6lk\u0259nin s\u0259hiyy\u0259 naziri postunda F\u0259xr\u0259ddin Qoca Kamal Memi\u015fo\u011flu il\u0259 \u0259v\u0259zl\u0259nib. \u018ftraf m\u00fchit v\u0259 \u015f\u0259h\u0259rsalma naziri Mehmet \u00d6zhasekinin yerin\u0259 is\u0259, 2018-2023-c\u00fc ill\u0259rd\u0259 bu v\u0259zif\u0259ni da\u015f\u0131yan Murat Kurum t\u0259yin edilib. Qeyd ed\u0259k ki, bir m\u00fcdd\u0259t \u0259vv\u0259l T\u00fcrkiy\u0259nin s\u0259hiyy\u0259 naziri F\u0259xr\u0259ddin Qocan\u0131n istefa verm\u0259si il\u0259 ba\u011fl\u0131 m\u0259lumat yay\u0131lsa da, sonradan bu x\u0259b\u0259r \u00f6z t\u0259sdiqini tapmam\u0131\u015fd\u0131.<\/p>\n","protected":false},"author":2,"featured_media":733833,"comment_status":"closed","ping_status":"closed","sticky":false,"template":"","format":"standard","meta":{"om_disable_all_campaigns":false,"_monsterinsights_skip_tracking":false,"_monsterinsights_sitenote_active":false,"_monsterinsights_sitenote_note":"","_monsterinsights_sitenote_category":0},"categories":[1],"tags":[],"aioseo_notices":[],"gutentor_comment":0,"rttpg_featured_image_url":{"full":["https:\/\/arantv.az\/wp-content\/uploads\/2024\/07\/fe_41719900755.jpg",637,400,false],"landscape":["https:\/\/arantv.az\/wp-content\/uploads\/2024\/07\/fe_41719900755.jpg",637,400,false],"portraits":["https:\/\/arantv.az\/wp-content\/uploads\/2024\/07\/fe_41719900755.jpg",637,400,false],"thumbnail":["https:\/\/arantv.az\/wp-content\/uploads\/2024\/07\/fe_41719900755-500x280.jpg",500,280,true],"medium":["https:\/\/arantv.az\/wp-content\/uploads\/2024\/07\/fe_41719900755-581x365.jpg",581,365,true],"large":["https:\/\/arantv.az\/wp-content\/uploads\/2024\/07\/fe_41719900755.jpg",637,400,false],"1536x1536":["https:\/\/arantv.az\/wp-content\/uploads\/2024\/07\/fe_41719900755.jpg",637,400,false],"2048x2048":["https:\/\/arantv.az\/wp-content\/uploads\/2024\/07\/fe_41719900755.jpg",637,400,false],"post-thumbnail":["https:\/\/arantv.az\/wp-content\/uploads\/2024\/07\/fe_41719900755-240x172.jpg",240,172,true],"advps-thumb-one":["https:\/\/arantv.az\/wp-content\/uploads\/2024\/07\/fe_41719900755.jpg",637,400,false]},"rttpg_author":{"display_name":"V\u00fcsal Rafiqo\u011flu","author_link":"https:\/\/arantv.az\/?author=2"},"rttpg_comment":0,"rttpg_category":"<a href=\"https:\/\/arantv.az\/?cat=1\" rel=\"category\">C\u0259miyy\u0259t<\/a>","rttpg_excerpt":"T\u00fcrkiy\u0259 Prezidenti R\u0259c\u0259b Tayyib \u018frdo\u011fan iki naziri d\u0259yi\u015fib. &#8220;Qafqazinfo&#8221;\u00a0x\u0259b\u0259r\u00a0verir ki, T\u00fcrkiy\u0259 liderinin m\u00fcvafiq S\u0259r\u0259ncam\u0131 &#8220;R\u0259smi Q\u0259zet&#8221;d\u0259 d\u0259rc olunub. S\u0259n\u0259d\u0259 \u0259sas\u0259n, \u00f6lk\u0259nin s\u0259hiyy\u0259 naziri postunda F\u0259xr\u0259ddin Qoca Kamal Memi\u015fo\u011flu il\u0259 \u0259v\u0259zl\u0259nib. \u018ftraf m\u00fchit v\u0259 \u015f\u0259h\u0259rsalma naziri Mehmet \u00d6zhasekinin yerin\u0259 is\u0259, 2018-2023-c\u00fc ill\u0259rd\u0259 bu v\u0259zif\u0259ni da\u015f\u0131yan Murat Kurum t\u0259yin edilib. Qeyd ed\u0259k ki, bir m\u00fcdd\u0259t \u0259vv\u0259l T\u00fcrkiy\u0259nin&hellip;","_links":{"self":[{"href":"https:\/\/arantv.az\/index.php?rest_route=\/wp\/v2\/posts\/733832"}],"collection":[{"href":"https:\/\/arantv.az\/index.php?rest_route=\/wp\/v2\/posts"}],"about":[{"href":"https:\/\/arantv.az\/index.php?rest_route=\/wp\/v2\/types\/post"}],"author":[{"embeddable":true,"href":"https:\/\/arantv.az\/index.php?rest_route=\/wp\/v2\/users\/2"}],"replies":[{"embeddable":true,"href":"https:\/\/arantv.az\/index.php?rest_route=%2Fwp%2Fv2%2Fcomments&post=733832"}],"version-history":[{"count":0,"href":"https:\/\/arantv.az\/index.php?rest_route=\/wp\/v2\/posts\/733832\/revisions"}],"wp:featuredmedia":[{"embeddable":true,"href":"https:\/\/arantv.az\/index.php?rest_route=\/wp\/v2\/media\/733833"}],"wp:attachment":[{"href":"https:\/\/arantv.az\/index.php?rest_route=%2Fwp%2Fv2%2Fmedia&parent=733832"}],"wp:term":[{"taxonomy":"category","embeddable":true,"href":"https:\/\/arantv.az\/index.php?rest_route=%2Fwp%2Fv2%2Fcategories&post=733832"},{"taxonomy":"post_tag","embeddable":true,"href":"https:\/\/arantv.az\/index.php?rest_route=%2Fwp%2Fv2%2Ftags&post=733832"}],"curies":[{"name":"wp","href":"https:\/\/api.w.org\/{rel}","templated":true}]}}