{"id":733850,"date":"2024-07-02T11:02:06","date_gmt":"2024-07-02T07:02:06","guid":{"rendered":"https:\/\/arantv.az\/?p=733850"},"modified":"2024-07-02T11:02:06","modified_gmt":"2024-07-02T07:02:06","slug":"xususi-s%c9%99rtl%c9%99rl%c9%99-%c9%99m%c9%99k-pensiyasi-alanlarin-sayi-aciqlanib","status":"publish","type":"post","link":"https:\/\/arantv.az\/?p=733850","title":{"rendered":"X\u00fcsusi \u015f\u0259rtl\u0259rl\u0259 \u0259m\u0259k pensiyas\u0131 alanlar\u0131n say\u0131 a\u00e7\u0131qlan\u0131b"},"content":{"rendered":"<section>\n<div class=\"content lead font-weight-normal\">\n<p>2024-c\u00fc ilin yanvar-iyun aylar\u0131 \u0259rzind\u0259 x\u00fcsusi \u015f\u0259rtl\u0259rl\u0259 \u0259m\u0259k pensiyas\u0131 alanlar\u0131n say\u0131 144,714 n\u0259f\u0259r olub.<\/p>\n<p>D\u00f6vl\u0259t Sosial M\u00fcdafi\u0259 Fondundan &#8220;\u0130ki sahil&#8221;\u0259\u00a0veril\u0259n x\u0259b\u0259r\u0259 g\u00f6r\u0259, onlar\u0131n 109,187 n\u0259f\u0259ri ya\u015fa, 14,600 n\u0259f\u0259ri \u0259lilliy\u0259, 20,927 n\u0259f\u0259ri is\u0259 ail\u0259 ba\u015f\u00e7\u0131s\u0131n\u0131 itirm\u0259y\u0259 g\u00f6r\u0259 pensiya al\u0131r.<\/p>\n<div class=\"clearfix\"><\/div>\n<\/div>\n<div class=\"sharing my-2 row no-gutters d-print-none\"><\/div>\n<div class=\"d-none d-sm-block\"><\/div>\n<\/section>\n<section id=\"new_block_2\" class=\"mt-3 d-print-none\">\n<div class=\"row\">\n<div class=\"col-md-12\"><\/div>\n<\/div>\n<\/section>\n","protected":false},"excerpt":{"rendered":"<p>2024-c\u00fc ilin yanvar-iyun aylar\u0131 \u0259rzind\u0259 x\u00fcsusi \u015f\u0259rtl\u0259rl\u0259 \u0259m\u0259k pensiyas\u0131 alanlar\u0131n say\u0131 144,714 n\u0259f\u0259r olub. D\u00f6vl\u0259t Sosial M\u00fcdafi\u0259 Fondundan &#8220;\u0130ki sahil&#8221;\u0259\u00a0veril\u0259n x\u0259b\u0259r\u0259 g\u00f6r\u0259, onlar\u0131n 109,187 n\u0259f\u0259ri ya\u015fa, 14,600 n\u0259f\u0259ri \u0259lilliy\u0259, 20,927 n\u0259f\u0259ri is\u0259 ail\u0259 ba\u015f\u00e7\u0131s\u0131n\u0131 itirm\u0259y\u0259 g\u00f6r\u0259 pensiya al\u0131r.<\/p>\n","protected":false},"author":2,"featured_media":733852,"comment_status":"closed","ping_status":"closed","sticky":false,"template":"","format":"standard","meta":{"om_disable_all_campaigns":false,"_monsterinsights_skip_tracking":false,"_monsterinsights_sitenote_active":false,"_monsterinsights_sitenote_note":"","_monsterinsights_sitenote_category":0},"categories":[26],"tags":[],"aioseo_notices":[],"gutentor_comment":0,"rttpg_featured_image_url":{"full":["https:\/\/arantv.az\/wp-content\/uploads\/2024\/07\/97ffcbd9171990229827369355810839311-1.jpg",975,540,false],"landscape":["https:\/\/arantv.az\/wp-content\/uploads\/2024\/07\/97ffcbd9171990229827369355810839311-1.jpg",975,540,false],"portraits":["https:\/\/arantv.az\/wp-content\/uploads\/2024\/07\/97ffcbd9171990229827369355810839311-1.jpg",975,540,false],"thumbnail":["https:\/\/arantv.az\/wp-content\/uploads\/2024\/07\/97ffcbd9171990229827369355810839311-1-500x280.jpg",500,280,true],"medium":["https:\/\/arantv.az\/wp-content\/uploads\/2024\/07\/97ffcbd9171990229827369355810839311-1-660x365.jpg",660,365,true],"large":["https:\/\/arantv.az\/wp-content\/uploads\/2024\/07\/97ffcbd9171990229827369355810839311-1-840x465.jpg",640,354,true],"1536x1536":["https:\/\/arantv.az\/wp-content\/uploads\/2024\/07\/97ffcbd9171990229827369355810839311-1.jpg",975,540,false],"2048x2048":["https:\/\/arantv.az\/wp-content\/uploads\/2024\/07\/97ffcbd9171990229827369355810839311-1.jpg",975,540,false],"post-thumbnail":["https:\/\/arantv.az\/wp-content\/uploads\/2024\/07\/97ffcbd9171990229827369355810839311-1-240x172.jpg",240,172,true],"advps-thumb-one":["https:\/\/arantv.az\/wp-content\/uploads\/2024\/07\/97ffcbd9171990229827369355810839311-1.jpg",975,540,false]},"rttpg_author":{"display_name":"V\u00fcsal Rafiqo\u011flu","author_link":"https:\/\/arantv.az\/?author=2"},"rttpg_comment":0,"rttpg_category":"<a href=\"https:\/\/arantv.az\/?cat=26\" rel=\"category\">Sosial<\/a>","rttpg_excerpt":"2024-c\u00fc ilin yanvar-iyun aylar\u0131 \u0259rzind\u0259 x\u00fcsusi \u015f\u0259rtl\u0259rl\u0259 \u0259m\u0259k pensiyas\u0131 alanlar\u0131n say\u0131 144,714 n\u0259f\u0259r olub. D\u00f6vl\u0259t Sosial M\u00fcdafi\u0259 Fondundan &#8220;\u0130ki sahil&#8221;\u0259\u00a0veril\u0259n x\u0259b\u0259r\u0259 g\u00f6r\u0259, onlar\u0131n 109,187 n\u0259f\u0259ri ya\u015fa, 14,600 n\u0259f\u0259ri \u0259lilliy\u0259, 20,927 n\u0259f\u0259ri is\u0259 ail\u0259 ba\u015f\u00e7\u0131s\u0131n\u0131 itirm\u0259y\u0259 g\u00f6r\u0259 pensiya al\u0131r.","_links":{"self":[{"href":"https:\/\/arantv.az\/index.php?rest_route=\/wp\/v2\/posts\/733850"}],"collection":[{"href":"https:\/\/arantv.az\/index.php?rest_route=\/wp\/v2\/posts"}],"about":[{"href":"https:\/\/arantv.az\/index.php?rest_route=\/wp\/v2\/types\/post"}],"author":[{"embeddable":true,"href":"https:\/\/arantv.az\/index.php?rest_route=\/wp\/v2\/users\/2"}],"replies":[{"embeddable":true,"href":"https:\/\/arantv.az\/index.php?rest_route=%2Fwp%2Fv2%2Fcomments&post=733850"}],"version-history":[{"count":0,"href":"https:\/\/arantv.az\/index.php?rest_route=\/wp\/v2\/posts\/733850\/revisions"}],"wp:featuredmedia":[{"embeddable":true,"href":"https:\/\/arantv.az\/index.php?rest_route=\/wp\/v2\/media\/733852"}],"wp:attachment":[{"href":"https:\/\/arantv.az\/index.php?rest_route=%2Fwp%2Fv2%2Fmedia&parent=733850"}],"wp:term":[{"taxonomy":"category","embeddable":true,"href":"https:\/\/arantv.az\/index.php?rest_route=%2Fwp%2Fv2%2Fcategories&post=733850"},{"taxonomy":"post_tag","embeddable":true,"href":"https:\/\/arantv.az\/index.php?rest_route=%2Fwp%2Fv2%2Ftags&post=733850"}],"curies":[{"name":"wp","href":"https:\/\/api.w.org\/{rel}","templated":true}]}}