{"id":733912,"date":"2024-07-02T12:26:44","date_gmt":"2024-07-02T08:26:44","guid":{"rendered":"https:\/\/arantv.az\/?p=733912"},"modified":"2024-07-02T12:26:44","modified_gmt":"2024-07-02T08:26:44","slug":"az%c9%99rbaycana-veril%c9%99n-d%c9%99y%c9%99r-erm%c9%99nil%c9%99ri-d%c9%99li-etdi-bunu-da-qisqandilar","status":"publish","type":"post","link":"https:\/\/arantv.az\/?p=733912","title":{"rendered":"Az\u0259rbaycana veril\u0259n d\u0259y\u0259r erm\u0259nil\u0259ri d\u0259li etdi: Bunu da q\u0131sqand\u0131lar"},"content":{"rendered":"<p><strong>Ukraynada erm\u0259ni v\u0259 g\u00fcrc\u00fc \u015f\u0259rablar\u0131na qada\u011fa qoyuldu\u011fu halda, bu, Az\u0259rbaycan \u015f\u0259rablar\u0131na \u015famil edilm\u0259yib. Bu is\u0259 erm\u0259nil\u0259ri \u00f6z\u00fcnd\u0259n \u00e7\u0131xar\u0131b. H\u0259r d\u0259f\u0259 oldu\u011fu kimi erm\u0259nil\u0259r bu d\u0259f\u0259 d\u0259 \u015f\u00fcv\u0259n sal\u0131blar.<\/strong><\/p>\n<p><b>ARANTV.AZ <\/b>x\u0259b\u0259r verir ki, &#8220;Sputnik Erm\u0259nistan&#8221;a m\u00fcsahib\u0259 ver\u0259n Erm\u0259nistan\u0131n Milli \u015e\u0259rab M\u0259rk\u0259zi t\u0259\u015fkilat\u0131n\u0131n s\u0259dri Avaq Arutyunyan qada\u011fa q\u0259rar\u0131na cavab olaraq bildirib ki, bu \u00f6lk\u0259d\u0259 bir s\u0131ra \u015f\u0259rab zavodlar\u0131n\u0131 birl\u0259\u015fdir\u0259n \u201cUkrvinprom\u201d assosiasiyas\u0131 Ukrayna T\u0259hl\u00fck\u0259sizlik Xidm\u0259tin\u0259 (SBU) m\u00fcraci\u0259t ed\u0259r\u0259k 17 g\u00fcrc\u00fc v\u0259 erm\u0259ni \u015f\u0259rab v\u0259 konyak istehsal\u00e7\u0131s\u0131na embarqo t\u0259tbiq etm\u0259k \u00fc\u00e7\u00fcn m\u00fcraci\u0259t edib.<\/p>\n<p>Bu \u015firk\u0259tl\u0259r\u0259 10 il m\u00fcdd\u0259tin\u0259 Ukraynada sat\u0131\u015f\u0131 qada\u011fan etm\u0259k, h\u0259m\u00e7inin aktivl\u0259ri v\u0259 ticar\u0259t ni\u015fanlar\u0131na h\u00fcquqlar\u0131n\u0131 dondurmaq t\u0259klif edilir.<\/p>\n<p>O, erm\u0259ni \u015f\u0259rab\u00e7\u0131lar\u0131n\u0131n maraqlar\u0131n\u0131 qoruyan s\u0259naye assosiasiyas\u0131n\u0131n r\u0259hb\u0259ri kimi tezlikl\u0259 m\u00fczakir\u0259l\u0259r \u00fc\u00e7\u00fcn \u201cUkrvinprom\u201dla \u0259laq\u0259 saxlayacaq.<\/p>\n<p>&#8220;\u00dcmumiyy\u0259tl\u0259, ist\u0259r m\u00fcnaqi\u015f\u0259 ba\u015flayana q\u0259d\u0259r, ist\u0259rs\u0259 d\u0259 indi Ukraynada g\u00fcrc\u00fc v\u0259 Az\u0259rbaycan \u015f\u0259rab\u0131 erm\u0259ni \u015f\u0259rab\u0131ndan qat-qat geni\u015f t\u0259msil olunurdu. Bundan \u0259lav\u0259, g\u00fcrc\u00fc, az\u0259rbaycan v\u0259 t\u00fcrk i\u015f adamlar\u0131 Ukraynada bir s\u0131ra \u015f\u0259rab zavodlar\u0131 al\u0131blar&#8221;, &#8211; dey\u0259 Arutyunyan qeyd edib.<\/p>\n<p>Erm\u0259nistana g\u0259linc\u0259, 2022-ci il\u0259 q\u0259d\u0259r Ukraynan\u0131n erm\u0259ni \u015f\u0259rab\u0131n\u0131n v\u0259 konyak\u0131n\u0131n \u00fcmumi ixrac\u0131nda pay\u0131 10%-d\u0259n \u00e7ox deyildi. M\u00fcnaqi\u015f\u0259 ba\u015flayandan sonra bu bazar praktiki olaraq itirildi, lakin sonra orada sat\u0131\u015flar b\u0259rpa olunma\u011fa ba\u015flad\u0131. Bundan \u0259lav\u0259, ekspert qeyd edib ki, son aylarda Erm\u0259nistan s\u0131\u011forta \u015firk\u0259tl\u0259ri xarici s\u0131\u011forta\u00e7\u0131larla birlikd\u0259 Ukraynaya mal t\u0259dar\u00fck\u00fcn\u00fcn s\u0131\u011fortalanmas\u0131 \u00fc\u00e7\u00fcn t\u0259klifl\u0259r haz\u0131rlay\u0131blar.<\/p>\n<p>&#8220;Bir m\u00fcdd\u0259t beyn\u0259lxalq \u015firk\u0259tl\u0259r bu c\u00fcr y\u00fckl\u0259ri s\u0131\u011fortalamaqdan imtina etdil\u0259r. Ancaq m\u00fczakil\u0259r \u00e7ox \u00e7\u0259km\u0259di v\u0259 indi bildiyim\u0259 g\u00f6r\u0259, m\u0259s\u0259l\u0259 dem\u0259k olar ki, h\u0259ll olunub, bu da biznes\u0259 k\u00f6m\u0259k etm\u0259lidir. Dem\u0259li, bu g\u00fcn e\u015fitdiyimiz x\u0259b\u0259rl\u0259r o q\u0259d\u0259r d\u0259 \u00e7ox yax\u015f\u0131 deyildi\u201d, \u2013 Arutyunyan bildirib.<\/p>\n<p>\u018flav\u0259 ed\u0259k ki, \u201cUkrvinprom\u201dun Erm\u0259nistandan SBU-ya t\u0259qdim etdiyi siyah\u0131ya dem\u0259k olar ki, b\u00fct\u00fcn \u0259sas konyak istehsal\u00e7\u0131lar\u0131 daxildir: &#8220;\u0130r\u0259van brendi&#8221; zavodu, &#8220;Pro\u015fyan brendi&#8221; fabriki, MAP, &#8220;Astafyan Holdinq&#8221;, &#8220;Ararat brendi&#8221; zavodu.<\/p>\n<p>Siyah\u0131ya &#8220;Av\u015far&#8221; \u015e\u0259rab Zavodu (\u015f\u0259rab v\u0259 araq istehsal ed\u0259n) v\u0259 &#8220;Vedi Alko&#8221; da daxildir. G\u00fcrc\u00fcstandan siyah\u0131ya \u0259n b\u00f6y\u00fck yerli konyak istehsal\u00e7\u0131s\u0131 (&#8220;Saraji\u015fvili&#8221;), h\u0259m\u00e7inin bir ne\u00e7\u0259 \u015f\u0259rab zavodu (&#8220;Askaneli Brothers&#8221;, &#8220;House of Georgian Wine&#8221; v\u0259 bir s\u0131ra ba\u015fqalar\u0131) daxil idi.<\/p>\n<p>Qeyd ed\u0259k ki, Erm\u0259nistan\u0131n g\u00f6mr\u00fck statistikas\u0131na \u0259sas\u0259n, 2023-c\u00fc ilin birinci yar\u0131s\u0131nda Erm\u0259nistandan Ukraynaya konyak ixrac\u0131 5,36 dollardan 3,11 milyon dollara, meyv\u0259 \u015f\u0259rablar\u0131n\u0131n ixrac\u0131 is\u0259 azal\u0131b. 290 min dollardan 43 min dollara, \u00fcz\u00fcm \u015f\u0259rablar\u0131 is\u0259 dem\u0259k olar ki, s\u0131f\u0131ra (281 min dollardan 7,2 min dollara) d\u00fc\u015f\u00fcb.<\/p>\n","protected":false},"excerpt":{"rendered":"<p>Ukraynada erm\u0259ni v\u0259 g\u00fcrc\u00fc \u015f\u0259rablar\u0131na qada\u011fa qoyuldu\u011fu halda, bu, Az\u0259rbaycan \u015f\u0259rablar\u0131na \u015famil edilm\u0259yib. Bu is\u0259 erm\u0259nil\u0259ri \u00f6z\u00fcnd\u0259n \u00e7\u0131xar\u0131b. H\u0259r d\u0259f\u0259 oldu\u011fu kimi erm\u0259nil\u0259r bu d\u0259f\u0259 d\u0259 \u015f\u00fcv\u0259n sal\u0131blar. ARANTV.AZ x\u0259b\u0259r verir ki, &#8220;Sputnik Erm\u0259nistan&#8221;a m\u00fcsahib\u0259 ver\u0259n Erm\u0259nistan\u0131n Milli \u015e\u0259rab M\u0259rk\u0259zi t\u0259\u015fkilat\u0131n\u0131n s\u0259dri Avaq Arutyunyan qada\u011fa q\u0259rar\u0131na cavab olaraq bildirib ki, bu \u00f6lk\u0259d\u0259 bir s\u0131ra \u015f\u0259rab zavodlar\u0131n\u0131 birl\u0259\u015fdir\u0259n \u201cUkrvinprom\u201d assosiasiyas\u0131 Ukrayna T\u0259hl\u00fck\u0259sizlik Xidm\u0259tin\u0259 (SBU) m\u00fcraci\u0259t ed\u0259r\u0259k 17 g\u00fcrc\u00fc v\u0259 erm\u0259ni \u015f\u0259rab v\u0259 konyak istehsal\u00e7\u0131s\u0131na embarqo t\u0259tbiq etm\u0259k \u00fc\u00e7\u00fcn m\u00fcraci\u0259t edib. Bu \u015firk\u0259tl\u0259r\u0259 10 il m\u00fcdd\u0259tin\u0259 Ukraynada sat\u0131\u015f\u0131 qada\u011fan etm\u0259k, h\u0259m\u00e7inin aktivl\u0259ri&hellip;<\/p>\n","protected":false},"author":2,"featured_media":733913,"comment_status":"closed","ping_status":"closed","sticky":false,"template":"","format":"standard","meta":{"om_disable_all_campaigns":false,"_monsterinsights_skip_tracking":false,"_monsterinsights_sitenote_active":false,"_monsterinsights_sitenote_note":"","_monsterinsights_sitenote_category":0},"categories":[19],"tags":[],"aioseo_notices":[],"gutentor_comment":0,"rttpg_featured_image_url":{"full":["https:\/\/arantv.az\/wp-content\/uploads\/2024\/07\/rab-1.jpg",1000,615,false],"landscape":["https:\/\/arantv.az\/wp-content\/uploads\/2024\/07\/rab-1.jpg",1000,615,false],"portraits":["https:\/\/arantv.az\/wp-content\/uploads\/2024\/07\/rab-1.jpg",1000,615,false],"thumbnail":["https:\/\/arantv.az\/wp-content\/uploads\/2024\/07\/rab-1-500x280.jpg",500,280,true],"medium":["https:\/\/arantv.az\/wp-content\/uploads\/2024\/07\/rab-1-593x365.jpg",593,365,true],"large":["https:\/\/arantv.az\/wp-content\/uploads\/2024\/07\/rab-1-840x517.jpg",640,394,true],"1536x1536":["https:\/\/arantv.az\/wp-content\/uploads\/2024\/07\/rab-1.jpg",1000,615,false],"2048x2048":["https:\/\/arantv.az\/wp-content\/uploads\/2024\/07\/rab-1.jpg",1000,615,false],"post-thumbnail":["https:\/\/arantv.az\/wp-content\/uploads\/2024\/07\/rab-1-240x172.jpg",240,172,true],"advps-thumb-one":["https:\/\/arantv.az\/wp-content\/uploads\/2024\/07\/rab-1.jpg",1000,615,false]},"rttpg_author":{"display_name":"V\u00fcsal Rafiqo\u011flu","author_link":"https:\/\/arantv.az\/?author=2"},"rttpg_comment":0,"rttpg_category":"<a href=\"https:\/\/arantv.az\/?cat=19\" rel=\"category\">G\u00fcnd\u0259m<\/a>","rttpg_excerpt":"Ukraynada erm\u0259ni v\u0259 g\u00fcrc\u00fc \u015f\u0259rablar\u0131na qada\u011fa qoyuldu\u011fu halda, bu, Az\u0259rbaycan \u015f\u0259rablar\u0131na \u015famil edilm\u0259yib. Bu is\u0259 erm\u0259nil\u0259ri \u00f6z\u00fcnd\u0259n \u00e7\u0131xar\u0131b. H\u0259r d\u0259f\u0259 oldu\u011fu kimi erm\u0259nil\u0259r bu d\u0259f\u0259 d\u0259 \u015f\u00fcv\u0259n sal\u0131blar. ARANTV.AZ x\u0259b\u0259r verir ki, &#8220;Sputnik Erm\u0259nistan&#8221;a m\u00fcsahib\u0259 ver\u0259n Erm\u0259nistan\u0131n Milli \u015e\u0259rab M\u0259rk\u0259zi t\u0259\u015fkilat\u0131n\u0131n s\u0259dri Avaq Arutyunyan qada\u011fa q\u0259rar\u0131na cavab olaraq bildirib ki, bu \u00f6lk\u0259d\u0259 bir s\u0131ra \u015f\u0259rab&hellip;","_links":{"self":[{"href":"https:\/\/arantv.az\/index.php?rest_route=\/wp\/v2\/posts\/733912"}],"collection":[{"href":"https:\/\/arantv.az\/index.php?rest_route=\/wp\/v2\/posts"}],"about":[{"href":"https:\/\/arantv.az\/index.php?rest_route=\/wp\/v2\/types\/post"}],"author":[{"embeddable":true,"href":"https:\/\/arantv.az\/index.php?rest_route=\/wp\/v2\/users\/2"}],"replies":[{"embeddable":true,"href":"https:\/\/arantv.az\/index.php?rest_route=%2Fwp%2Fv2%2Fcomments&post=733912"}],"version-history":[{"count":0,"href":"https:\/\/arantv.az\/index.php?rest_route=\/wp\/v2\/posts\/733912\/revisions"}],"wp:featuredmedia":[{"embeddable":true,"href":"https:\/\/arantv.az\/index.php?rest_route=\/wp\/v2\/media\/733913"}],"wp:attachment":[{"href":"https:\/\/arantv.az\/index.php?rest_route=%2Fwp%2Fv2%2Fmedia&parent=733912"}],"wp:term":[{"taxonomy":"category","embeddable":true,"href":"https:\/\/arantv.az\/index.php?rest_route=%2Fwp%2Fv2%2Fcategories&post=733912"},{"taxonomy":"post_tag","embeddable":true,"href":"https:\/\/arantv.az\/index.php?rest_route=%2Fwp%2Fv2%2Ftags&post=733912"}],"curies":[{"name":"wp","href":"https:\/\/api.w.org\/{rel}","templated":true}]}}