{"id":733977,"date":"2024-07-02T14:59:34","date_gmt":"2024-07-02T10:59:34","guid":{"rendered":"https:\/\/arantv.az\/?p=733977"},"modified":"2024-07-02T14:59:34","modified_gmt":"2024-07-02T10:59:34","slug":"pakistan-s%c9%99firinin-az%c9%99rbaycandaki-diplomatik-missiyasi-basa-catdifoto","status":"publish","type":"post","link":"https:\/\/arantv.az\/?p=733977","title":{"rendered":"Pakistan s\u0259firinin Az\u0259rbaycandak\u0131 diplomatik missiyas\u0131 ba\u015fa \u00e7atd\u0131FOTO"},"content":{"rendered":"<div class=\"text-content\" data-id=\"\" data-url=\"\">\n<p><strong>Pakistan s\u0259firi Bilal Hayeenin Az\u0259rbaycandak\u0131 diplomatik missiyas\u0131 ba\u015fa \u00e7at\u0131b.<\/strong><\/p>\n<p>Bu bar\u0259d\u0259 Pakistan\u0131n Az\u0259rbaycandak\u0131 s\u0259firliyinin &#8220;X&#8221; hesab\u0131nda payla\u015f\u0131m edilib.<\/p>\n<p>Bildirilib ki, Bilal Hayee bu g\u00fcn Az\u0259rbaycan\u0131n xarici i\u015fl\u0259r naziri Ceyhun Bayramovla vidala\u015f\u0131b:<\/p>\n<p>&#8220;S\u0259fir h\u00f6rm\u0259tli nazir\u0259 i\u015fl\u0259diyi m\u00fcdd\u0259td\u0259 Az\u0259rbaycandak\u0131 diplomatik missiyas\u0131na g\u00f6st\u0259rdiyi d\u0259st\u0259yin\u0259 v\u0259 \u0259m\u0259kda\u015fl\u0131\u011fa g\u00f6r\u0259 t\u0259\u015f\u0259kk\u00fcr edib. Ya\u015fas\u0131n Pakistan-Az\u0259rbaycan dostlu\u011fu&#8221;. (Report)<\/p>\n<div class=\"twitter-tweet twitter-tweet-rendered\"><iframe loading=\"lazy\" id=\"twitter-widget-0\" class=\"\" title=\"X Post\" src=\"https:\/\/platform.twitter.com\/embed\/Tweet.html?dnt=false&amp;embedId=twitter-widget-0&amp;features=eyJ0ZndfdGltZWxpbmVfbGlzdCI6eyJidWNrZXQiOltdLCJ2ZXJzaW9uIjpudWxsfSwidGZ3X2ZvbGxvd2VyX2NvdW50X3N1bnNldCI6eyJidWNrZXQiOnRydWUsInZlcnNpb24iOm51bGx9LCJ0ZndfdHdlZXRfZWRpdF9iYWNrZW5kIjp7ImJ1Y2tldCI6Im9uIiwidmVyc2lvbiI6bnVsbH0sInRmd19yZWZzcmNfc2Vzc2lvbiI6eyJidWNrZXQiOiJvbiIsInZlcnNpb24iOm51bGx9LCJ0ZndfZm9zbnJfc29mdF9pbnRlcnZlbnRpb25zX2VuYWJsZWQiOnsiYnVja2V0Ijoib24iLCJ2ZXJzaW9uIjpudWxsfSwidGZ3X21peGVkX21lZGlhXzE1ODk3Ijp7ImJ1Y2tldCI6InRyZWF0bWVudCIsInZlcnNpb24iOm51bGx9LCJ0ZndfZXhwZXJpbWVudHNfY29va2llX2V4cGlyYXRpb24iOnsiYnVja2V0IjoxMjA5NjAwLCJ2ZXJzaW9uIjpudWxsfSwidGZ3X3Nob3dfYmlyZHdhdGNoX3Bpdm90c19lbmFibGVkIjp7ImJ1Y2tldCI6Im9uIiwidmVyc2lvbiI6bnVsbH0sInRmd19kdXBsaWNhdGVfc2NyaWJlc190b19zZXR0aW5ncyI6eyJidWNrZXQiOiJvbiIsInZlcnNpb24iOm51bGx9LCJ0ZndfdXNlX3Byb2ZpbGVfaW1hZ2Vfc2hhcGVfZW5hYmxlZCI6eyJidWNrZXQiOiJvbiIsInZlcnNpb24iOm51bGx9LCJ0ZndfdmlkZW9faGxzX2R5bmFtaWNfbWFuaWZlc3RzXzE1MDgyIjp7ImJ1Y2tldCI6InRydWVfYml0cmF0ZSIsInZlcnNpb24iOm51bGx9LCJ0ZndfbGVnYWN5X3RpbWVsaW5lX3N1bnNldCI6eyJidWNrZXQiOnRydWUsInZlcnNpb24iOm51bGx9LCJ0ZndfdHdlZXRfZWRpdF9mcm9udGVuZCI6eyJidWNrZXQiOiJvbiIsInZlcnNpb24iOm51bGx9fQ%3D%3D&amp;frame=false&amp;hideCard=false&amp;hideThread=false&amp;id=1808080432270897375&amp;lang=en&amp;origin=https%3A%2F%2Freport.az%2Fxarici-siyaset%2Fpakistan-sefirinin-azerbaycandaki-diplomatik-missiyasi-basa-catibgfbh%2F&amp;sessionId=2e49a0196ba095d5534ee449bc53a1c9e357c1d4&amp;theme=light&amp;widgetsVersion=2615f7e52b7e0%3A1702314776716&amp;width=550px\" width=\"640\" height=\"460\" frameborder=\"0\" scrolling=\"no\" allowfullscreen=\"allowfullscreen\" data-tweet-id=\"1808080432270897375\" data-mce-fragment=\"1\"><\/iframe><\/div>\n<div class=\"news-gallery\"><\/div>\n<\/div>\n<div>\n<div class=\"form-group\"><img class=\"img-responsive\" src=\"https:\/\/cdn.musavat.com\/news\/images\/Ayten\/D%C4%B0PLOM%20SON.jpeg\" \/><\/div>\n<\/div>\n","protected":false},"excerpt":{"rendered":"<p>Pakistan s\u0259firi Bilal Hayeenin Az\u0259rbaycandak\u0131 diplomatik missiyas\u0131 ba\u015fa \u00e7at\u0131b. Bu bar\u0259d\u0259 Pakistan\u0131n Az\u0259rbaycandak\u0131 s\u0259firliyinin &#8220;X&#8221; hesab\u0131nda payla\u015f\u0131m edilib. Bildirilib ki, Bilal Hayee bu g\u00fcn Az\u0259rbaycan\u0131n xarici i\u015fl\u0259r naziri Ceyhun Bayramovla vidala\u015f\u0131b: &#8220;S\u0259fir h\u00f6rm\u0259tli nazir\u0259 i\u015fl\u0259diyi m\u00fcdd\u0259td\u0259 Az\u0259rbaycandak\u0131 diplomatik missiyas\u0131na g\u00f6st\u0259rdiyi d\u0259st\u0259yin\u0259 v\u0259 \u0259m\u0259kda\u015fl\u0131\u011fa g\u00f6r\u0259 t\u0259\u015f\u0259kk\u00fcr edib. Ya\u015fas\u0131n Pakistan-Az\u0259rbaycan dostlu\u011fu&#8221;. (Report)<\/p>\n","protected":false},"author":2,"featured_media":733978,"comment_status":"closed","ping_status":"closed","sticky":false,"template":"","format":"standard","meta":{"om_disable_all_campaigns":false,"_monsterinsights_skip_tracking":false,"_monsterinsights_sitenote_active":false,"_monsterinsights_sitenote_note":"","_monsterinsights_sitenote_category":0},"categories":[4],"tags":[],"aioseo_notices":[],"gutentor_comment":0,"rttpg_featured_image_url":{"full":["https:\/\/arantv.az\/wp-content\/uploads\/2024\/07\/5ee7d77968ef6e729ba1dcc72837ede2.jpg",850,500,false],"landscape":["https:\/\/arantv.az\/wp-content\/uploads\/2024\/07\/5ee7d77968ef6e729ba1dcc72837ede2.jpg",850,500,false],"portraits":["https:\/\/arantv.az\/wp-content\/uploads\/2024\/07\/5ee7d77968ef6e729ba1dcc72837ede2.jpg",850,500,false],"thumbnail":["https:\/\/arantv.az\/wp-content\/uploads\/2024\/07\/5ee7d77968ef6e729ba1dcc72837ede2-500x280.jpg",500,280,true],"medium":["https:\/\/arantv.az\/wp-content\/uploads\/2024\/07\/5ee7d77968ef6e729ba1dcc72837ede2-621x365.jpg",621,365,true],"large":["https:\/\/arantv.az\/wp-content\/uploads\/2024\/07\/5ee7d77968ef6e729ba1dcc72837ede2-840x494.jpg",640,376,true],"1536x1536":["https:\/\/arantv.az\/wp-content\/uploads\/2024\/07\/5ee7d77968ef6e729ba1dcc72837ede2.jpg",850,500,false],"2048x2048":["https:\/\/arantv.az\/wp-content\/uploads\/2024\/07\/5ee7d77968ef6e729ba1dcc72837ede2.jpg",850,500,false],"post-thumbnail":["https:\/\/arantv.az\/wp-content\/uploads\/2024\/07\/5ee7d77968ef6e729ba1dcc72837ede2-240x172.jpg",240,172,true],"advps-thumb-one":["https:\/\/arantv.az\/wp-content\/uploads\/2024\/07\/5ee7d77968ef6e729ba1dcc72837ede2.jpg",850,500,false]},"rttpg_author":{"display_name":"V\u00fcsal Rafiqo\u011flu","author_link":"https:\/\/arantv.az\/?author=2"},"rttpg_comment":0,"rttpg_category":"<a href=\"https:\/\/arantv.az\/?cat=4\" rel=\"category\">Siyas\u0259t<\/a>","rttpg_excerpt":"Pakistan s\u0259firi Bilal Hayeenin Az\u0259rbaycandak\u0131 diplomatik missiyas\u0131 ba\u015fa \u00e7at\u0131b. Bu bar\u0259d\u0259 Pakistan\u0131n Az\u0259rbaycandak\u0131 s\u0259firliyinin &#8220;X&#8221; hesab\u0131nda payla\u015f\u0131m edilib. Bildirilib ki, Bilal Hayee bu g\u00fcn Az\u0259rbaycan\u0131n xarici i\u015fl\u0259r naziri Ceyhun Bayramovla vidala\u015f\u0131b: &#8220;S\u0259fir h\u00f6rm\u0259tli nazir\u0259 i\u015fl\u0259diyi m\u00fcdd\u0259td\u0259 Az\u0259rbaycandak\u0131 diplomatik missiyas\u0131na g\u00f6st\u0259rdiyi d\u0259st\u0259yin\u0259 v\u0259 \u0259m\u0259kda\u015fl\u0131\u011fa g\u00f6r\u0259 t\u0259\u015f\u0259kk\u00fcr edib. Ya\u015fas\u0131n Pakistan-Az\u0259rbaycan dostlu\u011fu&#8221;. (Report)","_links":{"self":[{"href":"https:\/\/arantv.az\/index.php?rest_route=\/wp\/v2\/posts\/733977"}],"collection":[{"href":"https:\/\/arantv.az\/index.php?rest_route=\/wp\/v2\/posts"}],"about":[{"href":"https:\/\/arantv.az\/index.php?rest_route=\/wp\/v2\/types\/post"}],"author":[{"embeddable":true,"href":"https:\/\/arantv.az\/index.php?rest_route=\/wp\/v2\/users\/2"}],"replies":[{"embeddable":true,"href":"https:\/\/arantv.az\/index.php?rest_route=%2Fwp%2Fv2%2Fcomments&post=733977"}],"version-history":[{"count":0,"href":"https:\/\/arantv.az\/index.php?rest_route=\/wp\/v2\/posts\/733977\/revisions"}],"wp:featuredmedia":[{"embeddable":true,"href":"https:\/\/arantv.az\/index.php?rest_route=\/wp\/v2\/media\/733978"}],"wp:attachment":[{"href":"https:\/\/arantv.az\/index.php?rest_route=%2Fwp%2Fv2%2Fmedia&parent=733977"}],"wp:term":[{"taxonomy":"category","embeddable":true,"href":"https:\/\/arantv.az\/index.php?rest_route=%2Fwp%2Fv2%2Fcategories&post=733977"},{"taxonomy":"post_tag","embeddable":true,"href":"https:\/\/arantv.az\/index.php?rest_route=%2Fwp%2Fv2%2Ftags&post=733977"}],"curies":[{"name":"wp","href":"https:\/\/api.w.org\/{rel}","templated":true}]}}