{"id":733980,"date":"2024-07-02T15:00:16","date_gmt":"2024-07-02T11:00:16","guid":{"rendered":"https:\/\/arantv.az\/?p=733980"},"modified":"2024-07-02T15:00:16","modified_gmt":"2024-07-02T11:00:16","slug":"%c9%99r%c9%99bl%c9%99rin-hamini-soka-salacaq-r%c9%99qsi-video","status":"publish","type":"post","link":"https:\/\/arantv.az\/?p=733980","title":{"rendered":"\u018fr\u0259bl\u0259rin ham\u0131n\u0131 \u015foka salacaq R\u018fQS\u0130 &#8211; V\u0130DEO"},"content":{"rendered":"<div class=\"text-content\" data-id=\"\" data-url=\"\">\n<p><strong>Son vaxtlar sosial \u015f\u0259b\u0259k\u0259l\u0259rd\u0259, x\u00fcsusil\u0259 d\u0259 TikTok-da \u0259ynind\u0259 ke\u00e7i d\u0259risind\u0259n &#8220;libas&#8221;, ba\u015f\u0131nda ke\u00e7i buynuzlar\u0131 olan \u0259r\u0259bl\u0259rin r\u0259qs videolar\u0131 yay\u0131l\u0131r.\u00a0<\/strong><\/p>\n<p>Bu videolar\u0131 &#8220;\u0130slam\u0131n \u0259sl \u00fcz\u00fc budur!&#8221; tipli s\u0259rs\u0259m \u015f\u0259rhl\u0259r d\u0259 m\u00fc\u015fayi\u0259t edir.<\/p>\n<p><strong>\u018fslind\u0259 bu videodak\u0131 g\u00f6r\u00fcnt\u00fcl\u0259r n\u0259dir?<\/strong><\/p>\n<p>H\u0259min g\u00f6r\u00fcnt\u00fcl\u0259r M\u0259rake\u015fd\u0259, &#8220;Bujlud&#8221; bayram\u0131nda \u00e7\u0259kilib.<\/p>\n<p>&#8220;Bujlud&#8221; k\u0259lm\u0259si \u0259r\u0259b dilind\u0259ki &#8220;\u0259bu&#8221; (&#8220;ata&#8221;) v\u0259 &#8220;jilud&#8221; (&#8220;d\u0259ri&#8221;)\u00a0 s\u00f6zl\u0259rinin birl\u0259\u015fm\u0259si olaraq h\u0259rfi m\u0259nas\u0131 &#8220;d\u0259ril\u0259rin atas\u0131&#8221; olan s\u00f6zd\u00fcr.<\/p>\n<p>B\u0259rb\u0259r tayfalar\u0131ndan biri olan amaziql\u0259rin minill\u0259rl\u0259 tarixi olan bayram\u0131d\u0131r v\u0259 b\u0259rb\u0259rl\u0259r bu bayrama &#8220;bilmaven&#8221; d\u0259 deyirl\u0259r.<\/p>\n<p>H\u0259r il Qurban Bayram\u0131ndan sonra amaziql\u0259r bu bayram\u0131 qeyd edirl\u0259r.<\/p>\n<p>Qurban k\u0259sil\u0259n ke\u00e7il\u0259rin d\u0259ril\u0259rind\u0259n x\u00fcsusi libaslar tikilir, o libas\u0131 geyin\u0259n \u015f\u0259xsl\u0259r &#8220;bujlud&#8221;da r\u0259qs edirl\u0259r.<\/p>\n<p>Daha \u00e7ox M\u0259rake\u015fin M\u0259rrake\u015f, Aqadir v\u0259 F\u0259s \u015f\u0259h\u0259rl\u0259rind\u0259 qeyd olunur.\u00a0<strong>(milli.az)<\/strong><\/p>\n<p><iframe loading=\"lazy\" class=\"laz\" src=\"https:\/\/newstube.az\/embed\/169697\" width=\"670\" height=\"400\" frameborder=\"0\" allowfullscreen=\"allowfullscreen\" data-src=\"https:\/\/newstube.az\/embed\/169697\" data-mce-fragment=\"1\"><\/iframe><iframe loading=\"lazy\" class=\"laz\" src=\"https:\/\/newstube.az\/embed\/169696\" width=\"670\" height=\"400\" frameborder=\"0\" allowfullscreen=\"allowfullscreen\" data-src=\"https:\/\/newstube.az\/embed\/169696\" data-mce-fragment=\"1\"><\/iframe><\/p>\n<\/div>\n<div><\/div>\n<div><\/div>\n<div class=\"inner-social-box\">\n<div class=\"subs-in-social subs-whatsapp\"><\/div>\n<\/div>\n","protected":false},"excerpt":{"rendered":"<p>Son vaxtlar sosial \u015f\u0259b\u0259k\u0259l\u0259rd\u0259, x\u00fcsusil\u0259 d\u0259 TikTok-da \u0259ynind\u0259 ke\u00e7i d\u0259risind\u0259n &#8220;libas&#8221;, ba\u015f\u0131nda ke\u00e7i buynuzlar\u0131 olan \u0259r\u0259bl\u0259rin r\u0259qs videolar\u0131 yay\u0131l\u0131r.\u00a0 Bu videolar\u0131 &#8220;\u0130slam\u0131n \u0259sl \u00fcz\u00fc budur!&#8221; tipli s\u0259rs\u0259m \u015f\u0259rhl\u0259r d\u0259 m\u00fc\u015fayi\u0259t edir. \u018fslind\u0259 bu videodak\u0131 g\u00f6r\u00fcnt\u00fcl\u0259r n\u0259dir? H\u0259min g\u00f6r\u00fcnt\u00fcl\u0259r M\u0259rake\u015fd\u0259, &#8220;Bujlud&#8221; bayram\u0131nda \u00e7\u0259kilib. &#8220;Bujlud&#8221; k\u0259lm\u0259si \u0259r\u0259b dilind\u0259ki &#8220;\u0259bu&#8221; (&#8220;ata&#8221;) v\u0259 &#8220;jilud&#8221; (&#8220;d\u0259ri&#8221;)\u00a0 s\u00f6zl\u0259rinin birl\u0259\u015fm\u0259si olaraq h\u0259rfi m\u0259nas\u0131 &#8220;d\u0259ril\u0259rin atas\u0131&#8221; olan s\u00f6zd\u00fcr. B\u0259rb\u0259r tayfalar\u0131ndan biri olan amaziql\u0259rin minill\u0259rl\u0259 tarixi olan bayram\u0131d\u0131r v\u0259 b\u0259rb\u0259rl\u0259r bu bayrama &#8220;bilmaven&#8221; d\u0259 deyirl\u0259r. H\u0259r il Qurban Bayram\u0131ndan sonra amaziql\u0259r bu bayram\u0131 qeyd edirl\u0259r. Qurban k\u0259sil\u0259n ke\u00e7il\u0259rin d\u0259ril\u0259rind\u0259n&hellip;<\/p>\n","protected":false},"author":2,"featured_media":733981,"comment_status":"closed","ping_status":"closed","sticky":false,"template":"","format":"standard","meta":{"om_disable_all_campaigns":false,"_monsterinsights_skip_tracking":false,"_monsterinsights_sitenote_active":false,"_monsterinsights_sitenote_note":"","_monsterinsights_sitenote_category":0},"categories":[7],"tags":[],"aioseo_notices":[],"gutentor_comment":0,"rttpg_featured_image_url":{"full":["https:\/\/arantv.az\/wp-content\/uploads\/2024\/07\/a9b540c05fe7ab329e4b16be3c2a2acd.png",600,438,false],"landscape":["https:\/\/arantv.az\/wp-content\/uploads\/2024\/07\/a9b540c05fe7ab329e4b16be3c2a2acd.png",600,438,false],"portraits":["https:\/\/arantv.az\/wp-content\/uploads\/2024\/07\/a9b540c05fe7ab329e4b16be3c2a2acd.png",600,438,false],"thumbnail":["https:\/\/arantv.az\/wp-content\/uploads\/2024\/07\/a9b540c05fe7ab329e4b16be3c2a2acd-500x280.png",500,280,true],"medium":["https:\/\/arantv.az\/wp-content\/uploads\/2024\/07\/a9b540c05fe7ab329e4b16be3c2a2acd-500x365.png",500,365,true],"large":["https:\/\/arantv.az\/wp-content\/uploads\/2024\/07\/a9b540c05fe7ab329e4b16be3c2a2acd.png",600,438,false],"1536x1536":["https:\/\/arantv.az\/wp-content\/uploads\/2024\/07\/a9b540c05fe7ab329e4b16be3c2a2acd.png",600,438,false],"2048x2048":["https:\/\/arantv.az\/wp-content\/uploads\/2024\/07\/a9b540c05fe7ab329e4b16be3c2a2acd.png",600,438,false],"post-thumbnail":["https:\/\/arantv.az\/wp-content\/uploads\/2024\/07\/a9b540c05fe7ab329e4b16be3c2a2acd-240x172.png",240,172,true],"advps-thumb-one":["https:\/\/arantv.az\/wp-content\/uploads\/2024\/07\/a9b540c05fe7ab329e4b16be3c2a2acd.png",600,438,false]},"rttpg_author":{"display_name":"V\u00fcsal Rafiqo\u011flu","author_link":"https:\/\/arantv.az\/?author=2"},"rttpg_comment":0,"rttpg_category":"<a href=\"https:\/\/arantv.az\/?cat=7\" rel=\"category\">D\u00fcnya<\/a>","rttpg_excerpt":"Son vaxtlar sosial \u015f\u0259b\u0259k\u0259l\u0259rd\u0259, x\u00fcsusil\u0259 d\u0259 TikTok-da \u0259ynind\u0259 ke\u00e7i d\u0259risind\u0259n &#8220;libas&#8221;, ba\u015f\u0131nda ke\u00e7i buynuzlar\u0131 olan \u0259r\u0259bl\u0259rin r\u0259qs videolar\u0131 yay\u0131l\u0131r.\u00a0 Bu videolar\u0131 &#8220;\u0130slam\u0131n \u0259sl \u00fcz\u00fc budur!&#8221; tipli s\u0259rs\u0259m \u015f\u0259rhl\u0259r d\u0259 m\u00fc\u015fayi\u0259t edir. \u018fslind\u0259 bu videodak\u0131 g\u00f6r\u00fcnt\u00fcl\u0259r n\u0259dir? H\u0259min g\u00f6r\u00fcnt\u00fcl\u0259r M\u0259rake\u015fd\u0259, &#8220;Bujlud&#8221; bayram\u0131nda \u00e7\u0259kilib. &#8220;Bujlud&#8221; k\u0259lm\u0259si \u0259r\u0259b dilind\u0259ki &#8220;\u0259bu&#8221; (&#8220;ata&#8221;) v\u0259 &#8220;jilud&#8221; (&#8220;d\u0259ri&#8221;)\u00a0 s\u00f6zl\u0259rinin birl\u0259\u015fm\u0259si olaraq h\u0259rfi&hellip;","_links":{"self":[{"href":"https:\/\/arantv.az\/index.php?rest_route=\/wp\/v2\/posts\/733980"}],"collection":[{"href":"https:\/\/arantv.az\/index.php?rest_route=\/wp\/v2\/posts"}],"about":[{"href":"https:\/\/arantv.az\/index.php?rest_route=\/wp\/v2\/types\/post"}],"author":[{"embeddable":true,"href":"https:\/\/arantv.az\/index.php?rest_route=\/wp\/v2\/users\/2"}],"replies":[{"embeddable":true,"href":"https:\/\/arantv.az\/index.php?rest_route=%2Fwp%2Fv2%2Fcomments&post=733980"}],"version-history":[{"count":0,"href":"https:\/\/arantv.az\/index.php?rest_route=\/wp\/v2\/posts\/733980\/revisions"}],"wp:featuredmedia":[{"embeddable":true,"href":"https:\/\/arantv.az\/index.php?rest_route=\/wp\/v2\/media\/733981"}],"wp:attachment":[{"href":"https:\/\/arantv.az\/index.php?rest_route=%2Fwp%2Fv2%2Fmedia&parent=733980"}],"wp:term":[{"taxonomy":"category","embeddable":true,"href":"https:\/\/arantv.az\/index.php?rest_route=%2Fwp%2Fv2%2Fcategories&post=733980"},{"taxonomy":"post_tag","embeddable":true,"href":"https:\/\/arantv.az\/index.php?rest_route=%2Fwp%2Fv2%2Ftags&post=733980"}],"curies":[{"name":"wp","href":"https:\/\/api.w.org\/{rel}","templated":true}]}}