{"id":733986,"date":"2024-07-02T15:01:47","date_gmt":"2024-07-02T11:01:47","guid":{"rendered":"https:\/\/arantv.az\/?p=733986"},"modified":"2024-07-02T15:01:47","modified_gmt":"2024-07-02T11:01:47","slug":"cop29-saglam-dunya-yasil-g%c9%99l%c9%99c%c9%99k","status":"publish","type":"post","link":"https:\/\/arantv.az\/?p=733986","title":{"rendered":"COP29: Sa\u011flam d\u00fcnya, ya\u015f\u0131l g\u0259l\u0259c\u0259k"},"content":{"rendered":"<p><em><strong>V\u0259t\u0259nda\u015f c\u0259miyy\u0259ti COP29 prosesinin daha inkl\u00fcziv v\u0259 i\u015ftirak\u00e7\u0131 olmas\u0131nda m\u00fch\u00fcm rol oynay\u0131r<\/strong><\/em><\/p>\n<p><strong>Az\u0259rbaycan son ill\u0259rd\u0259\u00a0 n\u00fcfuzlu m\u00f6t\u0259b\u0259r t\u0259dbirl\u0259rin, qlobal forumlar\u0131n, m\u00fcxt\u0259lif missiyalar\u0131n g\u00f6r\u00fc\u015fl\u0259rinin\u00a0 \u0259n\u0259n\u0259vi olaraq ke\u00e7irildiyi m\u0259kana \u00e7evrilib. 2024-c\u00fc ilin noyabr\u0131nda is\u0259 \u00f6lk\u0259miz\u00a0 BMT-nin \u0130qlim D\u0259yi\u015fm\u0259l\u0259ri \u00fczr\u0259 \u00c7\u0259r\u00e7iv\u0259 Konvensiyas\u0131n\u0131n T\u0259r\u0259fl\u0259r Konfrans\u0131n\u0131n 29-cu sessiyas\u0131na \u2013 COP29-a ev sahibliyi ed\u0259c\u0259k. D\u00fcnyan\u0131n \u0259n b\u00f6y\u00fck beyn\u0259lxalq konfrans\u0131 olan COP29-un ya\u015f\u0131l enerjiy\u0259 qlobal ke\u00e7id, istixana qaz\u0131 emissiyalar\u0131n\u0131n v\u0259 iqlim d\u0259yi\u015fikliyinin azald\u0131lmas\u0131 \u00fc\u00e7\u00fcn g\u00fccl\u00fc stimul olaca\u011f\u0131 g\u00f6zl\u0259nilir.\u00a0<\/strong><\/p>\n<p><strong><img src=\"https:\/\/ikisahil.az\/upload\/\/2024\/02\/17\/\/-7cc23420170818555795596774910368003.png\" alt=\"\" \/><\/strong><\/p>\n<p>COP-un son d\u00f6vrl\u0259rd\u0259 neft \u00f6lk\u0259l\u0259rind\u0259 ke\u00e7irilm\u0259si o mesaj\u0131 verir ki, bu \u00f6lk\u0259l\u0259r d\u0259 \u00f6z iqtisadiyyat\u0131n\u0131 ya\u015f\u0131l enerjiy\u0259 ke\u00e7id istiqam\u0259tind\u0259 qurma\u011fa do\u011fru add\u0131mlay\u0131r v\u0259 \u0259traf m\u00fchit m\u0259s\u0259l\u0259l\u0259rin\u0259 h\u0259ssas yana\u015f\u0131rlar.\u00a0 Bu missiyaya uy\u011fun olaraq Az\u0259rbaycan h\u00f6kum\u0259ti iqlim d\u0259yi\u015fm\u0259l\u0259rin\u0259 b\u00fct\u00fcn d\u00fcnyan\u0131 narahat ed\u0259n \u0259n qlobal probleml\u0259rd\u0259n biri kimi h\u0259ssas yana\u015faraq \u201cya\u015f\u0131l m\u00fchit\u201d quruculu\u011funda dayanmadan s\u0259yl\u0259rini art\u0131r\u0131r. Prezident \u0130lham \u018fliyevin S\u0259r\u0259ncam\u0131 il\u0259 2024-c\u00fc il Az\u0259rbaycanda &#8220;Ya\u015f\u0131l d\u00fcnya namin\u0259 h\u0259mr\u0259ylik ili&#8221; elan edilib. Bu, COP29 \u00e7\u0259r\u00e7iv\u0259sind\u0259 b\u00fct\u00fcn d\u00fcnyada ged\u0259n prosesl\u0259r\u0259, o c\u00fcml\u0259d\u0259n iqlim, \u201cya\u015f\u0131l ideya\u201dlar v\u0259 \u201cya\u015f\u0131l proqram\u201dlarla ba\u011fl\u0131 m\u0259s\u0259l\u0259l\u0259r\u0259 Az\u0259rbaycan platformas\u0131ndan bax\u0131laca\u011f\u0131 v\u0259 onun t\u0259cr\u00fcb\u0259sinin \u00f6yr\u0259nil\u0259c\u0259yi dem\u0259kdir. M\u0259lum oldu\u011fu kimi, \u00f6lk\u0259mizin 2030-cu il\u0259 q\u0259d\u0259r sosial-iqtisadi inki\u015fafa dair be\u015f milli prioritetind\u0259n biri m\u0259hz &#8220;T\u0259miz \u0259traf m\u00fchit v\u0259 &#8220;ya\u015f\u0131l art\u0131m&#8221; \u00f6lk\u0259si&#8221; olmaqd\u0131r. H\u0259min prioritet\u0259 uy\u011fun \u015f\u0259kild\u0259 \u0259traf m\u00fchitin sa\u011flamla\u015fd\u0131r\u0131lmas\u0131, ya\u015f\u0131ll\u0131qlar\u0131n b\u0259rpas\u0131 v\u0259 art\u0131r\u0131lmas\u0131, su ehtiyatlar\u0131ndan v\u0259 dayan\u0131ql\u0131 enerji m\u0259nb\u0259l\u0259rind\u0259n s\u0259m\u0259r\u0259li istifad\u0259nin t\u0259min edilm\u0259si istiqam\u0259tind\u0259 m\u00fch\u00fcm i\u015fl\u0259r apar\u0131l\u0131r. Prezident \u0130lham \u018fliyev Qaraba\u011f\u0131 v\u0259 \u015e\u0259rqi Z\u0259ng\u0259zuru, Nax\u00e7\u0131van\u0131 &#8220;ya\u015f\u0131l enerji&#8221; zonas\u0131 adland\u0131r\u0131b v\u0259 bu istiqam\u0259td\u0259 geni\u015fmiqyasl\u0131 i\u015fl\u0259r\u0259 ba\u015flan\u0131l\u0131b. H\u0259min \u0259razil\u0259rd\u0259 &#8220;a\u011f\u0131ll\u0131 \u015f\u0259h\u0259r&#8221;, &#8220;a\u011f\u0131ll\u0131 k\u0259nd&#8221; kimi innovativ yana\u015fmalar t\u0259tbiq edilir, ekosistemin b\u0259rpas\u0131 istiqam\u0259tind\u0259 ard\u0131c\u0131l i\u015fl\u0259r apar\u0131l\u0131r. Art\u0131q Qaraba\u011fda v\u0259 \u015e\u0259rqi Z\u0259ng\u0259zurda hidroenerji potensial\u0131ndan f\u0259al \u015f\u0259kild\u0259 istifad\u0259 edilir. Bu \u0259razil\u0259rin 2050-ci il\u0259d\u0259k \u201cNetto s\u0131f\u0131r emissiya\u201d zonas\u0131na \u00e7evrilm\u0259si n\u0259z\u0259rd\u0259 tutulub.<\/p>\n<p>Q\u00fcrurverici hald\u0131r ki, v\u0259t\u0259nda\u015f c\u0259miyy\u0259ti t\u0259\u015fkilatlar\u0131 qlobal ictimaiyy\u0259ti davaml\u0131 v\u0259 ya\u015f\u0131l g\u0259l\u0259c\u0259y\u0259 do\u011fru istiqam\u0259tl\u0259ndirm\u0259k kimi m\u00fch\u00fcm v\u0259zif\u0259y\u0259 r\u0259hb\u0259rlik ed\u0259n COP29 S\u0259drliyin\u0259 v\u0259 t\u0259dbir\u0259 ev sahibliyi ed\u0259c\u0259k Az\u0259rbaycana \u00f6z d\u0259st\u0259yini g\u00f6st\u0259rirl\u0259r. V\u0259t\u0259nda\u015f c\u0259miyy\u0259ti t\u0259bli\u011fat, monitorinq, t\u0259msil\u00e7ilik v\u0259 innovativ h\u0259ll\u0259r t\u0259min etm\u0259kl\u0259, iqlim d\u0259yi\u015fm\u0259l\u0259ri dan\u0131\u015f\u0131qlar\u0131na \u00f6z t\u00f6hf\u0259sini verir. \u0130qlim m\u0259s\u0259l\u0259l\u0259ri il\u0259 ba\u011fl\u0131 ictimaiyy\u0259tin m\u0259lumatl\u0131l\u0131\u011f\u0131n\u0131n art\u0131r\u0131lmas\u0131ndan tutmu\u015f daha g\u00fccl\u00fc iqlim siyas\u0259tinin icras\u0131na nail olmaq \u00fc\u00e7\u00fcn biz m\u00fcxt\u0259lif icmalar\u0131n, x\u00fcsus\u0259n d\u0259 h\u0259ssas v\u0259 t\u0259crid v\u0259ziyy\u0259tin\u0259 d\u00fc\u015fm\u00fc\u015f qruplar\u0131n narahatl\u0131qlar\u0131n\u0131 dan\u0131\u015f\u0131qlarda \u00f6n plana \u00e7\u0131xar\u0131rlar.<\/p>\n<p><img src=\"https:\/\/ikisahil.az\/upload\/\/2024\/06\/04\/\/-5e2b6675171750299873596473510784970.jpg\" alt=\"\" \/><\/p>\n<p>\u201cSa\u011flaml\u0131\u011fa Xidm\u0259t\u201d \u0130ctimai Birliyinin icra\u00e7\u0131 direktoru, COP29 T\u0259\u015fkilat Komit\u0259sinin \u00fczv\u00fc\u00a0<strong>P\u0259rvan\u0259 V\u0259liyeva\u00a0<\/strong>m\u00f6vzu il\u0259 ba\u011fl\u0131 &#8220;\u0130ki sahil&#8221;\u0259 a\u00e7\u0131qlamas\u0131nda diqq\u0259t\u0259 \u00e7atd\u0131rd\u0131 ki, Az\u0259rbaycan\u0131n COP29-a ev sahibliyi etm\u0259k \u00fc\u00e7\u00fcn se\u00e7ilm\u0259sind\u0259n q\u00fcrur duyuruq v\u0259 bu missiya \u00f6z\u00fc il\u0259 b\u00f6y\u00fck m\u0259suliyy\u0259t d\u0259 g\u0259tirib. Paris raz\u0131la\u015fmas\u0131 a\u00e7\u0131q \u015f\u0259kild\u0259 ifad\u0259 edir ki, biz iqliml\u0259 ba\u011fl\u0131 f\u0259aliyy\u0259t \u00fc\u00e7\u00fcn ambisiyalar\u0131m\u0131z\u0131 daim art\u0131rmal\u0131y\u0131q. \u00d6t\u0259n COP-da q\u0259rara al\u0131nan Qlobal \u201cStocktake\u201d \u00f6lk\u0259l\u0259r\u0259 v\u0259 dig\u0259r maraql\u0131 t\u0259r\u0259fl\u0259r\u0259 Paris Sazi\u015finin m\u0259qs\u0259dl\u0259rin\u0259 nail olmaq \u00fc\u00e7\u00fcn d\u00fcnya d\u00f6vl\u0259tl\u0259rinin kollektiv ir\u0259lil\u0259yi\u015f\u0259 do\u011fru ir\u0259lil\u0259m\u0259yinin bariz n\u00fcmun\u0259si oldu. T\u0259r\u0259fl\u0259r \u0259ld\u0259 etdikl\u0259ri nailiyy\u0259tl\u0259ri \u0259ks etdirm\u0259k v\u0259 b\u00f6l\u00fc\u015fm\u0259k \u00fc\u00e7\u00fcn mexanizmd\u0259n istifad\u0259 etm\u0259li, h\u0259m d\u0259 \u0259n yax\u015f\u0131 t\u0259cr\u00fcb\u0259l\u0259ri v\u0259 \u00f6yr\u0259nilmi\u015f d\u0259rsl\u0259ri b\u00f6l\u00fc\u015fm\u0259li, n\u0259tic\u0259d\u0259 iddial\u0131 Milli M\u00fc\u0259yy\u0259n Olunmu\u015f T\u00f6hf\u0259l\u0259r\u0259 nail olmal\u0131d\u0131rlar. D\u00fcnya 1,5\u00b0 h\u0259d\u0259f\u0259 k\u00f6kl\u0259ns\u0259 d\u0259, ir\u0259lil\u0259yi\u015f\u0259 mane olan m\u0259s\u0259l\u0259l\u0259r birg\u0259 konsensusa nail olmaqla d\u0259f etm\u0259liyik. Qlobal m\u0259qs\u0259dl\u0259r\u0259 nail olmaq \u00fc\u00e7\u00fcn beyn\u0259lxalq t\u0259\u015fkilatlar, \u00e7oxt\u0259r\u0259fli inki\u015faf banklar\u0131, \u00f6z\u0259l sektor v\u0259 b\u00fct\u00fcn dig\u0259r maraql\u0131 t\u0259r\u0259fl\u0259rl\u0259 \u0259m\u0259kda\u015fl\u0131q ed\u0259r\u0259k beyn\u0259lxalq ictimaiyy\u0259tin b\u00fct\u00fcn \u00fczvl\u0259rini c\u0259lb etm\u0259yi t\u0259l\u0259b edir. COP29 prinsipl\u0259rind\u0259n biri d\u0259 el\u0259 bu y\u00f6nd\u0259dir.<\/p>\n<p><strong>Ekoloji probleml\u0259rin ictimai monitorinqin\u0259 \u00fcst\u00fcnl\u00fck verilm\u0259lidir<\/strong><\/p>\n<p>T\u0259\u015fkilat Komit\u0259sinin \u00fczv\u00fc bildirdi ki, regionda ekoloji probleml\u0259rin ictimai monitorinqin\u0259 \u00fcst\u00fcnl\u00fck verilm\u0259lidir. \u201cEnvironmental Protection First\u201d QHT Koalisiyas\u0131 olaraq C\u0259nubi Qafqaz regionunda da\u011flara, torpa\u011fa, biom\u00fcxt\u0259lifliy\u0259, transs\u0259rh\u0259d \u00e7aylara v\u0259 X\u0259z\u0259r d\u0259nizin\u0259 z\u0259r\u0259r vuran qeyri-qanuni m\u0259d\u0259n s\u0259nayesinin qar\u015f\u0131s\u0131n\u0131n al\u0131nmas\u0131 \u00fc\u00e7\u00fcn t\u0259bli\u011fat i\u015fi apar\u0131r\u0131q. \u0130\u00e7m\u0259li suyun qorunmas\u0131 insan sa\u011flaml\u0131\u011f\u0131 \u00fc\u00e7\u00fcn vacibdir v\u0259 buna g\u00f6r\u0259 d\u0259 biz regionda t\u0259miz hava v\u0259 su t\u0259hl\u00fck\u0259sizliyinin t\u0259r\u0259fdar\u0131y\u0131q. B\u00f6lg\u0259d\u0259 iqliml\u0259 ba\u011fl\u0131 f\u0259aliyy\u0259td\u0259 h\u0259r k\u0259sin s\u0259yl\u0259rini birl\u0259\u015fdirm\u0259si vacibdir. V\u0259t\u0259nda\u015f c\u0259miyy\u0259ti olaraq biz b\u00fct\u00fcn maraql\u0131 t\u0259r\u0259fl\u0259ri COP29-a haz\u0131rl\u0131q \u00e7\u0259r\u00e7iv\u0259sind\u0259 regionumuzda sa\u011flam ekosistemi prioritetl\u0259\u015fdirm\u0259y\u0259 v\u0259 t\u0259\u015fviq etm\u0259y\u0259 d\u0259v\u0259t edirik. QHT v\u0259 g\u0259ncl\u0259r qruplar\u0131 ekoloji m\u0259lumatl\u0131l\u0131\u011f\u0131n art\u0131r\u0131lmas\u0131nda v\u0259 iqlim d\u0259yi\u015fikliyi g\u00fcnd\u0259liyinin t\u0259bli\u011find\u0259 m\u00fch\u00fcm rol oynay\u0131r. Bu t\u0259\u015fkilatlar \u0259traf m\u00fchit probleml\u0259ri bar\u0259d\u0259 ictimaiyy\u0259tin m\u0259lumatl\u0131l\u0131\u011f\u0131n\u0131 art\u0131rmaq \u00fc\u00e7\u00fcn k\u00fctl\u0259vi f\u0259aliyy\u0259t, elmi t\u0259dqiqat v\u0259 t\u0259bli\u011fatdan istifad\u0259 ed\u0259r\u0259k d\u0259yi\u015fiklik \u00fc\u00e7\u00fcn katalizator rolunu oynay\u0131rlar. T\u0259hsil, ictimaiyy\u0259tin c\u0259lb edilm\u0259si v\u0259 siyas\u0259t t\u0259bli\u011fat\u0131 yolu il\u0259 QHT-l\u0259r v\u0259 g\u0259ncl\u0259r qruplar\u0131 v\u0259 icmalar t\u0259r\u0259f \u00f6lk\u0259l\u0259ri daha davaml\u0131 bir g\u0259l\u0259c\u0259k v\u0259 iqlim d\u0259yi\u015fikliyin\u0259 davaml\u0131l\u0131q \u00fc\u00e7\u00fcn h\u0259r\u0259k\u0259t\u0259 ke\u00e7m\u0259y\u0259 s\u0259f\u0259rb\u0259r edirl\u0259r.<\/p>\n<p><strong>V\u0259t\u0259nda\u015f c\u0259miyy\u0259ti il\u0259 COP29 r\u0259hb\u0259rliyi aras\u0131nda k\u00f6rp\u00fc<\/strong><\/p>\n<p>P\u0259rvan\u0259 V\u0259liyevan\u0131n s\u00f6zl\u0259rin\u0259 g\u00f6r\u0259, COP29 T\u0259\u015fkilat Komit\u0259sinin QHT-l\u0259ri t\u0259msil ed\u0259n \u00fczvl\u0259ri olaraq, biz iqlim d\u0259yi\u015fikliyind\u0259n \u0259n \u00e7ox t\u0259sirl\u0259n\u0259nl\u0259rin ehtiyaclar\u0131n\u0131n dinl\u0259nilm\u0259sini v\u0259 n\u0259z\u0259r\u0259 al\u0131nmas\u0131n\u0131 t\u0259min ed\u0259r\u0259k, v\u0259t\u0259nda\u015f c\u0259miyy\u0259tinin s\u0259si olma\u011fa \u00e7al\u0131\u015f\u0131r\u0131q. Biz (COP29 T\u0259\u015fkilat Komit\u0259sind\u0259 t\u0259msil olunan QHT-l\u0259r) \u00f6z rolumuzu COP29 prosesind\u0259 t\u0259msil olunan m\u00fcxt\u0259lif qruplar\u0131n, o c\u00fcml\u0259d\u0259n t\u0259crid olunmu\u015f icmalar\u0131n v\u0259 h\u0259ssas \u0259hali qruplar\u0131n\u0131n \u0259sas mesajlar\u0131n\u0131 \u00e7atd\u0131rmaq \u00fc\u00e7\u00fcn v\u0259t\u0259nda\u015f c\u0259miyy\u0259ti il\u0259 COP29 r\u0259hb\u0259rliyi aras\u0131nda k\u00f6rp\u00fc olaraq g\u00f6r\u00fcr\u00fck. 1 iyun tarixind\u0259 Qeyri-H\u00f6kum\u0259t T\u0259\u015fkilatlar\u0131na D\u00f6vl\u0259t D\u0259st\u0259yi Agentliyinin t\u0259\u015fkilat\u00e7\u0131l\u0131\u011f\u0131 il\u0259 ke\u00e7iril\u0259n \u201cBeyn\u0259lxalq t\u0259\u015fkilatlarda v\u0259t\u0259nda\u015f c\u0259miyy\u0259ti t\u0259msil\u00e7iliyi: reall\u0131qlar v\u0259 h\u0259d\u0259fl\u0259r\u201d adl\u0131 t\u0259limd\u0259 50-y\u0259 yax\u0131n QHT n\u00fcmay\u0259nd\u0259sin\u0259 t\u0259\u015fkilat\u0131m\u0131z t\u0259r\u0259find\u0259n \u201cCOP29-da qeyri-h\u00f6kum\u0259t t\u0259\u015fkilatlar\u0131n\u0131n i\u015ftirak prosedurlar\u0131, \u00fczvl\u00fck v\u0259 imkanlar\u201d m\u00f6vzusunda t\u0259lim ke\u00e7irilmi\u015fdir.<\/p>\n<p><img src=\"https:\/\/ikisahil.az\/upload\/\/2024\/04\/04\/\/-28a76027171222451638044185410526869.jpg\" alt=\"\" \/><\/p>\n<p><strong>COP29 prosesin\u0259 t\u00f6hf\u0259<\/strong><\/p>\n<p>H\u0259ms\u00f6hb\u0259timiz vur\u011fulad\u0131 ki, Az\u0259rbaycan QHT-l\u0259ri h\u0259m\u00e7inin Bonn \u015f\u0259h\u0259rind\u0259 ke\u00e7iril\u0259n BMT-in iqlim konfrans\u0131nda f\u0259al i\u015ftirak etmi\u015fdir. Bonn t\u0259dbiri zaman\u0131 50-d\u0259n \u00e7ox QHT il\u0259 tan\u0131\u015fl\u0131q \u0259ld\u0259 etm\u0259k v\u0259 m\u00fczakir\u0259l\u0259r aparmaq imkan\u0131 \u0259ld\u0259 etdik. \u00d6lk\u0259miz v\u0259 COP29-a haz\u0131rl\u0131q i\u015fl\u0259ri il\u0259 ba\u011fl\u0131 m\u0259lumat verdik, \u00f6lk\u0259miz bar\u0259d\u0259 t\u0259bli\u011fat apard\u0131q. Konfrans \u00e7\u0259r\u00e7iv\u0259sind\u0259 32 \u00f6lk\u0259d\u0259n 102 QHT n\u00fcmay\u0259nd\u0259sinin COP29-a evsahibi \u00f6lk\u0259 il\u0259 ba\u011fl\u0131 d\u0259st\u0259k b\u0259yanat\u0131 imzalad\u0131lar. H\u0259m\u00e7inin 10-dan \u00e7ox beyn\u0259lxalq v\u0259 xarici QHT n\u00fcmay\u0259nd\u0259sinin Az\u0259rbaycan TV kanallar\u0131na d\u0259st\u0259k mesajl\u0131 m\u00fcsahib\u0259l\u0259r verdil\u0259r. Az\u0259rbaycan Milli QHT Forumu (QHT Forumu) da COP29-la \u0259laq\u0259li t\u0259bli\u011fat v\u0259 t\u0259\u015fviqat i\u015fl\u0259rin\u0259 c\u0259lb olunmu\u015fdur. 18 iyun tarixind\u0259 \u201cSa\u011flam G\u0259l\u0259c\u0259yin Proqnozla\u015fd\u0131r\u0131lmas\u0131 \u00fczr\u0259 2-ci illik Qlobal Sammit\u201d \u00e7\u0259r\u00e7iv\u0259sind\u0259 Az\u0259rbaycan Milli QHT Forumu (AMQF) yan t\u0259dbir t\u0259\u015fkil etdi. T\u0259dbir zaman\u0131 yerli QHT-l\u0259r v\u0259 Sammitd\u0259 i\u015ftirak ed\u0259n xarici t\u0259\u015fkilatlar, QHT-l\u0259r, ekspert v\u0259 beyn\u0259lxalq fondlar\u0131n n\u00fcmay\u0259nd\u0259l\u0259ri aras\u0131nda g\u00f6r\u00fc\u015f ke\u00e7ir\u0259r\u0259k, COP29 prosesin\u0259 t\u00f6hf\u0259 ver\u0259 bil\u0259c\u0259k m\u0259s\u0259l\u0259l\u0259r \u00fczr\u0259 \u0259m\u0259kda\u015fl\u0131q perspektivl\u0259rini m\u00fczakir\u0259 edibl\u0259r. G\u00f6r\u00fc\u015f\u00fcn m\u0259qs\u0259di beyn\u0259lxalq\/xarici v\u0259t\u0259nda\u015f c\u0259miyy\u0259ti il\u0259 Az\u0259rbaycan\u0131n s\u0259hiyy\u0259 v\u0259 iqlim QHT-l\u0259ri \u00fc\u00e7\u00fcn qlobal sa\u011flaml\u0131q v\u0259 COP29-la ba\u011fl\u0131 bilik, anlay\u0131\u015f v\u0259 t\u0259cr\u00fcb\u0259l\u0259ri b\u00f6l\u00fc\u015fm\u0259k, dayan\u0131ql\u0131 \u0259traf m\u00fchit istiqam\u0259tind\u0259 i\u015fl\u0259m\u0259k \u00fc\u00e7\u00fcn \u0259m\u0259kda\u015fl\u0131q t\u0259\u015f\u0259bb\u00fcsl\u0259ri v\u0259 t\u0259r\u0259fda\u015fl\u0131qlar\u0131n qurulmas\u0131 \u00fc\u00e7\u00fcn dialoq, h\u0259m\u00e7inin beyn\u0259lxalq t\u0259\u015fkilatlar il\u0259 \u015f\u0259b\u0259k\u0259l\u0259\u015fm\u0259ni g\u00fccl\u0259ndirm\u0259kl\u0259 COP29 Prosesin\u0259 v\u0259 yekun n\u0259tic\u0259l\u0259r\u0259 \u0259sasl\u0131 t\u00f6hf\u0259 verm\u0259k olub.\u00a0 Forum t\u0259r\u0259find\u0259n bir qrup xarici QHT n\u00fcmay\u0259nd\u0259si v\u0259 ekspertind\u0259n COP29, QHT-l\u0259rin iqlim dan\u0131\u015f\u0131qlar\u0131nda rolu il\u0259 ba\u011fl\u0131 video m\u00fcsahib\u0259l\u0259r al\u0131naraq 12 \u0259d\u0259d video\u00e7arx haz\u0131rlanm\u0131\u015fd\u0131r. H\u0259min video\u00e7arxlar AMQF s\u0259hif\u0259sind\u0259 payla\u015f\u0131l\u0131r. 1999-cu ild\u0259 t\u0259sis edil\u0259n AMQF \u00f6z\u00fcnd\u0259 500-\u0259 yax\u0131n milli v\u0259 yerli QHT-ni birl\u0259\u015fdirir. COP29-a haz\u0131rl\u0131q m\u0259qs\u0259dil\u0259 Milli QHT Forumu h\u0259m\u00e7inin, media m\u0259qal\u0259l\u0259ri, m\u00fcsahib\u0259l\u0259r v\u0259 m\u00fcxt\u0259lif regionlarda maarifl\u0259ndirm\u0259 t\u0259dbirl\u0259ri vasit\u0259sil\u0259 iqlim d\u0259yi\u015fikliyi v\u0259 qlobal istil\u0259\u015fm\u0259 haqq\u0131nda ictimaiyy\u0259tin m\u0259lumatl\u0131l\u0131\u011f\u0131n\u0131 art\u0131r\u0131r.<br \/>\nT\u0259\u015fkilat Komit\u0259sinin \u00fczv\u00fcn\u00fcn s\u00f6zl\u0259rin\u0259 g\u00f6r\u0259, \u201cSa\u011flaml\u0131\u011fa Xidm\u0259t\u201d \u0130ctimai birliyi COP29 Kommunikasiya komandas\u0131 il\u0259 birg\u0259 xarici QHT v\u0259 beyn\u0259lxalq t\u0259\u015fkilat n\u00fcmay\u0259nd\u0259l\u0259rinin iqlim d\u0259yi\u015fikliyi il\u0259 ba\u011fl\u0131 q\u0131sa mesajlar verdiyi 8 video \u00e7\u0259kmi\u015f v\u0259 videolar Kommunikasiya komandas\u0131 t\u0259r\u0259find\u0259n x\u00fcsusi olaraq haz\u0131rlanaraq sosial media s\u0259hif\u0259l\u0259rind\u0259 yay\u0131mlanm\u0131\u015fd\u0131r. Biz h\u0259m\u00e7inin \u0259traf m\u00fchitin qorunmas\u0131 sah\u0259sind\u0259 f\u0259al olan Keniya QHT-l\u0259ri il\u0259 \u0259m\u0259kda\u015fl\u0131\u011fa ba\u015flam\u0131\u015f\u0131q. May ay\u0131nda Nairobid\u0259 ke\u00e7iril\u0259n BMT-nin 2024-c\u00fc il V\u0259t\u0259nda\u015f C\u0259miyy\u0259ti Konfrans\u0131 zaman\u0131 biz \u0259m\u0259kda\u015fl\u0131q perspektivl\u0259rini v\u0259 Afrikada yerl\u0259\u015f\u0259n VCT-l\u0259rin COP29-da m\u0259nal\u0131 i\u015ftirak\u0131n\u0131 nec\u0259 t\u0259min etm\u0259yi m\u00fczakir\u0259 etm\u0259k \u00fc\u00e7\u00fcn g\u00f6r\u00fc\u015f ke\u00e7irdik. Keniya iqlim d\u0259yi\u015fikliyinin s\u0259b\u0259b oldu\u011fu ekstremal da\u015fq\u0131nlarla tez-tez \u00fcz-\u00fcz\u0259 qal\u0131r. Bu s\u0259b\u0259bd\u0259n bu \u00f6lk\u0259d\u0259n QHT t\u0259msil\u00e7iliyi COP29 prosesl\u0259rin\u0259 t\u00f6hf\u0259 ver\u0259 bil\u0259r. 14-15 may tarixl\u0259rind\u0259 G7 \u00f6lk\u0259l\u0259rinin Roma \u015f\u0259h\u0259rind\u0259, BMT-in \u018frzaq v\u0259 K\u0259nd T\u0259s\u0259rr\u00fcfat\u0131 t\u0259\u015fkilat\u0131n\u0131n q\u0259rargah\u0131nda (FAO) ke\u00e7iril\u0259n v\u0259t\u0259nda\u015f c\u0259miyy\u0259ti \u2013 C7 sammitind\u0259 i\u015ftirak etdik. T\u0259s\u0327kilat\u0131m\u0131z C7 Koalisiyan\u0131n \u201cI\u0307qlim v\u0259 \u0259traf mu\u0308hit \u0259dal\u0259ti\u201d adl\u0131 is\u0327c\u0327i qrupda t\u0259msil olunur. 40-a yax\u0131n \u00f6lk\u0259d\u0259n 400-\u0259 yax\u0131n v\u0259t\u0259nda\u015f c\u0259miyy\u0259ti, elmi-t\u0259dqiqat institutlar\u0131, g\u0259ncl\u0259r t\u0259\u015fkilatlar\u0131n\u0131n n\u00fcmay\u0259nd\u0259l\u0259ri, h\u0259m\u00e7inin beyn\u0259lxalq t\u0259\u015fkilatlar i\u015ftirak etdiyi Sammit Yoxsullu\u011fa Qar\u015f\u0131 \u0130taliya Koalisiyas\u0131 \u2013 GCAP (Global Call Action Against Poverty) t\u0259r\u0259find\u0259n t\u0259\u015fkil edilmi\u015fdi. Sammit \u00e7\u0259r\u00e7iv\u0259sind\u0259 \u00f6lk\u0259mizi tan\u0131tma\u011fa, COP29 v\u0259 Az\u0259rbaycan\u0131n s\u0259drliyi bar\u0259d\u0259 m\u00fcsb\u0259t mesajlar\u0131 yayma\u011fa, C7 ad\u0131ndan COP29-a d\u0259st\u0259k b\u0259yanat\u0131n\u0131n 8 \u00f6lk\u0259d\u0259n 30 QHT n\u00fcmay\u0259nd\u0259si t\u0259r\u0259find\u0259n imzalanmas\u0131na nail olduq. Panelist kimi COP29 m\u00f6vzusunda \u00e7\u0131x\u0131\u015f ed\u0259r\u0259k, auditoriyan\u0131n suallar\u0131n\u0131 cavabland\u0131rma\u011fa \u00e7al\u0131\u015fd\u0131q.<\/p>\n<p><strong>V\u0259t\u0259nda\u015f c\u0259miyy\u0259ti COP29-un n\u0259tic\u0259l\u0259rinin daha t\u0259msil\u00e7i, \u015f\u0259ffaf v\u0259 t\u0259sirli olmas\u0131n\u0131 t\u0259min etm\u0259y\u0259 k\u00f6m\u0259k ed\u0259 bil\u0259r<\/strong><\/p>\n<p>P\u0259rvan\u0259 V\u0259lidyeva qeyd etdi ki, v\u0259t\u0259nda\u015f c\u0259miyy\u0259ti COP29 prosesinin daha inkl\u00fcziv v\u0259 i\u015ftirak\u00e7\u0131 olmas\u0131nda m\u00fch\u00fcm rol oynay\u0131r, eyni zamanda daha effektiv v\u0259 \u0259dal\u0259tli q\u0259rarlar\u0131n q\u0259bul edilm\u0259sin\u0259 t\u00f6hf\u0259 verir. Onlar\u0131n i\u015ftirak\u0131 COP29-un n\u0259tic\u0259l\u0259rinin daha t\u0259msil\u00e7i, \u015f\u0259ffaf v\u0259 t\u0259sirli olmas\u0131n\u0131 t\u0259min etm\u0259y\u0259 k\u00f6m\u0259k ed\u0259 bil\u0259r. Bu yax\u0131nlarda xarici QHT-l\u0259rd\u0259n COP29 il\u0259 ba\u011fl\u0131 Az\u0259rbaycana d\u0259st\u0259k b\u0259yanatlar\u0131 daxil olub. Son 4 ayda 70-d\u0259n \u00e7ox \u00f6lk\u0259ni t\u0259msil ed\u0259n 400-\u0259 q\u0259d\u0259r QHT v\u0259 ictimai f\u0259al birg\u0259 b\u0259yanatlarla \u00e7\u0131x\u0131\u015f ed\u0259r\u0259k Az\u0259rbaycan\u0131n COP29 s\u0259drliyini v\u0259 iqlim d\u0259yi\u015fikliyi il\u0259 m\u00fcbariz\u0259d\u0259 qlobal liderliyini t\u0259qdir etmi\u015fdir. V\u0259t\u0259nda\u015f c\u0259miyy\u0259tinin m\u0259nal\u0131 i\u015ftirak\u0131, \u00fczv d\u00f6vl\u0259tl\u0259r, icmalar v\u0259 \u0259sas qruplar v\u0259 dig\u0259r maraql\u0131 t\u0259r\u0259fl\u0259r, el\u0259c\u0259 d\u0259 BMT agentlikl\u0259ri aras\u0131nda h\u0259rt\u0259r\u0259fli v\u0259 \u00e7oxsah\u0259li dialoq bizi u\u011furlu COP29-a aparacaqd\u0131r. Bu t\u0259\u015fkilatlar aras\u0131nda inki\u015faf etm\u0259kd\u0259 olan regionlar\u0131n t\u0259msil\u00e7il\u0259rinin \u00fcst\u00fcnl\u00fck t\u0259\u015fkil etm\u0259si d\u0259 m\u00fc\u015fahid\u0259 olunur. Bu is\u0259 o dem\u0259kdir ki, Prezident \u0130lham \u018fliyevin \u00e7a\u011fda\u015f d\u00fcnyan\u0131n probleml\u0259rini ard\u0131c\u0131l \u015f\u0259kild\u0259 qald\u0131rmas\u0131, qlobal t\u0259\u015f\u0259bb\u00fcsl\u0259rl\u0259 \u00e7\u0131x\u0131\u015f etm\u0259si m\u00fcxt\u0259lif regionlarda b\u00f6y\u00fck maraqla qar\u015f\u0131lan\u0131r, diqq\u0259tl\u0259 izl\u0259nilir v\u0259 Az\u0259rbaycana, onun Liderin\u0259 olan r\u0259\u011fb\u0259ti art\u0131r\u0131r.<\/p>\n<p><em><strong>Yaqut A\u011fa\u015fahq\u0131z\u0131, \u201c\u0130ki sahi\u201d<\/strong><\/em><\/p>\n","protected":false},"excerpt":{"rendered":"<p>V\u0259t\u0259nda\u015f c\u0259miyy\u0259ti COP29 prosesinin daha inkl\u00fcziv v\u0259 i\u015ftirak\u00e7\u0131 olmas\u0131nda m\u00fch\u00fcm rol oynay\u0131r Az\u0259rbaycan son ill\u0259rd\u0259\u00a0 n\u00fcfuzlu m\u00f6t\u0259b\u0259r t\u0259dbirl\u0259rin, qlobal forumlar\u0131n, m\u00fcxt\u0259lif missiyalar\u0131n g\u00f6r\u00fc\u015fl\u0259rinin\u00a0 \u0259n\u0259n\u0259vi olaraq ke\u00e7irildiyi m\u0259kana \u00e7evrilib. 2024-c\u00fc ilin noyabr\u0131nda is\u0259 \u00f6lk\u0259miz\u00a0 BMT-nin \u0130qlim D\u0259yi\u015fm\u0259l\u0259ri \u00fczr\u0259 \u00c7\u0259r\u00e7iv\u0259 Konvensiyas\u0131n\u0131n T\u0259r\u0259fl\u0259r Konfrans\u0131n\u0131n 29-cu sessiyas\u0131na \u2013 COP29-a ev sahibliyi ed\u0259c\u0259k. D\u00fcnyan\u0131n \u0259n b\u00f6y\u00fck beyn\u0259lxalq konfrans\u0131 olan COP29-un ya\u015f\u0131l enerjiy\u0259 qlobal ke\u00e7id, istixana qaz\u0131 emissiyalar\u0131n\u0131n v\u0259 iqlim d\u0259yi\u015fikliyinin azald\u0131lmas\u0131 \u00fc\u00e7\u00fcn g\u00fccl\u00fc stimul olaca\u011f\u0131 g\u00f6zl\u0259nilir.\u00a0 COP-un son d\u00f6vrl\u0259rd\u0259 neft \u00f6lk\u0259l\u0259rind\u0259 ke\u00e7irilm\u0259si o mesaj\u0131 verir ki, bu \u00f6lk\u0259l\u0259r d\u0259 \u00f6z iqtisadiyyat\u0131n\u0131 ya\u015f\u0131l enerjiy\u0259 ke\u00e7id istiqam\u0259tind\u0259&hellip;<\/p>\n","protected":false},"author":2,"featured_media":733987,"comment_status":"closed","ping_status":"closed","sticky":false,"template":"","format":"standard","meta":{"om_disable_all_campaigns":false,"_monsterinsights_skip_tracking":false,"_monsterinsights_sitenote_active":false,"_monsterinsights_sitenote_note":"","_monsterinsights_sitenote_category":0},"categories":[19],"tags":[],"aioseo_notices":[],"gutentor_comment":0,"rttpg_featured_image_url":{"full":["https:\/\/arantv.az\/wp-content\/uploads\/2024\/07\/fface838171896366857677490010499665.jpg",975,540,false],"landscape":["https:\/\/arantv.az\/wp-content\/uploads\/2024\/07\/fface838171896366857677490010499665.jpg",975,540,false],"portraits":["https:\/\/arantv.az\/wp-content\/uploads\/2024\/07\/fface838171896366857677490010499665.jpg",975,540,false],"thumbnail":["https:\/\/arantv.az\/wp-content\/uploads\/2024\/07\/fface838171896366857677490010499665-500x280.jpg",500,280,true],"medium":["https:\/\/arantv.az\/wp-content\/uploads\/2024\/07\/fface838171896366857677490010499665-660x365.jpg",660,365,true],"large":["https:\/\/arantv.az\/wp-content\/uploads\/2024\/07\/fface838171896366857677490010499665-840x465.jpg",640,354,true],"1536x1536":["https:\/\/arantv.az\/wp-content\/uploads\/2024\/07\/fface838171896366857677490010499665.jpg",975,540,false],"2048x2048":["https:\/\/arantv.az\/wp-content\/uploads\/2024\/07\/fface838171896366857677490010499665.jpg",975,540,false],"post-thumbnail":["https:\/\/arantv.az\/wp-content\/uploads\/2024\/07\/fface838171896366857677490010499665-240x172.jpg",240,172,true],"advps-thumb-one":["https:\/\/arantv.az\/wp-content\/uploads\/2024\/07\/fface838171896366857677490010499665.jpg",975,540,false]},"rttpg_author":{"display_name":"V\u00fcsal Rafiqo\u011flu","author_link":"https:\/\/arantv.az\/?author=2"},"rttpg_comment":0,"rttpg_category":"<a href=\"https:\/\/arantv.az\/?cat=19\" rel=\"category\">G\u00fcnd\u0259m<\/a>","rttpg_excerpt":"V\u0259t\u0259nda\u015f c\u0259miyy\u0259ti COP29 prosesinin daha inkl\u00fcziv v\u0259 i\u015ftirak\u00e7\u0131 olmas\u0131nda m\u00fch\u00fcm rol oynay\u0131r Az\u0259rbaycan son ill\u0259rd\u0259\u00a0 n\u00fcfuzlu m\u00f6t\u0259b\u0259r t\u0259dbirl\u0259rin, qlobal forumlar\u0131n, m\u00fcxt\u0259lif missiyalar\u0131n g\u00f6r\u00fc\u015fl\u0259rinin\u00a0 \u0259n\u0259n\u0259vi olaraq ke\u00e7irildiyi m\u0259kana \u00e7evrilib. 2024-c\u00fc ilin noyabr\u0131nda is\u0259 \u00f6lk\u0259miz\u00a0 BMT-nin \u0130qlim D\u0259yi\u015fm\u0259l\u0259ri \u00fczr\u0259 \u00c7\u0259r\u00e7iv\u0259 Konvensiyas\u0131n\u0131n T\u0259r\u0259fl\u0259r Konfrans\u0131n\u0131n 29-cu sessiyas\u0131na \u2013 COP29-a ev sahibliyi ed\u0259c\u0259k. D\u00fcnyan\u0131n \u0259n b\u00f6y\u00fck beyn\u0259lxalq konfrans\u0131 olan COP29-un&hellip;","_links":{"self":[{"href":"https:\/\/arantv.az\/index.php?rest_route=\/wp\/v2\/posts\/733986"}],"collection":[{"href":"https:\/\/arantv.az\/index.php?rest_route=\/wp\/v2\/posts"}],"about":[{"href":"https:\/\/arantv.az\/index.php?rest_route=\/wp\/v2\/types\/post"}],"author":[{"embeddable":true,"href":"https:\/\/arantv.az\/index.php?rest_route=\/wp\/v2\/users\/2"}],"replies":[{"embeddable":true,"href":"https:\/\/arantv.az\/index.php?rest_route=%2Fwp%2Fv2%2Fcomments&post=733986"}],"version-history":[{"count":0,"href":"https:\/\/arantv.az\/index.php?rest_route=\/wp\/v2\/posts\/733986\/revisions"}],"wp:featuredmedia":[{"embeddable":true,"href":"https:\/\/arantv.az\/index.php?rest_route=\/wp\/v2\/media\/733987"}],"wp:attachment":[{"href":"https:\/\/arantv.az\/index.php?rest_route=%2Fwp%2Fv2%2Fmedia&parent=733986"}],"wp:term":[{"taxonomy":"category","embeddable":true,"href":"https:\/\/arantv.az\/index.php?rest_route=%2Fwp%2Fv2%2Fcategories&post=733986"},{"taxonomy":"post_tag","embeddable":true,"href":"https:\/\/arantv.az\/index.php?rest_route=%2Fwp%2Fv2%2Ftags&post=733986"}],"curies":[{"name":"wp","href":"https:\/\/api.w.org\/{rel}","templated":true}]}}