{"id":733999,"date":"2024-07-02T20:34:25","date_gmt":"2024-07-02T16:34:25","guid":{"rendered":"https:\/\/arantv.az\/?p=733999"},"modified":"2024-07-02T20:34:25","modified_gmt":"2024-07-02T16:34:25","slug":"%c9%99liyev-%c9%99sas-sulh-s%c9%99rtini-s%c9%99rt-mesajla-elan-etdi-ir%c9%99van-ag-ev-v%c9%99-brussel-labirintd%c9%99-qalib-cixis-yolu-is%c9%99-t%c9%99kdir","status":"publish","type":"post","link":"https:\/\/arantv.az\/?p=733999","title":{"rendered":"\u018fliyev \u0259sas s\u00fclh \u015f\u0259rtini s\u0259rt mesajla elan etdi: \u0130r\u0259van, A\u011f Ev v\u0259 Br\u00fcssel \u201clabirint\u201dd\u0259 qal\u0131b, \u00e7\u0131x\u0131\u015f yolu is\u0259 t\u0259kdir"},"content":{"rendered":"<h3><strong>Az\u0259rbaycan Prezidenti \u0130lham \u018fliyev Erm\u0259nistan konstitusiyas\u0131 d\u0259yi\u015fdirilm\u0259y\u0259c\u0259yi t\u0259qdird\u0259, yekun s\u00fclh sazi\u015finin imzalanmas\u0131n\u0131n ba\u015f tutmayaca\u011f\u0131n\u0131 birm\u0259nal\u0131 \u015f\u0259kild\u0259 vur\u011fulay\u0131b&#8230; Ona g\u00f6r\u0259 d\u0259, AB\u015e v\u0259 Avropa Birliyi C\u0259nubi Qafqazda s\u00fclh prosesinin u\u011furunda do\u011frudan da maraql\u0131d\u0131rsa, d\u0259rhal Pa\u015finyan hakimiyy\u0259tin\u0259 birba\u015fa t\u0259zyiq g\u00f6st\u0259rilm\u0259lidir&#8230;<\/strong><\/h3>\n<p><em><strong>C\u0259nubi Qafqazda s\u00fclh prosesi haz\u0131rda kifay\u0259t q\u0259d\u0259r ciddi ziddiyy\u0259t predmetin\u0259 \u00e7evrilm\u0259y\u0259 ba\u015flay\u0131b. Bel\u0259 ki, Rusiya v\u0259 Fransa bu \u00f6n\u0259mli regional prosesin u\u011fur qazanmas\u0131nda q\u0259tiyy\u0259n maraql\u0131 deyil. Fransa C\u0259nubi Qafqazda \u00fcmumiyy\u0259tl\u0259, yeni sava\u015f\u0131n \u0259sas sponsoru statusunda \u00e7\u0131x\u0131\u015f edir. R\u0259smi Paris Fransan\u0131n C\u0259nubi Qafqaza \u201cgeopolitik p\u0259nc\u0259r\u0259\u201d a\u00e7mas\u0131na b\u0259han\u0259 qazanmaq \u00fc\u00e7\u00fcn Az\u0259rbaycan v\u0259 Erm\u0259nistan aras\u0131nda n\u00f6vb\u0259ti h\u0259rbi toqqu\u015fmalarda birba\u015fa maraql\u0131d\u0131r. V\u0259 son vaxtlar bu niyy\u0259tin\u0259 nail olmaq \u00fc\u00e7\u00fcn Erm\u0259nistan\u0131n silahland\u0131r\u0131lmas\u0131 da daxil olmaqla, b\u00fct\u00fcn imkanlardan istifad\u0259 etm\u0259y\u0259 \u00e7al\u0131\u015f\u0131r.<\/strong><\/em><\/p>\n<p>Rusiyaya g\u0259ldikd\u0259s\u0259, Kreml d\u0259 C\u0259nubi Qafqazda s\u00fclh prosesinin pozulmas\u0131nda m\u00fc\u0259yy\u0259n m\u0259nada, maraql\u0131d\u0131r. Ancaq Kremlin regional m\u00f6vqel\u0259ri ciddi \u015f\u0259kild\u0259 z\u0259ifl\u0259diyind\u0259n Rusiya C\u0259nubi Qafqazda s\u00fclh prosesinin inki\u015faf istiqam\u0259tl\u0259rin\u0259 birba\u015fa m\u00fcdaxil\u0259 etm\u0259kd\u0259 \u00e7\u0259tinlik \u00e7\u0259kir. Ona g\u00f6r\u0259 d\u0259, Kreml s\u00fclh prosesin\u0259 \u0259ng\u0259l t\u00f6r\u0259d\u0259 bilm\u0259s\u0259 d\u0259, he\u00e7 olmasa, Az\u0259rbaycan v\u0259 Erm\u0259nistan aras\u0131nda dan\u0131\u015f\u0131qlar\u0131n Rusiyan\u0131n vasit\u0259\u00e7iliyind\u0259 davam etm\u0259sin\u0259 c\u0259hd g\u00f6st\u0259rir. V\u0259 Kremld\u0259 hesab edirl\u0259r ki, \u0259g\u0259r, yekun s\u00fclh sazi\u015fi Moskvada Rusiyan\u0131n vasit\u0259\u00e7iliyi il\u0259 imzalanarsa, bunun \u00f6z\u00fc d\u0259 b\u00f6y\u00fck geopolitik u\u011fur dem\u0259k olacaq.<\/p>\n<p><img loading=\"lazy\" src=\"https:\/\/cdn.musavat.com\/news\/thumbnails\/83d7db70ae950161e3a3b03fc5fe3899.jpg\" alt=\"08d7627d-c37a-4027-b621-d957c3ed31d5.jpg (105 KB)\" width=\"700\" height=\"402\" \/><\/p>\n<p>Ancaq AB\u015e v\u0259 Avropa Birliyi Fransa-Rusiya c\u00fctl\u00fcy\u00fcnd\u0259n daha f\u0259rqli m\u00f6vqey\u0259 \u00fcst\u00fcnl\u00fck verir. Bel\u0259 ki, A\u011f Evd\u0259 v\u0259 Br\u00fcsseld\u0259 Az\u0259rbaycan-Erm\u0259nistan yekun s\u00fclh sazi\u015finin m\u00fcmk\u00fcn q\u0259d\u0259r tez bir zamanda imzalanmas\u0131n\u0131 vacib hesab edirl\u0259r. Eyni zamanda, AB\u015e v\u0259 Avropa Birliyi Rusiyan\u0131n regional s\u00fclh prosesind\u0259n k\u0259nar tutulmas\u0131nda da birba\u015fa maraql\u0131d\u0131r. Y\u0259ni, Az\u0259rbaycan v\u0259 Erm\u0259nistan aras\u0131nda yekun s\u00fclh sazi\u015finin Rusiyada deyil, m\u0259hz Q\u0259rb \u00f6lk\u0259l\u0259rind\u0259n birind\u0259 imzalanmas\u0131n\u0131 ist\u0259yirl\u0259r. V\u0259 bununla da Rusiyan\u0131n C\u0259nubi Qafqazdan s\u0131x\u0131\u015fd\u0131r\u0131l\u0131b \u00e7\u0131xar\u0131lmas\u0131nda n\u00f6vb\u0259ti m\u0259rh\u0259l\u0259nin ba\u015flad\u0131lmas\u0131na c\u0259hd g\u00f6st\u0259rirl\u0259r.<\/p>\n<p>Maraql\u0131d\u0131r ki, AB\u015e son vaxtlar C\u0259nubi Qafqazda s\u00fclh prosesin\u0259 x\u00fcsusi diqq\u0259t yetirdiyini v\u0259 h\u0259tta bunun \u0259sas s\u0259b\u0259bl\u0259rini qabar\u0131q \u015f\u0259kild\u0259 g\u00fcnd\u0259m\u0259 g\u0259tirir. Bir m\u00fcdd\u0259t \u00f6nc\u0259 Az\u0259rbaycana s\u0259f\u0259r etmi\u015f AB\u015e-\u0131n d\u00f6vl\u0259t katibinin k\u00f6m\u0259k\u00e7isi Ceyms Obrayen yaln\u0131z C\u0259nubi Qafqaz d\u00f6vl\u0259tl\u0259rinin deyil, Orta Asiya \u00f6lk\u0259l\u0259rinin d\u0259 Az\u0259rbaycan v\u0259 Erm\u0259nistan aras\u0131nda yekun s\u00fclh sazi\u015finin imzalanmas\u0131na ciddi ehtiyac duydu\u011funu vur\u011fulam\u0131\u015fd\u0131. V\u0259 AB\u015e t\u0259msil\u00e7isi bu fikrini h\u0259l\u0259lik daha \u00e7ox Rusiya \u0259razisind\u0259n istifad\u0259 etm\u0259k m\u0259cburiyy\u0259tind\u0259 qalan Orta Asiya \u00f6lk\u0259l\u0259rinin d\u00fcnya bazarlar\u0131na daha \u0259lveri\u015fli mar\u015frut qazanmas\u0131 bax\u0131m\u0131ndan, C\u0259nubi Qafqaz\u0131n \u00f6n\u0259mini \u00f6n plana \u00e7\u0131xartmaqla, izah etm\u0259y\u0259 \u00e7al\u0131\u015fm\u0131\u015fd\u0131.<\/p>\n<p>Bel\u0259 anla\u015f\u0131l\u0131r ki, AB\u015e v\u0259 Avropa Birliyi \u0259n q\u0131sa zamanda Az\u0259rbaycan v\u0259 Erm\u0259nistan aras\u0131nda yekun s\u00fclh sazi\u015finin imzalanmas\u0131nda maraql\u0131d\u0131r. \u018fsas s\u0259b\u0259b is\u0259 m\u0259hz Z\u0259ng\u0259zur d\u0259hlizinin a\u00e7\u0131laca\u011f\u0131 t\u0259qdird\u0259, geopolitik v\u0259 geoiqtisadi prosesl\u0259rin inki\u015faf perspektivl\u0259ri il\u0259 birba\u015fa ba\u011fl\u0131d\u0131r. Y\u0259ni, AB\u015e v\u0259 Avropa Birliyi Z\u0259ng\u0259zur d\u0259hlizi \u00fcz\u0259rind\u0259n Orta Asiya \u00f6lk\u0259l\u0259ri il\u0259 yax\u0131nla\u015fma prosesini intensivl\u0259\u015fdirm\u0259k niyy\u0259tind\u0259dir. V\u0259 bununla da Orta Asiyan\u0131n Rusiya-\u00c7in c\u00fctl\u00fcy\u00fcn\u00fcn t\u0259sir dair\u0259sind\u0259n \u00e7\u0131xartmaq m\u0259qs\u0259di g\u00fcd\u00fcl\u00fcr.<\/p>\n<p><img loading=\"lazy\" src=\"https:\/\/cdn.musavat.com\/news\/thumbnails\/fa1228104e3afdfa20131b827e201abd.jpg\" alt=\"1712667597_photo_5235601370919329952_y.jpg (116 KB)\" width=\"700\" height=\"432\" \/><\/p>\n<p>Onu da qeyd etm\u0259k laz\u0131md\u0131r ki, AB\u015e-\u0131n d\u00f6vl\u0259t katibi Entoni Blinken Az\u0259rbaycan-Erm\u0259nistan s\u00fclh dan\u0131\u015f\u0131qlar\u0131n\u0131 diqq\u0259tl\u0259 izl\u0259dikl\u0259rini v\u0259 d\u0259st\u0259kl\u0259dikl\u0259rini bildirib. Onun fikrinc\u0259, regional s\u00fclh prosesinin u\u011fur qazanmas\u0131 ilk n\u00f6vb\u0259d\u0259 C\u0259nubi Qafqaz\u0131n iqtisadi inki\u015faf\u0131na b\u00f6y\u00fck t\u0259kan ver\u0259c\u0259k v\u0259 bundan h\u0259r k\u0259s faydalanacaq. AB\u015e-\u0131n d\u00f6vl\u0259t katibi onu da vur\u011fulay\u0131b ki, haz\u0131rda Az\u0259rbaycan v\u0259 Erm\u0259nistan aras\u0131nda yekun s\u00fclh sazi\u015finin imzalanmas\u0131 \u00fc\u00e7\u00fcn tarixi imkanlar a\u00e7\u0131l\u0131b. V\u0259 h\u0259r iki m\u00fcnaqi\u015f\u0259 t\u0259r\u0259fi bu imkanlardan maksimum s\u0259viyy\u0259d\u0259 istifad\u0259 etm\u0259lidir.<\/p>\n<p>Dig\u0259r t\u0259r\u0259fd\u0259n, d\u00f6vl\u0259t katibi Entoni Blinken yekun s\u00fclh sazi\u015finin imzalanaca\u011f\u0131 t\u0259qdird\u0259, C\u0259nubi Qafqaz\u0131n \u015e\u0259rq-Q\u0259rb v\u0259 \u015eimal-C\u0259nub d\u0259hlizl\u0259rinin f\u0259aliyy\u0259tini t\u0259min ed\u0259 bil\u0259c\u0259yin\u0259 \u0259mindir. Onun q\u0259na\u0259tin\u0259 g\u00f6r\u0259, bu \u00f6n\u0259mli geoiqtisadi h\u0259d\u0259fl\u0259rin realla\u015fmas\u0131nda Az\u0259rbaycan h\u0259lledici rol oynaya bil\u0259r. Y\u0259ni, A\u011f Ev t\u0259msil\u00e7isi dolay\u0131s\u0131 il\u0259 etiraf edib ki, AB\u015e v\u0259 Avropa Birliyinin C\u0259nubi Qafqaz planlar\u0131n\u0131n realla\u015fma ehtimal\u0131 indi daha \u00e7ox r\u0259smi Bak\u0131n\u0131n m\u00f6vqeyind\u0259n as\u0131l\u0131d\u0131r. V\u0259 Az\u0259rbaycan\u0131n ver\u0259c\u0259yi geopolitik q\u0259rarlar is\u0259 taley\u00fckl\u00fc xarakter da\u015f\u0131yacaq.<\/p>\n<p>\u018fslind\u0259, r\u0259smi Bak\u0131 yekun q\u0259rar\u0131n\u0131 verib v\u0259 bunu a\u00e7\u0131q \u015f\u0259kild\u0259 b\u0259yan edib. Az\u0259rbaycan C\u0259nubi Qafqaz\u0131n \u015e\u0259rq-Q\u0259rb v\u0259 \u015eimal-C\u0259nub mar\u015frutlar\u0131 \u00fczr\u0259 \u0259sas tranzit region olmas\u0131ndan tamamil\u0259 m\u0259mnundur. \u00dcst\u0259lik, r\u0259smi Bak\u0131 b\u00fct\u00fcn bunlar\u0131n realla\u015fmas\u0131 istiqam\u0259rind\u0259 prinsipial add\u0131mlar da atmaqdad\u0131r. Sad\u0259c\u0259, m\u0259s\u0259l\u0259l\u0259rin h\u0259lli qar\u015f\u0131s\u0131nda Fransan\u0131n h\u0259rbi-siyasi d\u0259st\u0259yin\u0259 arxay\u0131n olan Erm\u0259nistan \u0259sas \u0259ng\u0259l rolunu oynay\u0131r. V\u0259 r\u0259smi \u0130r\u0259van Az\u0259rbaycan\u0131n beyn\u0259lxalq h\u00fcquq normalar\u0131 \u00e7\u0259r\u00e7iv\u0259sind\u0259 ir\u0259li s\u00fcrd\u00fcy\u00fc s\u00fclh \u015f\u0259rtl\u0259rinin yerin\u0259 yetirilm\u0259sini m\u00fcxt\u0259lif siyasi manipulyasiyalar il\u0259 l\u0259ngidir.<\/p>\n<p><img loading=\"lazy\" src=\"https:\/\/cdn.musavat.com\/news\/thumbnails\/820bcc838dfed77e984e43f5a6a59a84.jpg\" alt=\"foto-4.jpg (74 KB)\" width=\"700\" height=\"425\" \/><\/p>\n<p>M\u0259s\u0259l\u0259 ondad\u0131r ki, Az\u0259rbaycan Prezidenti \u0130lham \u018fliyev d\u0259 yax\u0131n bir ne\u00e7\u0259 ay \u0259rzind\u0259 yekun s\u00fclh sazi\u015finin b\u00fct\u00fcn madd\u0259l\u0259rinin raz\u0131la\u015fd\u0131r\u0131lmas\u0131n\u0131n m\u00fcmk\u00fcn ola bil\u0259c\u0259yini q\u0259tiyy\u0259n istisna etm\u0259yib. Ancaq Az\u0259rbaycan lideri onu da vur\u011fulay\u0131b ki, yekun s\u00fclh sazi\u015finin imzalanmas\u0131 birm\u0259nal\u0131 \u015f\u0259kild\u0259 qar\u015f\u0131l\u0131ql\u0131 \u0259razi iddialar\u0131ndan imtina edilm\u0259siyl\u0259, m\u00fcmk\u00fcn ola bil\u0259r. Halbuki, r\u0259smi \u0130r\u0259van bu istiqam\u0259td\u0259 m\u00f6vcud olan \u0259sas problemin h\u0259llind\u0259n h\u0259l\u0259 d\u0259 yay\u0131nma\u011fa \u00e7al\u0131\u015f\u0131r. V\u0259 Az\u0259rbaycana qar\u015f\u0131 \u0259razi iddialar\u0131n\u0131n yer ald\u0131\u011f\u0131 Erm\u0259nistan konstitusiyas\u0131n\u0131n d\u0259yi\u015fdirilm\u0259sini yax\u0131na buraxmaq ist\u0259mir.<\/p>\n<p>T\u0259bii ki, bu, haz\u0131rda Az\u0259rbaycan v\u0259 Erm\u0259nistan aras\u0131nda yekun s\u00fclh sazi\u015finin imzalanmas\u0131n\u0131 qeyri-m\u00fcmk\u00fcn edir. Bel\u0259 ki, Az\u0259rbaycan Prezidenti \u0130lham \u018fliyev Erm\u0259nistan konstitusiyas\u0131 d\u0259yi\u015fdirilm\u0259y\u0259c\u0259yi t\u0259qdird\u0259, yekun s\u00fclh sazi\u015finin imzalanmas\u0131n\u0131n ba\u015f tutmayaca\u011f\u0131n\u0131 birm\u0259nal\u0131 \u015f\u0259kild\u0259 vur\u011fulay\u0131b. Y\u0259ni, Prezident \u0130lham \u018fliyev Az\u0259rbaycan\u0131n s\u00fclh sazi\u015fi \u00fc\u00e7\u00fcn \u0259sas \u015f\u0259rtini art\u0131q r\u0259sm\u0259n elan edib. Ona g\u00f6r\u0259 d\u0259, r\u0259smi \u0130r\u0259van \u0259g\u0259r, do\u011frudan da, s\u00fclh sazi\u015fi ist\u0259yirs\u0259, ilk n\u00f6vb\u0259d\u0259 Az\u0259rbaycan liderinin \u015f\u0259rtin\u0259 uy\u011fun olaraq, Erm\u0259nistan konstitisiyas\u0131n\u0131 \u0259n q\u0131sa zamanda d\u0259yi\u015fdirm\u0259k bar\u0259d\u0259 d\u00fc\u015f\u00fcnm\u0259lidir. Eyni zamanda, AB\u015e v\u0259 Avropa Birliyi d\u0259 bu m\u0259s\u0259l\u0259d\u0259 h\u0259qiq\u0259t\u0259n maraql\u0131d\u0131rsa, onda Pa\u015finyan hakimiyy\u0259tin\u0259 birba\u015fa t\u0259zyiq g\u00f6st\u0259rm\u0259lidir.<\/p>\n<p><strong>El\u00e7in XAL\u0130DB\u018fYL\u0130,<\/strong><br \/>\n<strong>Siyasi ekspert,<\/strong><br \/>\n<strong>\u201cYeni M\u00fcsavat\u201d Media Qrupu<\/strong><\/p>\n<p><img loading=\"lazy\" src=\"https:\/\/cdn.musavat.com\/news\/thumbnails\/004821fae7991696e809ed2abb664862.jpg\" width=\"362\" height=\"362\" \/><\/p>\n","protected":false},"excerpt":{"rendered":"<p>Az\u0259rbaycan Prezidenti \u0130lham \u018fliyev Erm\u0259nistan konstitusiyas\u0131 d\u0259yi\u015fdirilm\u0259y\u0259c\u0259yi t\u0259qdird\u0259, yekun s\u00fclh sazi\u015finin imzalanmas\u0131n\u0131n ba\u015f tutmayaca\u011f\u0131n\u0131 birm\u0259nal\u0131 \u015f\u0259kild\u0259 vur\u011fulay\u0131b&#8230; Ona g\u00f6r\u0259 d\u0259, AB\u015e v\u0259 Avropa Birliyi C\u0259nubi Qafqazda s\u00fclh prosesinin u\u011furunda do\u011frudan da maraql\u0131d\u0131rsa, d\u0259rhal Pa\u015finyan hakimiyy\u0259tin\u0259 birba\u015fa t\u0259zyiq g\u00f6st\u0259rilm\u0259lidir&#8230; C\u0259nubi Qafqazda s\u00fclh prosesi haz\u0131rda kifay\u0259t q\u0259d\u0259r ciddi ziddiyy\u0259t predmetin\u0259 \u00e7evrilm\u0259y\u0259 ba\u015flay\u0131b. Bel\u0259 ki, Rusiya v\u0259 Fransa bu \u00f6n\u0259mli regional prosesin u\u011fur qazanmas\u0131nda q\u0259tiyy\u0259n maraql\u0131 deyil. Fransa C\u0259nubi Qafqazda \u00fcmumiyy\u0259tl\u0259, yeni sava\u015f\u0131n \u0259sas sponsoru statusunda \u00e7\u0131x\u0131\u015f edir. R\u0259smi Paris Fransan\u0131n C\u0259nubi Qafqaza \u201cgeopolitik p\u0259nc\u0259r\u0259\u201d a\u00e7mas\u0131na b\u0259han\u0259 qazanmaq \u00fc\u00e7\u00fcn Az\u0259rbaycan v\u0259 Erm\u0259nistan aras\u0131nda&hellip;<\/p>\n","protected":false},"author":2,"featured_media":734000,"comment_status":"closed","ping_status":"closed","sticky":false,"template":"","format":"standard","meta":{"om_disable_all_campaigns":false,"_monsterinsights_skip_tracking":false,"_monsterinsights_sitenote_active":false,"_monsterinsights_sitenote_note":"","_monsterinsights_sitenote_category":0},"categories":[4],"tags":[],"aioseo_notices":[],"gutentor_comment":0,"rttpg_featured_image_url":{"full":["https:\/\/arantv.az\/wp-content\/uploads\/2024\/07\/96be47f3a5a437e05d842ae39bab76b0.jpg",870,500,false],"landscape":["https:\/\/arantv.az\/wp-content\/uploads\/2024\/07\/96be47f3a5a437e05d842ae39bab76b0.jpg",870,500,false],"portraits":["https:\/\/arantv.az\/wp-content\/uploads\/2024\/07\/96be47f3a5a437e05d842ae39bab76b0.jpg",870,500,false],"thumbnail":["https:\/\/arantv.az\/wp-content\/uploads\/2024\/07\/96be47f3a5a437e05d842ae39bab76b0-500x280.jpg",500,280,true],"medium":["https:\/\/arantv.az\/wp-content\/uploads\/2024\/07\/96be47f3a5a437e05d842ae39bab76b0-635x365.jpg",635,365,true],"large":["https:\/\/arantv.az\/wp-content\/uploads\/2024\/07\/96be47f3a5a437e05d842ae39bab76b0-840x483.jpg",640,368,true],"1536x1536":["https:\/\/arantv.az\/wp-content\/uploads\/2024\/07\/96be47f3a5a437e05d842ae39bab76b0.jpg",870,500,false],"2048x2048":["https:\/\/arantv.az\/wp-content\/uploads\/2024\/07\/96be47f3a5a437e05d842ae39bab76b0.jpg",870,500,false],"post-thumbnail":["https:\/\/arantv.az\/wp-content\/uploads\/2024\/07\/96be47f3a5a437e05d842ae39bab76b0-240x172.jpg",240,172,true],"advps-thumb-one":["https:\/\/arantv.az\/wp-content\/uploads\/2024\/07\/96be47f3a5a437e05d842ae39bab76b0.jpg",870,500,false]},"rttpg_author":{"display_name":"V\u00fcsal Rafiqo\u011flu","author_link":"https:\/\/arantv.az\/?author=2"},"rttpg_comment":0,"rttpg_category":"<a href=\"https:\/\/arantv.az\/?cat=4\" rel=\"category\">Siyas\u0259t<\/a>","rttpg_excerpt":"Az\u0259rbaycan Prezidenti \u0130lham \u018fliyev Erm\u0259nistan konstitusiyas\u0131 d\u0259yi\u015fdirilm\u0259y\u0259c\u0259yi t\u0259qdird\u0259, yekun s\u00fclh sazi\u015finin imzalanmas\u0131n\u0131n ba\u015f tutmayaca\u011f\u0131n\u0131 birm\u0259nal\u0131 \u015f\u0259kild\u0259 vur\u011fulay\u0131b&#8230; Ona g\u00f6r\u0259 d\u0259, AB\u015e v\u0259 Avropa Birliyi C\u0259nubi Qafqazda s\u00fclh prosesinin u\u011furunda do\u011frudan da maraql\u0131d\u0131rsa, d\u0259rhal Pa\u015finyan hakimiyy\u0259tin\u0259 birba\u015fa t\u0259zyiq g\u00f6st\u0259rilm\u0259lidir&#8230; C\u0259nubi Qafqazda s\u00fclh prosesi haz\u0131rda kifay\u0259t q\u0259d\u0259r ciddi ziddiyy\u0259t predmetin\u0259 \u00e7evrilm\u0259y\u0259 ba\u015flay\u0131b. Bel\u0259 ki, Rusiya v\u0259 Fransa&hellip;","_links":{"self":[{"href":"https:\/\/arantv.az\/index.php?rest_route=\/wp\/v2\/posts\/733999"}],"collection":[{"href":"https:\/\/arantv.az\/index.php?rest_route=\/wp\/v2\/posts"}],"about":[{"href":"https:\/\/arantv.az\/index.php?rest_route=\/wp\/v2\/types\/post"}],"author":[{"embeddable":true,"href":"https:\/\/arantv.az\/index.php?rest_route=\/wp\/v2\/users\/2"}],"replies":[{"embeddable":true,"href":"https:\/\/arantv.az\/index.php?rest_route=%2Fwp%2Fv2%2Fcomments&post=733999"}],"version-history":[{"count":0,"href":"https:\/\/arantv.az\/index.php?rest_route=\/wp\/v2\/posts\/733999\/revisions"}],"wp:featuredmedia":[{"embeddable":true,"href":"https:\/\/arantv.az\/index.php?rest_route=\/wp\/v2\/media\/734000"}],"wp:attachment":[{"href":"https:\/\/arantv.az\/index.php?rest_route=%2Fwp%2Fv2%2Fmedia&parent=733999"}],"wp:term":[{"taxonomy":"category","embeddable":true,"href":"https:\/\/arantv.az\/index.php?rest_route=%2Fwp%2Fv2%2Fcategories&post=733999"},{"taxonomy":"post_tag","embeddable":true,"href":"https:\/\/arantv.az\/index.php?rest_route=%2Fwp%2Fv2%2Ftags&post=733999"}],"curies":[{"name":"wp","href":"https:\/\/api.w.org\/{rel}","templated":true}]}}