{"id":734081,"date":"2024-07-02T21:25:28","date_gmt":"2024-07-02T17:25:28","guid":{"rendered":"https:\/\/arantv.az\/?p=734081"},"modified":"2024-07-02T21:25:28","modified_gmt":"2024-07-02T17:25:28","slug":"agd%c9%99r%c9%99d%c9%99-su-anbari-tikil%c9%99c%c9%99k","status":"publish","type":"post","link":"https:\/\/arantv.az\/?p=734081","title":{"rendered":"A\u011fd\u0259r\u0259d\u0259 su anbar\u0131 tikil\u0259c\u0259k"},"content":{"rendered":"<p><strong>T\u0259sdiq olunmu\u015f k\u00f6\u00e7 plan\u0131na \u0259sas\u0259n Xocal\u0131 \u015f\u0259h\u0259ri, K\u0259rkicahan q\u0259s\u0259b\u0259si v\u0259 Mal\u0131b\u0259yli k\u0259ndind\u0259, el\u0259c\u0259 d\u0259 A\u011fd\u0259r\u0259 rayonunun Umudlu k\u0259ndin\u0259 bu il \u0259rzind\u0259 \u00fcmumilikd\u0259 228 ail\u0259nin yerl\u0259\u015fdirilm\u0259si n\u0259z\u0259rd\u0259 tutulub.<\/strong><\/p>\n<p>Bunu Xank\u0259ndi \u015f\u0259h\u0259rind\u0259, A\u011fd\u0259r\u0259 v\u0259 Xocal\u0131 rayonlar\u0131nda Prezidentin x\u00fcsusi n\u00fcmay\u0259nd\u0259si El\u00e7in Yusubov bildirmi\u015fdi.<\/p>\n<p>B\u0259s, bu \u0259razil\u0259r\u0259 k\u00f6\u00e7\u0259c\u0259k v\u0259t\u0259nda\u015flar\u0131n i\u00e7m\u0259li su il\u0259 t\u0259minat\u0131 nec\u0259 olacaq?<\/p>\n<p><strong>ARANTV.AZ<\/strong>\u00a0 x\u0259b\u0259r verir ki, m\u0259s\u0259l\u0259 il\u0259 ba\u011fl\u0131 Trend-\u0259 Az\u0259rbaycan D\u00f6vl\u0259t Su Ehtiyatlar\u0131 Agentliyind\u0259n bildirilib ki, \u0259razil\u0259r\u0259 k\u00f6\u00e7\u0259c\u0259k \u0259halinin i\u00e7m\u0259li su il\u0259 t\u0259minat\u0131nda he\u00e7 bir problem olmayacaq.<\/p>\n<p>&#8220;Xocal\u0131 \u015f\u0259h\u0259rinin i\u00e7m\u0259li su t\u0259minat\u0131nda he\u00e7 bir problem yoxdur. \u018flav\u0259 subartezian quyusu qaz\u0131l\u0131b v\u0259 \u0259lav\u0259 olaraq Badara \u00e7ay\u0131ndan 2.6 km m\u0259saf\u0259d\u0259 magistral su x\u0259tti \u00e7\u0259kilib. K\u0259rkicahan q\u0259s\u0259b\u0259sinin d\u0259 he\u00e7 bir problemi yoxdur. \u015e\u0259b\u0259k\u0259nin qurulmas\u0131 Bak\u0131 Abadl\u0131q Xidm\u0259ti t\u0259r\u0259find\u0259n apar\u0131l\u0131r. Su m\u0259nb\u0259yi v\u0259 anbar\u0131 m\u00f6vcuddur. Mal\u0131b\u0259yli k\u0259ndind\u0259 d\u0259 i\u00e7m\u0259li su il\u0259 ba\u011fl\u0131 problem yoxdur.<\/p>\n<p>A\u011fd\u0259r\u0259 rayonunun Umudlu k\u0259ndind\u0259 d\u0259 su m\u0259nb\u0259yi var. Magistral su k\u0259m\u0259rinin v\u0259 anbar\u0131n tikintisi planla\u015fd\u0131r\u0131l\u0131r. \u018fhali k\u00f6\u00e7\u0259n\u0259 q\u0259d\u0259r bu i\u015fl\u0259r tamamlanacaq. Qay\u0131d\u0131\u015f Plan\u0131na \u0259sas\u0259n \u0259razid\u0259 su problemi olmayacaq&#8221;, &#8211; dey\u0259 qurumdan m\u0259lumat verilib.<\/p>\n","protected":false},"excerpt":{"rendered":"<p>T\u0259sdiq olunmu\u015f k\u00f6\u00e7 plan\u0131na \u0259sas\u0259n Xocal\u0131 \u015f\u0259h\u0259ri, K\u0259rkicahan q\u0259s\u0259b\u0259si v\u0259 Mal\u0131b\u0259yli k\u0259ndind\u0259, el\u0259c\u0259 d\u0259 A\u011fd\u0259r\u0259 rayonunun Umudlu k\u0259ndin\u0259 bu il \u0259rzind\u0259 \u00fcmumilikd\u0259 228 ail\u0259nin yerl\u0259\u015fdirilm\u0259si n\u0259z\u0259rd\u0259 tutulub. Bunu Xank\u0259ndi \u015f\u0259h\u0259rind\u0259, A\u011fd\u0259r\u0259 v\u0259 Xocal\u0131 rayonlar\u0131nda Prezidentin x\u00fcsusi n\u00fcmay\u0259nd\u0259si El\u00e7in Yusubov bildirmi\u015fdi. B\u0259s, bu \u0259razil\u0259r\u0259 k\u00f6\u00e7\u0259c\u0259k v\u0259t\u0259nda\u015flar\u0131n i\u00e7m\u0259li su il\u0259 t\u0259minat\u0131 nec\u0259 olacaq? ARANTV.AZ\u00a0 x\u0259b\u0259r verir ki, m\u0259s\u0259l\u0259 il\u0259 ba\u011fl\u0131 Trend-\u0259 Az\u0259rbaycan D\u00f6vl\u0259t Su Ehtiyatlar\u0131 Agentliyind\u0259n bildirilib ki, \u0259razil\u0259r\u0259 k\u00f6\u00e7\u0259c\u0259k \u0259halinin i\u00e7m\u0259li su il\u0259 t\u0259minat\u0131nda he\u00e7 bir problem olmayacaq. &#8220;Xocal\u0131 \u015f\u0259h\u0259rinin i\u00e7m\u0259li su t\u0259minat\u0131nda he\u00e7 bir problem yoxdur. \u018flav\u0259 subartezian quyusu qaz\u0131l\u0131b&hellip;<\/p>\n","protected":false},"author":2,"featured_media":734082,"comment_status":"closed","ping_status":"closed","sticky":false,"template":"","format":"standard","meta":{"om_disable_all_campaigns":false,"_monsterinsights_skip_tracking":false,"_monsterinsights_sitenote_active":false,"_monsterinsights_sitenote_note":"","_monsterinsights_sitenote_category":0},"categories":[1],"tags":[],"aioseo_notices":[],"gutentor_comment":0,"rttpg_featured_image_url":{"full":["https:\/\/arantv.az\/wp-content\/uploads\/2024\/07\/1719925670_suqovusan-yeni.jpg",770,415,false],"landscape":["https:\/\/arantv.az\/wp-content\/uploads\/2024\/07\/1719925670_suqovusan-yeni.jpg",770,415,false],"portraits":["https:\/\/arantv.az\/wp-content\/uploads\/2024\/07\/1719925670_suqovusan-yeni.jpg",770,415,false],"thumbnail":["https:\/\/arantv.az\/wp-content\/uploads\/2024\/07\/1719925670_suqovusan-yeni-500x280.jpg",500,280,true],"medium":["https:\/\/arantv.az\/wp-content\/uploads\/2024\/07\/1719925670_suqovusan-yeni-660x356.jpg",660,356,true],"large":["https:\/\/arantv.az\/wp-content\/uploads\/2024\/07\/1719925670_suqovusan-yeni.jpg",640,345,false],"1536x1536":["https:\/\/arantv.az\/wp-content\/uploads\/2024\/07\/1719925670_suqovusan-yeni.jpg",770,415,false],"2048x2048":["https:\/\/arantv.az\/wp-content\/uploads\/2024\/07\/1719925670_suqovusan-yeni.jpg",770,415,false],"post-thumbnail":["https:\/\/arantv.az\/wp-content\/uploads\/2024\/07\/1719925670_suqovusan-yeni-240x172.jpg",240,172,true],"advps-thumb-one":["https:\/\/arantv.az\/wp-content\/uploads\/2024\/07\/1719925670_suqovusan-yeni.jpg",770,415,false]},"rttpg_author":{"display_name":"V\u00fcsal Rafiqo\u011flu","author_link":"https:\/\/arantv.az\/?author=2"},"rttpg_comment":0,"rttpg_category":"<a href=\"https:\/\/arantv.az\/?cat=1\" rel=\"category\">C\u0259miyy\u0259t<\/a>","rttpg_excerpt":"T\u0259sdiq olunmu\u015f k\u00f6\u00e7 plan\u0131na \u0259sas\u0259n Xocal\u0131 \u015f\u0259h\u0259ri, K\u0259rkicahan q\u0259s\u0259b\u0259si v\u0259 Mal\u0131b\u0259yli k\u0259ndind\u0259, el\u0259c\u0259 d\u0259 A\u011fd\u0259r\u0259 rayonunun Umudlu k\u0259ndin\u0259 bu il \u0259rzind\u0259 \u00fcmumilikd\u0259 228 ail\u0259nin yerl\u0259\u015fdirilm\u0259si n\u0259z\u0259rd\u0259 tutulub. Bunu Xank\u0259ndi \u015f\u0259h\u0259rind\u0259, A\u011fd\u0259r\u0259 v\u0259 Xocal\u0131 rayonlar\u0131nda Prezidentin x\u00fcsusi n\u00fcmay\u0259nd\u0259si El\u00e7in Yusubov bildirmi\u015fdi. B\u0259s, bu \u0259razil\u0259r\u0259 k\u00f6\u00e7\u0259c\u0259k v\u0259t\u0259nda\u015flar\u0131n i\u00e7m\u0259li su il\u0259 t\u0259minat\u0131 nec\u0259 olacaq? ARANTV.AZ\u00a0 x\u0259b\u0259r verir ki,&hellip;","_links":{"self":[{"href":"https:\/\/arantv.az\/index.php?rest_route=\/wp\/v2\/posts\/734081"}],"collection":[{"href":"https:\/\/arantv.az\/index.php?rest_route=\/wp\/v2\/posts"}],"about":[{"href":"https:\/\/arantv.az\/index.php?rest_route=\/wp\/v2\/types\/post"}],"author":[{"embeddable":true,"href":"https:\/\/arantv.az\/index.php?rest_route=\/wp\/v2\/users\/2"}],"replies":[{"embeddable":true,"href":"https:\/\/arantv.az\/index.php?rest_route=%2Fwp%2Fv2%2Fcomments&post=734081"}],"version-history":[{"count":0,"href":"https:\/\/arantv.az\/index.php?rest_route=\/wp\/v2\/posts\/734081\/revisions"}],"wp:featuredmedia":[{"embeddable":true,"href":"https:\/\/arantv.az\/index.php?rest_route=\/wp\/v2\/media\/734082"}],"wp:attachment":[{"href":"https:\/\/arantv.az\/index.php?rest_route=%2Fwp%2Fv2%2Fmedia&parent=734081"}],"wp:term":[{"taxonomy":"category","embeddable":true,"href":"https:\/\/arantv.az\/index.php?rest_route=%2Fwp%2Fv2%2Fcategories&post=734081"},{"taxonomy":"post_tag","embeddable":true,"href":"https:\/\/arantv.az\/index.php?rest_route=%2Fwp%2Fv2%2Ftags&post=734081"}],"curies":[{"name":"wp","href":"https:\/\/api.w.org\/{rel}","templated":true}]}}