{"id":734085,"date":"2024-07-02T21:26:17","date_gmt":"2024-07-02T17:26:17","guid":{"rendered":"https:\/\/arantv.az\/?p=734085"},"modified":"2024-07-02T21:26:17","modified_gmt":"2024-07-02T17:26:17","slug":"fuzulid%c9%99-1-s%c9%99h%c9%99r-10-k%c9%99nd-b%c9%99rpa-olunacaq-tarix-aciqlandi","status":"publish","type":"post","link":"https:\/\/arantv.az\/?p=734085","title":{"rendered":"F\u00fczulid\u0259 1 \u015f\u0259h\u0259r, 10 k\u0259nd b\u0259rpa olunacaq &#8211; Tarix a\u00e7\u0131qland\u0131"},"content":{"rendered":"<p>2022-2026-ci il \u201cI B\u00f6y\u00fck Qay\u0131d\u0131\u015f D\u00f6vl\u0259t Proqram\u0131\u201d na \u0259sas\u0259n ilk m\u0259rh\u0259l\u0259 i\u015f\u011faldan azad edilmi\u015f \u0259razil\u0259rin minalardan t\u0259mizl\u0259nm\u0259si, k\u0259nd v\u0259 ya\u015fay\u0131\u015f m\u0259h\u0259ll\u0259l\u0259rinin layih\u0259l\u0259ndirilm\u0259si, d\u00f6vl\u0259t ekspertizas\u0131ndan ke\u00e7irilm\u0259si, \u015f\u0259h\u0259rsalman\u0131n \u0259sasland\u0131r\u0131lmas\u0131 v\u0259 in\u015faat i\u015fl\u0259rin\u0259 ba\u015flanmas\u0131ndan ibar\u0259tdir.<\/p>\n<p><strong>ARANTV.AZ<\/strong> x\u0259b\u0259r verir ki, bunu Prezidentin A\u011fdam, F\u00fczili v\u0259 Xocav\u0259nd rayonlar\u0131ndak\u0131 x\u00fcsusi n\u00fcmay\u0259nd\u0259liyinin \u0259m\u0259kda\u015f\u0131 \u00dcmid \u0130sazad\u0259 deyib.<\/p>\n<p>Onun s\u00f6zl\u0259rin\u0259 g\u00f6r\u0259, \u00fcmumlikd\u0259 2026-c\u0131 il\u0259 kimi i\u015f\u011faldan azad edilmi\u015f \u0259razil\u0259rd\u0259 8400 f\u0259rdi ya\u015fay\u0131\u015f evinin v\u0259 8800 m\u0259nzilin tikintisi n\u0259z\u0259rd\u0259 tutulub.<\/p>\n<p>\u0130sazad\u0259 bildirib ki, plana uy\u011fun olaraq Fizulid\u0259 1 \u015f\u0259h\u0259r, 10 k\u0259ndin b\u0259rpa olunmas\u0131 n\u0259z\u0259rd\u0259 tutulur.<\/p>\n<p>&#8220;Minat\u0259mizl\u0259m\u0259 \u0259m\u0259liyyatlar\u0131ndan sonra haz\u0131rda \u0259razid\u0259 baza infrastrukturun qurulmas\u0131 i\u015fl\u0259ri apar\u0131l\u0131r. Bura Z\u0259f\u0259r yolu, F\u00fczuli-Hadrut, F\u00fczuli-A\u011fdam yollar\u0131 v\u0259 \u015f\u0259h\u0259rdaxili yol-kommunikasiya \u015f\u0259b\u0259k\u0259l\u0259ri d\u0259 daxildir&#8221;, &#8211; o qeyd edib.<\/p>\n<p>\u0130sazad\u0259 \u0259lav\u0259 edib ki, \u015f\u0259h\u0259r qaz v\u0259 elektrik enerjisi il\u0259 tam t\u0259min olunub. Dig\u0259r sosial layih\u0259l\u0259rin icras\u0131na ba\u015flan\u0131l\u0131b.<\/p>\n<p>Art\u0131q 822 ail\u0259nin F\u00fczuli \u015f\u0259h\u0259rin\u0259 geri qay\u0131td\u0131\u011f\u0131n\u0131 dey\u0259n \u00dcmid \u0130sazad\u0259 vur\u011fulay\u0131b ki, onlar burada xo\u015fb\u0259xt h\u0259yat s\u00fcr\u00fcrl\u0259r: &#8220;Bunu sosial \u015f\u0259b\u0259k\u0259d\u0259 qar\u015f\u0131n\u0131za \u00e7\u0131xan videolarda da g\u00f6r\u0259 bil\u0259rsiniz&#8221;.<\/p>\n","protected":false},"excerpt":{"rendered":"<p>2022-2026-ci il \u201cI B\u00f6y\u00fck Qay\u0131d\u0131\u015f D\u00f6vl\u0259t Proqram\u0131\u201d na \u0259sas\u0259n ilk m\u0259rh\u0259l\u0259 i\u015f\u011faldan azad edilmi\u015f \u0259razil\u0259rin minalardan t\u0259mizl\u0259nm\u0259si, k\u0259nd v\u0259 ya\u015fay\u0131\u015f m\u0259h\u0259ll\u0259l\u0259rinin layih\u0259l\u0259ndirilm\u0259si, d\u00f6vl\u0259t ekspertizas\u0131ndan ke\u00e7irilm\u0259si, \u015f\u0259h\u0259rsalman\u0131n \u0259sasland\u0131r\u0131lmas\u0131 v\u0259 in\u015faat i\u015fl\u0259rin\u0259 ba\u015flanmas\u0131ndan ibar\u0259tdir. ARANTV.AZ x\u0259b\u0259r verir ki, bunu Prezidentin A\u011fdam, F\u00fczili v\u0259 Xocav\u0259nd rayonlar\u0131ndak\u0131 x\u00fcsusi n\u00fcmay\u0259nd\u0259liyinin \u0259m\u0259kda\u015f\u0131 \u00dcmid \u0130sazad\u0259 deyib. Onun s\u00f6zl\u0259rin\u0259 g\u00f6r\u0259, \u00fcmumlikd\u0259 2026-c\u0131 il\u0259 kimi i\u015f\u011faldan azad edilmi\u015f \u0259razil\u0259rd\u0259 8400 f\u0259rdi ya\u015fay\u0131\u015f evinin v\u0259 8800 m\u0259nzilin tikintisi n\u0259z\u0259rd\u0259 tutulub. \u0130sazad\u0259 bildirib ki, plana uy\u011fun olaraq Fizulid\u0259 1 \u015f\u0259h\u0259r, 10 k\u0259ndin b\u0259rpa olunmas\u0131 n\u0259z\u0259rd\u0259 tutulur. &#8220;Minat\u0259mizl\u0259m\u0259 \u0259m\u0259liyyatlar\u0131ndan sonra haz\u0131rda \u0259razid\u0259&hellip;<\/p>\n","protected":false},"author":2,"featured_media":734086,"comment_status":"closed","ping_status":"closed","sticky":false,"template":"","format":"standard","meta":{"om_disable_all_campaigns":false,"_monsterinsights_skip_tracking":false,"_monsterinsights_sitenote_active":false,"_monsterinsights_sitenote_note":"","_monsterinsights_sitenote_category":0},"categories":[1],"tags":[],"aioseo_notices":[],"gutentor_comment":0,"rttpg_featured_image_url":{"full":["https:\/\/arantv.az\/wp-content\/uploads\/2024\/07\/1719926883_fuzuli_r.jpg",770,415,false],"landscape":["https:\/\/arantv.az\/wp-content\/uploads\/2024\/07\/1719926883_fuzuli_r.jpg",770,415,false],"portraits":["https:\/\/arantv.az\/wp-content\/uploads\/2024\/07\/1719926883_fuzuli_r.jpg",770,415,false],"thumbnail":["https:\/\/arantv.az\/wp-content\/uploads\/2024\/07\/1719926883_fuzuli_r-500x280.jpg",500,280,true],"medium":["https:\/\/arantv.az\/wp-content\/uploads\/2024\/07\/1719926883_fuzuli_r-660x356.jpg",660,356,true],"large":["https:\/\/arantv.az\/wp-content\/uploads\/2024\/07\/1719926883_fuzuli_r.jpg",640,345,false],"1536x1536":["https:\/\/arantv.az\/wp-content\/uploads\/2024\/07\/1719926883_fuzuli_r.jpg",770,415,false],"2048x2048":["https:\/\/arantv.az\/wp-content\/uploads\/2024\/07\/1719926883_fuzuli_r.jpg",770,415,false],"post-thumbnail":["https:\/\/arantv.az\/wp-content\/uploads\/2024\/07\/1719926883_fuzuli_r-240x172.jpg",240,172,true],"advps-thumb-one":["https:\/\/arantv.az\/wp-content\/uploads\/2024\/07\/1719926883_fuzuli_r.jpg",770,415,false]},"rttpg_author":{"display_name":"V\u00fcsal Rafiqo\u011flu","author_link":"https:\/\/arantv.az\/?author=2"},"rttpg_comment":0,"rttpg_category":"<a href=\"https:\/\/arantv.az\/?cat=1\" rel=\"category\">C\u0259miyy\u0259t<\/a>","rttpg_excerpt":"2022-2026-ci il \u201cI B\u00f6y\u00fck Qay\u0131d\u0131\u015f D\u00f6vl\u0259t Proqram\u0131\u201d na \u0259sas\u0259n ilk m\u0259rh\u0259l\u0259 i\u015f\u011faldan azad edilmi\u015f \u0259razil\u0259rin minalardan t\u0259mizl\u0259nm\u0259si, k\u0259nd v\u0259 ya\u015fay\u0131\u015f m\u0259h\u0259ll\u0259l\u0259rinin layih\u0259l\u0259ndirilm\u0259si, d\u00f6vl\u0259t ekspertizas\u0131ndan ke\u00e7irilm\u0259si, \u015f\u0259h\u0259rsalman\u0131n \u0259sasland\u0131r\u0131lmas\u0131 v\u0259 in\u015faat i\u015fl\u0259rin\u0259 ba\u015flanmas\u0131ndan ibar\u0259tdir. ARANTV.AZ x\u0259b\u0259r verir ki, bunu Prezidentin A\u011fdam, F\u00fczili v\u0259 Xocav\u0259nd rayonlar\u0131ndak\u0131 x\u00fcsusi n\u00fcmay\u0259nd\u0259liyinin \u0259m\u0259kda\u015f\u0131 \u00dcmid \u0130sazad\u0259 deyib. Onun s\u00f6zl\u0259rin\u0259 g\u00f6r\u0259, \u00fcmumlikd\u0259 2026-c\u0131 il\u0259&hellip;","_links":{"self":[{"href":"https:\/\/arantv.az\/index.php?rest_route=\/wp\/v2\/posts\/734085"}],"collection":[{"href":"https:\/\/arantv.az\/index.php?rest_route=\/wp\/v2\/posts"}],"about":[{"href":"https:\/\/arantv.az\/index.php?rest_route=\/wp\/v2\/types\/post"}],"author":[{"embeddable":true,"href":"https:\/\/arantv.az\/index.php?rest_route=\/wp\/v2\/users\/2"}],"replies":[{"embeddable":true,"href":"https:\/\/arantv.az\/index.php?rest_route=%2Fwp%2Fv2%2Fcomments&post=734085"}],"version-history":[{"count":0,"href":"https:\/\/arantv.az\/index.php?rest_route=\/wp\/v2\/posts\/734085\/revisions"}],"wp:featuredmedia":[{"embeddable":true,"href":"https:\/\/arantv.az\/index.php?rest_route=\/wp\/v2\/media\/734086"}],"wp:attachment":[{"href":"https:\/\/arantv.az\/index.php?rest_route=%2Fwp%2Fv2%2Fmedia&parent=734085"}],"wp:term":[{"taxonomy":"category","embeddable":true,"href":"https:\/\/arantv.az\/index.php?rest_route=%2Fwp%2Fv2%2Fcategories&post=734085"},{"taxonomy":"post_tag","embeddable":true,"href":"https:\/\/arantv.az\/index.php?rest_route=%2Fwp%2Fv2%2Ftags&post=734085"}],"curies":[{"name":"wp","href":"https:\/\/api.w.org\/{rel}","templated":true}]}}