{"id":734088,"date":"2024-07-02T21:26:59","date_gmt":"2024-07-02T17:26:59","guid":{"rendered":"https:\/\/arantv.az\/?p=734088"},"modified":"2024-07-02T21:26:59","modified_gmt":"2024-07-02T17:26:59","slug":"qarabag-universitetin%c9%99-2-v%c9%99zif%c9%99-uzr%c9%99-vakansiya-elan-olundu","status":"publish","type":"post","link":"https:\/\/arantv.az\/?p=734088","title":{"rendered":"Qaraba\u011f Universitetin\u0259 2 v\u0259zif\u0259 \u00fczr\u0259 vakansiya elan olundu"},"content":{"rendered":"<p>Qaraba\u011f Universitetin\u0259 2 v\u0259zif\u0259 \u00fczr\u0259 vakansiya elan olunub.<\/p>\n<p><strong>ARANTV.AZ <\/strong>\u00a0x\u0259b\u0259r verir ki, ali t\u0259hsil m\u00fc\u0259ssis\u0259ind\u0259\u00a0T\u0259dris m\u0259s\u0259l\u0259l\u0259ri \u00fczr\u0259 prorektor v\u0259 Elm v\u0259 \u0130nnovasiya m\u0259s\u0259l\u0259l\u0259ri \u00fczr\u0259 prorektor v\u0259zif\u0259l\u0259ri \u00fczr\u0259 vakansiyalar elan edilib.<\/p>\n<p>T\u0259l\u0259bl\u0259r\u0259 cavab ver\u0259n namiz\u0259dl\u0259r m\u00fcraci\u0259tl\u0259rini m\u00f6vzu yerin\u0259 \u201c_prorektor\u201d yazmaqla\u00a0karabakh@edu.gov.az\u00a0elektron po\u00e7t \u00fcnvan\u0131na g\u00f6nd\u0259r\u0259 bil\u0259rl\u0259r.<\/p>\n<p>Vakansiyalar \u00fczr\u0259 son m\u00fcraci\u0259t tarixi 8 iyul 2024-c\u00fc ildir. Namiz\u0259dl\u0259r \u0259trafl\u0131 m\u0259lumatla elanlar vasit\u0259sil\u0259 tan\u0131\u015f ola bil\u0259rl\u0259r.<\/p>\n<p>T\u0259dris m\u0259s\u0259l\u0259l\u0259ri \u00fczr\u0259 prorektor:\u00a0<a tabindex=\"0\" role=\"link\" href=\"https:\/\/t.ly\/TF6WJ?fbclid=IwZXh0bgNhZW0CMTAAAR3UDfmpFQoAAPj1IKJPUr73K6Z2Y8nsE54WIP6OBxAPV_NhfrYnxHmpSjs_aem_6KflKzC2Boio7-tnVoZHIA\" target=\"_blank\" rel=\"nofollow noopener noreferrer\">https:\/\/t.ly\/TF6WJ<\/a><\/p>\n<p>Elm v\u0259 \u0130nnovasiya m\u0259s\u0259l\u0259l\u0259ri:\u00a0<a tabindex=\"0\" role=\"link\" href=\"https:\/\/t.ly\/Rrict?fbclid=IwZXh0bgNhZW0CMTAAAR3cN5_NM0F73JCuM9MSUtnDafT8J9Dlpp-EhSBwX7MnB2IHn_LrTbWy38w_aem_CCgHe_YQ1gFjTz8wVNLybQ\" target=\"_blank\" rel=\"nofollow noopener noreferrer\">https:\/\/t.ly\/Rrict<\/a><\/p>\n","protected":false},"excerpt":{"rendered":"<p>Qaraba\u011f Universitetin\u0259 2 v\u0259zif\u0259 \u00fczr\u0259 vakansiya elan olunub. ARANTV.AZ \u00a0x\u0259b\u0259r verir ki, ali t\u0259hsil m\u00fc\u0259ssis\u0259ind\u0259\u00a0T\u0259dris m\u0259s\u0259l\u0259l\u0259ri \u00fczr\u0259 prorektor v\u0259 Elm v\u0259 \u0130nnovasiya m\u0259s\u0259l\u0259l\u0259ri \u00fczr\u0259 prorektor v\u0259zif\u0259l\u0259ri \u00fczr\u0259 vakansiyalar elan edilib. T\u0259l\u0259bl\u0259r\u0259 cavab ver\u0259n namiz\u0259dl\u0259r m\u00fcraci\u0259tl\u0259rini m\u00f6vzu yerin\u0259 \u201c_prorektor\u201d yazmaqla\u00a0karabakh@edu.gov.az\u00a0elektron po\u00e7t \u00fcnvan\u0131na g\u00f6nd\u0259r\u0259 bil\u0259rl\u0259r. Vakansiyalar \u00fczr\u0259 son m\u00fcraci\u0259t tarixi 8 iyul 2024-c\u00fc ildir. Namiz\u0259dl\u0259r \u0259trafl\u0131 m\u0259lumatla elanlar vasit\u0259sil\u0259 tan\u0131\u015f ola bil\u0259rl\u0259r. T\u0259dris m\u0259s\u0259l\u0259l\u0259ri \u00fczr\u0259 prorektor:\u00a0https:\/\/t.ly\/TF6WJ Elm v\u0259 \u0130nnovasiya m\u0259s\u0259l\u0259l\u0259ri:\u00a0https:\/\/t.ly\/Rrict<\/p>\n","protected":false},"author":2,"featured_media":734089,"comment_status":"closed","ping_status":"closed","sticky":false,"template":"","format":"standard","meta":{"om_disable_all_campaigns":false,"_monsterinsights_skip_tracking":false,"_monsterinsights_sitenote_active":false,"_monsterinsights_sitenote_note":"","_monsterinsights_sitenote_category":0},"categories":[1],"tags":[],"aioseo_notices":[],"gutentor_comment":0,"rttpg_featured_image_url":{"full":["https:\/\/arantv.az\/wp-content\/uploads\/2024\/07\/1719924477_406095504_840078668121342_176082157926831984_n.jpg",770,415,false],"landscape":["https:\/\/arantv.az\/wp-content\/uploads\/2024\/07\/1719924477_406095504_840078668121342_176082157926831984_n.jpg",770,415,false],"portraits":["https:\/\/arantv.az\/wp-content\/uploads\/2024\/07\/1719924477_406095504_840078668121342_176082157926831984_n.jpg",770,415,false],"thumbnail":["https:\/\/arantv.az\/wp-content\/uploads\/2024\/07\/1719924477_406095504_840078668121342_176082157926831984_n-500x280.jpg",500,280,true],"medium":["https:\/\/arantv.az\/wp-content\/uploads\/2024\/07\/1719924477_406095504_840078668121342_176082157926831984_n-660x356.jpg",660,356,true],"large":["https:\/\/arantv.az\/wp-content\/uploads\/2024\/07\/1719924477_406095504_840078668121342_176082157926831984_n.jpg",640,345,false],"1536x1536":["https:\/\/arantv.az\/wp-content\/uploads\/2024\/07\/1719924477_406095504_840078668121342_176082157926831984_n.jpg",770,415,false],"2048x2048":["https:\/\/arantv.az\/wp-content\/uploads\/2024\/07\/1719924477_406095504_840078668121342_176082157926831984_n.jpg",770,415,false],"post-thumbnail":["https:\/\/arantv.az\/wp-content\/uploads\/2024\/07\/1719924477_406095504_840078668121342_176082157926831984_n-240x172.jpg",240,172,true],"advps-thumb-one":["https:\/\/arantv.az\/wp-content\/uploads\/2024\/07\/1719924477_406095504_840078668121342_176082157926831984_n.jpg",770,415,false]},"rttpg_author":{"display_name":"V\u00fcsal Rafiqo\u011flu","author_link":"https:\/\/arantv.az\/?author=2"},"rttpg_comment":0,"rttpg_category":"<a href=\"https:\/\/arantv.az\/?cat=1\" rel=\"category\">C\u0259miyy\u0259t<\/a>","rttpg_excerpt":"Qaraba\u011f Universitetin\u0259 2 v\u0259zif\u0259 \u00fczr\u0259 vakansiya elan olunub. ARANTV.AZ \u00a0x\u0259b\u0259r verir ki, ali t\u0259hsil m\u00fc\u0259ssis\u0259ind\u0259\u00a0T\u0259dris m\u0259s\u0259l\u0259l\u0259ri \u00fczr\u0259 prorektor v\u0259 Elm v\u0259 \u0130nnovasiya m\u0259s\u0259l\u0259l\u0259ri \u00fczr\u0259 prorektor v\u0259zif\u0259l\u0259ri \u00fczr\u0259 vakansiyalar elan edilib. T\u0259l\u0259bl\u0259r\u0259 cavab ver\u0259n namiz\u0259dl\u0259r m\u00fcraci\u0259tl\u0259rini m\u00f6vzu yerin\u0259 \u201c_prorektor\u201d yazmaqla\u00a0karabakh@edu.gov.az\u00a0elektron po\u00e7t \u00fcnvan\u0131na g\u00f6nd\u0259r\u0259 bil\u0259rl\u0259r. Vakansiyalar \u00fczr\u0259 son m\u00fcraci\u0259t tarixi 8 iyul 2024-c\u00fc ildir. Namiz\u0259dl\u0259r \u0259trafl\u0131 m\u0259lumatla&hellip;","_links":{"self":[{"href":"https:\/\/arantv.az\/index.php?rest_route=\/wp\/v2\/posts\/734088"}],"collection":[{"href":"https:\/\/arantv.az\/index.php?rest_route=\/wp\/v2\/posts"}],"about":[{"href":"https:\/\/arantv.az\/index.php?rest_route=\/wp\/v2\/types\/post"}],"author":[{"embeddable":true,"href":"https:\/\/arantv.az\/index.php?rest_route=\/wp\/v2\/users\/2"}],"replies":[{"embeddable":true,"href":"https:\/\/arantv.az\/index.php?rest_route=%2Fwp%2Fv2%2Fcomments&post=734088"}],"version-history":[{"count":0,"href":"https:\/\/arantv.az\/index.php?rest_route=\/wp\/v2\/posts\/734088\/revisions"}],"wp:featuredmedia":[{"embeddable":true,"href":"https:\/\/arantv.az\/index.php?rest_route=\/wp\/v2\/media\/734089"}],"wp:attachment":[{"href":"https:\/\/arantv.az\/index.php?rest_route=%2Fwp%2Fv2%2Fmedia&parent=734088"}],"wp:term":[{"taxonomy":"category","embeddable":true,"href":"https:\/\/arantv.az\/index.php?rest_route=%2Fwp%2Fv2%2Fcategories&post=734088"},{"taxonomy":"post_tag","embeddable":true,"href":"https:\/\/arantv.az\/index.php?rest_route=%2Fwp%2Fv2%2Ftags&post=734088"}],"curies":[{"name":"wp","href":"https:\/\/api.w.org\/{rel}","templated":true}]}}