{"id":734273,"date":"2024-07-03T13:53:39","date_gmt":"2024-07-03T09:53:39","guid":{"rendered":"https:\/\/arantv.az\/?p=734273"},"modified":"2024-07-03T13:53:39","modified_gmt":"2024-07-03T09:53:39","slug":"seysmoloqdan-x%c9%99b%c9%99rdarliq-bakini-gozl%c9%99y%c9%99n-z%c9%99lz%c9%99l%c9%99nin-vaxtini-aciqladi-lift%c9%99-minm%c9%99yin-qapini-tez-acin","status":"publish","type":"post","link":"https:\/\/arantv.az\/?p=734273","title":{"rendered":"Seysmoloqdan X\u018fB\u018fRDARLIQ: Bak\u0131n\u0131 g\u00f6zl\u0259y\u0259n z\u0259lz\u0259l\u0259nin vaxt\u0131n\u0131 A\u00c7IQLADI &#8211; &#8220;Lift\u0259 minm\u0259yin, qap\u0131n\u0131 tez a\u00e7\u0131n&#8230;&#8221;"},"content":{"rendered":"<div class=\"text-content\" data-id=\"\" data-url=\"\">\n<p><strong>\u201cBu ilin \u0259vv\u0259lind\u0259 verdiyim m\u00fcsahib\u0259l\u0259rind\u0259 qeyd etmi\u015fdim ki, 2024- c\u00fc il seysmik v\u0259 tektonik bax\u0131m\u0131ndan m\u00fcr\u0259kk\u0259b il olacaq. Y\u0259ni m\u00fct\u0259madi olaraq, tez- tez hiss olunan z\u0259lz\u0259l\u0259l\u0259r ba\u015f ver\u0259c\u0259k. Biz bunu ilin alt\u0131 ay\u0131 \u0259rzind\u0259 m\u00fc\u015fahid\u0259 etdik. Tal\u0131\u015f zonas\u0131nda z\u0259lz\u0259l\u0259 ba\u015f verdi. S\u00f6z\u00fcged\u0259n zonada m\u00fct\u0259madi olaraq z\u0259lz\u0259l\u0259l\u0259r ba\u015f verir. T\u0259bii ki, seysmoloq kimi hesablamalar\u0131ma, t\u0259hlilim\u0259 g\u00f6r\u0259 bu \u0130randa ba\u015f ver\u0259n seysmik ocaqlarda olan z\u0259lz\u0259l\u0259l\u0259rin n\u0259tic\u0259si, t\u0259siri idi\u201d.<\/strong><\/p>\n<p>Bunu referans.az-a a\u00e7\u0131qlamas\u0131nda seysmoloq Qulam Babayev deyib.<\/p>\n<p>O bildirib ki, X\u0259z\u0259r d\u0259nizind\u0259 bir ne\u00e7\u0259 hiss olunan t\u0259kanlar qeyd\u0259 al\u0131n\u0131b:<\/p>\n<p><img src=\"https:\/\/www.referans.az\/storage\/news\/2024\/07\/03\/sekil_1719994199-full.jpeg\" \/><\/p>\n<p>\u201c\u00dcmumiyy\u0259tl\u0259, bir ne\u00e7\u0259 n\u00f6v z\u0259lz\u0259l\u0259l\u0259r var: Hiss olunmayan, hiss olunan, g\u00fccl\u00fc, da\u011f\u0131d\u0131c\u0131, katostrafik. Hiss olunmayan z\u0259lz\u0259l\u0259l\u0259r h\u0259r g\u00fcn ba\u015f verir. \u0130st\u0259r il seysmik v\u0259 tektonik bax\u0131m\u0131ndan aktiv olsun, ist\u0259r olmas\u0131n. Bu il Az\u0259rbaycan \u0259razisind\u0259 hiss olunan z\u0259lz\u0259l\u0259l\u0259rin ba\u015f verm\u0259si istisna deyil\u201d.<\/p>\n<p>M\u00fcsahib qeyd edib ki, hiss olunan z\u0259lz\u0259l\u0259 dedikd\u0259, maqnitudas\u0131 4.5 &#8211; 5.5 civar\u0131nda olan z\u0259lz\u0259l\u0259 n\u0259z\u0259rd\u0259 tutulur. M\u00fct\u0259madi olaraq bu il hiss olunan z\u0259lz\u0259l\u0259l\u0259rin ba\u015f verm\u0259sin\u0259 \u015fahid olaca\u011f\u0131q.<\/p>\n<p>\u201cAz\u0259rbaycanda seysmik aktiv zonalara O\u011fuz, Quba, \u015eamax\u0131, \u0130smay\u0131ll\u0131, \u015e\u0259ki, Zaqatala, Ki\u00e7ik Qafqaz\u0131n \u015eimal yamac\u0131, G\u0259nc\u0259 v\u0259 \u015e\u0259mkir \u0259traf\u0131, Aran v\u0259 K\u00fcr \u00e7\u00f6k\u0259kliyi hiss\u0259si aiddir. Qaraba\u011f zonas\u0131 da seysmoaktiv zonaya aiddir. Burada \u015eu\u015fa oca\u011f\u0131 var, La\u00e7\u0131n, \u0130stisu, K\u0259lb\u0259c\u0259r sesysmik avtiv zonalard\u0131r. \u018fn m\u00fcr\u0259kk\u0259b seysmik zonalardan biri X\u0259z\u0259r d\u0259nizidir. Burada bir ne\u00e7\u0259 tektonik q\u0131r\u0131lmalar m\u00f6vcuddur. X\u0259z\u0259r \u0259traf\u0131nda m\u00fcxt\u0259lif enerjili seysmik ocaqlar m\u00f6vcuddur. T\u0259bii ki, bunlar bir- birinin ba\u015flanmas\u0131nda t\u0259kan rolunu oynay\u0131r. X\u0259z\u0259r d\u0259nizind\u0259 z\u0259lz\u0259l\u0259 m\u00fc\u015fahid\u0259 ed\u0259c\u0259yik, Aran zonas\u0131nda z\u0259lz\u0259l\u0259l\u0259r ba\u015f ver\u0259 bil\u0259r. \u00c7\u00fcnki Tal\u0131\u015fda olan z\u0259lz\u0259l\u0259 tektonik- seysmik bloku daha da aktivl\u0259\u015fdir\u0259 bil\u0259r. \u015eamax\u0131- \u0130smay\u0131ll\u0131 zonas\u0131 he\u00e7 c\u00fcr istisna deyil\u201d, &#8211; dey\u0259r\u0259k seysmoloq fikirl\u0259rin\u0259 \u0259lav\u0259l\u0259r edib.<\/p>\n<p>Qulam Babayev z\u0259lz\u0259l\u0259 zaman\u0131 insanlar\u0131n davranacaqlar\u0131na diqq\u0259t \u00e7\u0259kib v\u0259 maarifl\u0259ndirici m\u0259sl\u0259h\u0259tl\u0259r verib: \u201cZ\u0259lz\u0259l\u0259 t\u0259kanlar\u0131 ba\u015f ver\u0259nd\u0259 insanlar t\u0259\u015fvi\u015f\u0259 d\u00fc\u015fm\u0259sinl\u0259r, p\u0259nc\u0259r\u0259 \u0259traf\u0131ndan uzaq olsunlar. \u018fg\u0259r \u00e7oxm\u0259rt\u0259b\u0259li binada ya\u015fay\u0131rlarsa, liftd\u0259n istifad\u0259 etm\u0259sinl\u0259r. Qap\u0131n\u0131 tez a\u00e7s\u0131nlar. \u00c7\u00fcnki z\u0259lz\u0259l\u0259 zaman\u0131 bina deformasiyaya u\u011fraya, qap\u0131 kilidl\u0259n\u0259 bil\u0259r. T\u0259kanlar\u0131n g\u00fcc\u00fcn\u00fc hiss ed\u0259n zaman stolun alt\u0131nda gizl\u0259nm\u0259k laz\u0131md\u0131r. Da\u011f\u0131d\u0131c\u0131 z\u0259lz\u0259l\u0259nin ba\u015f verm\u0259si m\u00fcmk\u00fcn deyil, amma, hiss olunan z\u0259lz\u0259l\u0259l\u0259r, y\u0259ni 4.5-5.5 ball\u0131q z\u0259lz\u0259l\u0259l\u0259r istisna deyil\u201d.<\/p>\n<p>Qeyd ed\u0259k ki, bir ne\u00e7\u0259 g\u00fcn \u00f6nc\u0259 Az\u0259rbaycan\u0131n c\u0259nub b\u00f6lg\u0259sind\u0259 5 maqnitudada qeyd\u0259 al\u0131nm\u0131\u015f z\u0259lz\u0259l\u0259 alt\u0131 rayonda 4 bal g\u00fcc\u00fcnd\u0259 hiss olunub.<\/p>\n<\/div>\n<div><\/div>\n<div><\/div>\n<div class=\"inner-social-box\">\n<div class=\"subs-in-social subs-whatsapp\"><\/div>\n<\/div>\n","protected":false},"excerpt":{"rendered":"<p>\u201cBu ilin \u0259vv\u0259lind\u0259 verdiyim m\u00fcsahib\u0259l\u0259rind\u0259 qeyd etmi\u015fdim ki, 2024- c\u00fc il seysmik v\u0259 tektonik bax\u0131m\u0131ndan m\u00fcr\u0259kk\u0259b il olacaq. Y\u0259ni m\u00fct\u0259madi olaraq, tez- tez hiss olunan z\u0259lz\u0259l\u0259l\u0259r ba\u015f ver\u0259c\u0259k. Biz bunu ilin alt\u0131 ay\u0131 \u0259rzind\u0259 m\u00fc\u015fahid\u0259 etdik. Tal\u0131\u015f zonas\u0131nda z\u0259lz\u0259l\u0259 ba\u015f verdi. S\u00f6z\u00fcged\u0259n zonada m\u00fct\u0259madi olaraq z\u0259lz\u0259l\u0259l\u0259r ba\u015f verir. T\u0259bii ki, seysmoloq kimi hesablamalar\u0131ma, t\u0259hlilim\u0259 g\u00f6r\u0259 bu \u0130randa ba\u015f ver\u0259n seysmik ocaqlarda olan z\u0259lz\u0259l\u0259l\u0259rin n\u0259tic\u0259si, t\u0259siri idi\u201d. Bunu referans.az-a a\u00e7\u0131qlamas\u0131nda seysmoloq Qulam Babayev deyib. O bildirib ki, X\u0259z\u0259r d\u0259nizind\u0259 bir ne\u00e7\u0259 hiss olunan t\u0259kanlar qeyd\u0259 al\u0131n\u0131b: \u201c\u00dcmumiyy\u0259tl\u0259, bir ne\u00e7\u0259 n\u00f6v z\u0259lz\u0259l\u0259l\u0259r&hellip;<\/p>\n","protected":false},"author":2,"featured_media":734274,"comment_status":"closed","ping_status":"closed","sticky":false,"template":"","format":"standard","meta":{"om_disable_all_campaigns":false,"_monsterinsights_skip_tracking":false,"_monsterinsights_sitenote_active":false,"_monsterinsights_sitenote_note":"","_monsterinsights_sitenote_category":0},"categories":[1],"tags":[],"aioseo_notices":[],"gutentor_comment":0,"rttpg_featured_image_url":{"full":["https:\/\/arantv.az\/wp-content\/uploads\/2024\/07\/9721d9ac3d67259e3b7bd762f5010a72.jpg",870,500,false],"landscape":["https:\/\/arantv.az\/wp-content\/uploads\/2024\/07\/9721d9ac3d67259e3b7bd762f5010a72.jpg",870,500,false],"portraits":["https:\/\/arantv.az\/wp-content\/uploads\/2024\/07\/9721d9ac3d67259e3b7bd762f5010a72.jpg",870,500,false],"thumbnail":["https:\/\/arantv.az\/wp-content\/uploads\/2024\/07\/9721d9ac3d67259e3b7bd762f5010a72-500x280.jpg",500,280,true],"medium":["https:\/\/arantv.az\/wp-content\/uploads\/2024\/07\/9721d9ac3d67259e3b7bd762f5010a72-635x365.jpg",635,365,true],"large":["https:\/\/arantv.az\/wp-content\/uploads\/2024\/07\/9721d9ac3d67259e3b7bd762f5010a72-840x483.jpg",640,368,true],"1536x1536":["https:\/\/arantv.az\/wp-content\/uploads\/2024\/07\/9721d9ac3d67259e3b7bd762f5010a72.jpg",870,500,false],"2048x2048":["https:\/\/arantv.az\/wp-content\/uploads\/2024\/07\/9721d9ac3d67259e3b7bd762f5010a72.jpg",870,500,false],"post-thumbnail":["https:\/\/arantv.az\/wp-content\/uploads\/2024\/07\/9721d9ac3d67259e3b7bd762f5010a72-240x172.jpg",240,172,true],"advps-thumb-one":["https:\/\/arantv.az\/wp-content\/uploads\/2024\/07\/9721d9ac3d67259e3b7bd762f5010a72.jpg",870,500,false]},"rttpg_author":{"display_name":"V\u00fcsal Rafiqo\u011flu","author_link":"https:\/\/arantv.az\/?author=2"},"rttpg_comment":0,"rttpg_category":"<a href=\"https:\/\/arantv.az\/?cat=1\" rel=\"category\">C\u0259miyy\u0259t<\/a>","rttpg_excerpt":"\u201cBu ilin \u0259vv\u0259lind\u0259 verdiyim m\u00fcsahib\u0259l\u0259rind\u0259 qeyd etmi\u015fdim ki, 2024- c\u00fc il seysmik v\u0259 tektonik bax\u0131m\u0131ndan m\u00fcr\u0259kk\u0259b il olacaq. Y\u0259ni m\u00fct\u0259madi olaraq, tez- tez hiss olunan z\u0259lz\u0259l\u0259l\u0259r ba\u015f ver\u0259c\u0259k. Biz bunu ilin alt\u0131 ay\u0131 \u0259rzind\u0259 m\u00fc\u015fahid\u0259 etdik. Tal\u0131\u015f zonas\u0131nda z\u0259lz\u0259l\u0259 ba\u015f verdi. S\u00f6z\u00fcged\u0259n zonada m\u00fct\u0259madi olaraq z\u0259lz\u0259l\u0259l\u0259r ba\u015f verir. T\u0259bii ki, seysmoloq kimi hesablamalar\u0131ma, t\u0259hlilim\u0259 g\u00f6r\u0259&hellip;","_links":{"self":[{"href":"https:\/\/arantv.az\/index.php?rest_route=\/wp\/v2\/posts\/734273"}],"collection":[{"href":"https:\/\/arantv.az\/index.php?rest_route=\/wp\/v2\/posts"}],"about":[{"href":"https:\/\/arantv.az\/index.php?rest_route=\/wp\/v2\/types\/post"}],"author":[{"embeddable":true,"href":"https:\/\/arantv.az\/index.php?rest_route=\/wp\/v2\/users\/2"}],"replies":[{"embeddable":true,"href":"https:\/\/arantv.az\/index.php?rest_route=%2Fwp%2Fv2%2Fcomments&post=734273"}],"version-history":[{"count":0,"href":"https:\/\/arantv.az\/index.php?rest_route=\/wp\/v2\/posts\/734273\/revisions"}],"wp:featuredmedia":[{"embeddable":true,"href":"https:\/\/arantv.az\/index.php?rest_route=\/wp\/v2\/media\/734274"}],"wp:attachment":[{"href":"https:\/\/arantv.az\/index.php?rest_route=%2Fwp%2Fv2%2Fmedia&parent=734273"}],"wp:term":[{"taxonomy":"category","embeddable":true,"href":"https:\/\/arantv.az\/index.php?rest_route=%2Fwp%2Fv2%2Fcategories&post=734273"},{"taxonomy":"post_tag","embeddable":true,"href":"https:\/\/arantv.az\/index.php?rest_route=%2Fwp%2Fv2%2Ftags&post=734273"}],"curies":[{"name":"wp","href":"https:\/\/api.w.org\/{rel}","templated":true}]}}