{"id":734301,"date":"2024-07-03T14:05:07","date_gmt":"2024-07-03T10:05:07","guid":{"rendered":"https:\/\/arantv.az\/?p=734301"},"modified":"2024-07-03T14:05:07","modified_gmt":"2024-07-03T10:05:07","slug":"yap-in-iclasi-kecirildi-s%c9%99lahiyy%c9%99tli-numay%c9%99nd%c9%99l%c9%99r-mu%c9%99yy%c9%99nl%c9%99sdi","status":"publish","type":"post","link":"https:\/\/arantv.az\/?p=734301","title":{"rendered":"YAP-\u0131n iclas\u0131 ke\u00e7irildi: S\u0259lahiyy\u0259tli n\u00fcmay\u0259nd\u0259l\u0259r m\u00fc\u0259yy\u0259nl\u0259\u015fdi"},"content":{"rendered":"<p>Milli M\u0259clis\u0259 ke\u00e7iril\u0259c\u0259k n\u00f6vb\u0259d\u0259nk\u0259nar se\u00e7kid\u0259 Yeni Az\u0259rbaycan Partiyas\u0131n\u0131n (YAP) s\u0259lahiyy\u0259tli n\u00fcmay\u0259nd\u0259l\u0259ri v\u0259 maliyy\u0259 m\u0259s\u0259l\u0259l\u0259ri \u00fczr\u0259 s\u0259lahiyy\u0259tli n\u00fcmay\u0259nd\u0259sinin adlar\u0131 m\u0259lum olub.<\/p>\n<p>&#8220;Report&#8221;un \u0259ld\u0259 etdiyi m\u0259lumata g\u00f6r\u0259, partiyan\u0131n bu g\u00fcn ke\u00e7iril\u0259n iclas\u0131nda YAP s\u0259drinin m\u00fcavini, M\u0259rk\u0259zi Aparat\u0131n r\u0259hb\u0259ri Tahir Budaqov v\u0259 \u0130dar\u0259 Hey\u0259tinin \u00fczv\u00fc Arif R\u0259himzad\u0259 s\u0259lahiyy\u0259tli n\u00fcmay\u0259nd\u0259l\u0259r kimi t\u0259yin edilibl\u0259r.<\/p>\n<p>M\u0259rk\u0259zi Aparat\u0131n r\u0259hb\u0259rinin m\u00fcavini \u018fhliman Ta\u011f\u0131yev maliyy\u0259 m\u0259s\u0259l\u0259l\u0259ri \u00fczr\u0259 s\u0259lahiyy\u0259tli n\u00fcmay\u0259nd\u0259 kimi t\u0259yin olunub.<\/p>\n","protected":false},"excerpt":{"rendered":"<p>Milli M\u0259clis\u0259 ke\u00e7iril\u0259c\u0259k n\u00f6vb\u0259d\u0259nk\u0259nar se\u00e7kid\u0259 Yeni Az\u0259rbaycan Partiyas\u0131n\u0131n (YAP) s\u0259lahiyy\u0259tli n\u00fcmay\u0259nd\u0259l\u0259ri v\u0259 maliyy\u0259 m\u0259s\u0259l\u0259l\u0259ri \u00fczr\u0259 s\u0259lahiyy\u0259tli n\u00fcmay\u0259nd\u0259sinin adlar\u0131 m\u0259lum olub. &#8220;Report&#8221;un \u0259ld\u0259 etdiyi m\u0259lumata g\u00f6r\u0259, partiyan\u0131n bu g\u00fcn ke\u00e7iril\u0259n iclas\u0131nda YAP s\u0259drinin m\u00fcavini, M\u0259rk\u0259zi Aparat\u0131n r\u0259hb\u0259ri Tahir Budaqov v\u0259 \u0130dar\u0259 Hey\u0259tinin \u00fczv\u00fc Arif R\u0259himzad\u0259 s\u0259lahiyy\u0259tli n\u00fcmay\u0259nd\u0259l\u0259r kimi t\u0259yin edilibl\u0259r. M\u0259rk\u0259zi Aparat\u0131n r\u0259hb\u0259rinin m\u00fcavini \u018fhliman Ta\u011f\u0131yev maliyy\u0259 m\u0259s\u0259l\u0259l\u0259ri \u00fczr\u0259 s\u0259lahiyy\u0259tli n\u00fcmay\u0259nd\u0259 kimi t\u0259yin olunub.<\/p>\n","protected":false},"author":2,"featured_media":734302,"comment_status":"closed","ping_status":"closed","sticky":false,"template":"","format":"standard","meta":{"om_disable_all_campaigns":false,"_monsterinsights_skip_tracking":false,"_monsterinsights_sitenote_active":false,"_monsterinsights_sitenote_note":"","_monsterinsights_sitenote_category":0},"categories":[4],"tags":[],"aioseo_notices":[],"gutentor_comment":0,"rttpg_featured_image_url":{"full":["https:\/\/arantv.az\/wp-content\/uploads\/2024\/07\/dcb8f45f161486289966726719710844571.jpg",975,540,false],"landscape":["https:\/\/arantv.az\/wp-content\/uploads\/2024\/07\/dcb8f45f161486289966726719710844571.jpg",975,540,false],"portraits":["https:\/\/arantv.az\/wp-content\/uploads\/2024\/07\/dcb8f45f161486289966726719710844571.jpg",975,540,false],"thumbnail":["https:\/\/arantv.az\/wp-content\/uploads\/2024\/07\/dcb8f45f161486289966726719710844571-500x280.jpg",500,280,true],"medium":["https:\/\/arantv.az\/wp-content\/uploads\/2024\/07\/dcb8f45f161486289966726719710844571-660x365.jpg",660,365,true],"large":["https:\/\/arantv.az\/wp-content\/uploads\/2024\/07\/dcb8f45f161486289966726719710844571-840x465.jpg",640,354,true],"1536x1536":["https:\/\/arantv.az\/wp-content\/uploads\/2024\/07\/dcb8f45f161486289966726719710844571.jpg",975,540,false],"2048x2048":["https:\/\/arantv.az\/wp-content\/uploads\/2024\/07\/dcb8f45f161486289966726719710844571.jpg",975,540,false],"post-thumbnail":["https:\/\/arantv.az\/wp-content\/uploads\/2024\/07\/dcb8f45f161486289966726719710844571-240x172.jpg",240,172,true],"advps-thumb-one":["https:\/\/arantv.az\/wp-content\/uploads\/2024\/07\/dcb8f45f161486289966726719710844571.jpg",975,540,false]},"rttpg_author":{"display_name":"V\u00fcsal Rafiqo\u011flu","author_link":"https:\/\/arantv.az\/?author=2"},"rttpg_comment":0,"rttpg_category":"<a href=\"https:\/\/arantv.az\/?cat=4\" rel=\"category\">Siyas\u0259t<\/a>","rttpg_excerpt":"Milli M\u0259clis\u0259 ke\u00e7iril\u0259c\u0259k n\u00f6vb\u0259d\u0259nk\u0259nar se\u00e7kid\u0259 Yeni Az\u0259rbaycan Partiyas\u0131n\u0131n (YAP) s\u0259lahiyy\u0259tli n\u00fcmay\u0259nd\u0259l\u0259ri v\u0259 maliyy\u0259 m\u0259s\u0259l\u0259l\u0259ri \u00fczr\u0259 s\u0259lahiyy\u0259tli n\u00fcmay\u0259nd\u0259sinin adlar\u0131 m\u0259lum olub. &#8220;Report&#8221;un \u0259ld\u0259 etdiyi m\u0259lumata g\u00f6r\u0259, partiyan\u0131n bu g\u00fcn ke\u00e7iril\u0259n iclas\u0131nda YAP s\u0259drinin m\u00fcavini, M\u0259rk\u0259zi Aparat\u0131n r\u0259hb\u0259ri Tahir Budaqov v\u0259 \u0130dar\u0259 Hey\u0259tinin \u00fczv\u00fc Arif R\u0259himzad\u0259 s\u0259lahiyy\u0259tli n\u00fcmay\u0259nd\u0259l\u0259r kimi t\u0259yin edilibl\u0259r. M\u0259rk\u0259zi Aparat\u0131n r\u0259hb\u0259rinin m\u00fcavini \u018fhliman Ta\u011f\u0131yev&hellip;","_links":{"self":[{"href":"https:\/\/arantv.az\/index.php?rest_route=\/wp\/v2\/posts\/734301"}],"collection":[{"href":"https:\/\/arantv.az\/index.php?rest_route=\/wp\/v2\/posts"}],"about":[{"href":"https:\/\/arantv.az\/index.php?rest_route=\/wp\/v2\/types\/post"}],"author":[{"embeddable":true,"href":"https:\/\/arantv.az\/index.php?rest_route=\/wp\/v2\/users\/2"}],"replies":[{"embeddable":true,"href":"https:\/\/arantv.az\/index.php?rest_route=%2Fwp%2Fv2%2Fcomments&post=734301"}],"version-history":[{"count":0,"href":"https:\/\/arantv.az\/index.php?rest_route=\/wp\/v2\/posts\/734301\/revisions"}],"wp:featuredmedia":[{"embeddable":true,"href":"https:\/\/arantv.az\/index.php?rest_route=\/wp\/v2\/media\/734302"}],"wp:attachment":[{"href":"https:\/\/arantv.az\/index.php?rest_route=%2Fwp%2Fv2%2Fmedia&parent=734301"}],"wp:term":[{"taxonomy":"category","embeddable":true,"href":"https:\/\/arantv.az\/index.php?rest_route=%2Fwp%2Fv2%2Fcategories&post=734301"},{"taxonomy":"post_tag","embeddable":true,"href":"https:\/\/arantv.az\/index.php?rest_route=%2Fwp%2Fv2%2Ftags&post=734301"}],"curies":[{"name":"wp","href":"https:\/\/api.w.org\/{rel}","templated":true}]}}