{"id":734311,"date":"2024-07-03T16:38:07","date_gmt":"2024-07-03T12:38:07","guid":{"rendered":"https:\/\/arantv.az\/?p=734311"},"modified":"2024-07-03T16:38:07","modified_gmt":"2024-07-03T12:38:07","slug":"sus-k%c9%99ndind%c9%99-ilk-korp%c9%99-dunyaya-g%c9%99ldi","status":"publish","type":"post","link":"https:\/\/arantv.az\/?p=734311","title":{"rendered":"Sus k\u0259ndind\u0259 ilk k\u00f6rp\u0259 d\u00fcnyaya G\u018fLD\u0130"},"content":{"rendered":"<div class=\"text-content\" data-id=\"\" data-url=\"\">\n<p><strong>La\u00e7\u0131n rayonunun i\u015f\u011faldan azad edildikd\u0259n sonra yenid\u0259n sal\u0131nm\u0131\u015f Sus k\u0259ndind\u0259 ilk k\u00f6rp\u0259 d\u00fcnyaya g\u0259lib.<\/strong><\/p>\n<p>M\u0259lumata g\u00f6r\u0259, k\u00f6rp\u0259nin valideynl\u0259ri \u2013 Anar v\u0259 Lamiy\u0259 Yol\u00e7ulular bu ilin may ay\u0131nda do\u011fma yurda qay\u0131d\u0131b v\u0259 burada onlara veril\u0259n f\u0259rdi evd\u0259 daimi m\u0259skunla\u015f\u0131blar.<\/p>\n<p>H\u0259r iki valideyn &#8211; Anar v\u0259 Lamiy\u0259 m\u0259cburi k\u00f6\u00e7k\u00fcn ail\u0259nin \u00f6vladlar\u0131d\u0131r.<\/p>\n<p>\u201cBiz m\u0259cburi k\u00f6\u00e7k\u00fcnl\u00fcy\u00fcn \u00e7\u0259tinlikl\u0259rini g\u00f6rm\u00fc\u015f ail\u0259l\u0259rd\u0259nik. Ancaq h\u0259mi\u015f\u0259 d\u00f6vl\u0259timizin, m\u00f6ht\u0259r\u0259m Prezident c\u0259nab \u0130lham \u018fliyevin, birinci Vitse-prezident Mehriban xan\u0131m \u018fliyevan\u0131n diqq\u0259t v\u0259 qay\u011f\u0131s\u0131 il\u0259 \u0259hat\u0259 olunmu\u015fuq. Torpaqlar\u0131m\u0131z\u0131n i\u015f\u011faldan azad edilm\u0259si il\u0259 bizim d\u0259 h\u0259yat\u0131m\u0131zda yeni bir d\u00f6vr ba\u015fland\u0131. D\u00f6vl\u0259timizin ba\u015f\u00e7\u0131s\u0131n\u0131n tap\u015f\u0131r\u0131\u011f\u0131 il\u0259 yeni sal\u0131nan Sus k\u0259ndind\u0259 g\u0259nc ail\u0259 kimi biz\u0259 d\u0259 ev verildi. D\u0259rin minn\u0259tdarl\u0131q hissi, b\u00f6y\u00fck arzularla qay\u0131tm\u0131\u015f\u0131q do\u011fma yurda\u2026 \u018fminik ki, \u00f6z\u00fcm\u00fcz d\u0259, o\u011flumuz da Susda daim xo\u015f g\u00fcnl\u0259r ya\u015fayaca\u011f\u0131q\u201d, \u2013 dey\u0259n Anar Yol\u00e7ulu qarda\u015f\u0131 il\u0259 birlikd\u0259 torpaqlar\u0131n i\u015f\u011faldan azad edilm\u0259si u\u011frunda d\u00f6y\u00fc\u015fl\u0259rd\u0259, 44 g\u00fcnl\u00fck V\u0259t\u0259n m\u00fcharib\u0259sind\u0259 i\u015ftirak edib.<\/p>\n<p>Onun atas\u0131 N\u00fcsr\u0259t is\u0259 birinci Qaraba\u011f m\u00fcharib\u0259sinin veteran\u0131d\u0131r.\/\/Report<\/p>\n<\/div>\n<div>\n<div class=\"form-group\"><img class=\"img-responsive\" src=\"https:\/\/cdn.musavat.com\/news\/images\/iqbal\/5394b131-2798-31eb-9f81-037f90cc.jpg\" \/><\/div>\n<div class=\"form-group\"><img class=\"img-responsive\" src=\"https:\/\/cdn.musavat.com\/news\/images\/iqbal\/221e5a91-35ca-3157-bb04-1667caab.jpg\" \/><\/div>\n<div class=\"form-group\"><img class=\"img-responsive\" src=\"https:\/\/cdn.musavat.com\/news\/images\/iqbal\/a011ac00-8258-3436-bbef-5a3fd29c.jpg\" \/><\/div>\n<div class=\"form-group\"><img class=\"img-responsive\" src=\"https:\/\/cdn.musavat.com\/news\/images\/iqbal\/3b8d3ce2-603c-3df9-9574-50477cb6.jpg\" \/><\/div>\n<\/div>\n","protected":false},"excerpt":{"rendered":"<p>La\u00e7\u0131n rayonunun i\u015f\u011faldan azad edildikd\u0259n sonra yenid\u0259n sal\u0131nm\u0131\u015f Sus k\u0259ndind\u0259 ilk k\u00f6rp\u0259 d\u00fcnyaya g\u0259lib. M\u0259lumata g\u00f6r\u0259, k\u00f6rp\u0259nin valideynl\u0259ri \u2013 Anar v\u0259 Lamiy\u0259 Yol\u00e7ulular bu ilin may ay\u0131nda do\u011fma yurda qay\u0131d\u0131b v\u0259 burada onlara veril\u0259n f\u0259rdi evd\u0259 daimi m\u0259skunla\u015f\u0131blar. H\u0259r iki valideyn &#8211; Anar v\u0259 Lamiy\u0259 m\u0259cburi k\u00f6\u00e7k\u00fcn ail\u0259nin \u00f6vladlar\u0131d\u0131r. \u201cBiz m\u0259cburi k\u00f6\u00e7k\u00fcnl\u00fcy\u00fcn \u00e7\u0259tinlikl\u0259rini g\u00f6rm\u00fc\u015f ail\u0259l\u0259rd\u0259nik. Ancaq h\u0259mi\u015f\u0259 d\u00f6vl\u0259timizin, m\u00f6ht\u0259r\u0259m Prezident c\u0259nab \u0130lham \u018fliyevin, birinci Vitse-prezident Mehriban xan\u0131m \u018fliyevan\u0131n diqq\u0259t v\u0259 qay\u011f\u0131s\u0131 il\u0259 \u0259hat\u0259 olunmu\u015fuq. Torpaqlar\u0131m\u0131z\u0131n i\u015f\u011faldan azad edilm\u0259si il\u0259 bizim d\u0259 h\u0259yat\u0131m\u0131zda yeni bir d\u00f6vr ba\u015fland\u0131. D\u00f6vl\u0259timizin ba\u015f\u00e7\u0131s\u0131n\u0131n tap\u015f\u0131r\u0131\u011f\u0131 il\u0259&hellip;<\/p>\n","protected":false},"author":2,"featured_media":734312,"comment_status":"closed","ping_status":"closed","sticky":false,"template":"","format":"standard","meta":{"om_disable_all_campaigns":false,"_monsterinsights_skip_tracking":false,"_monsterinsights_sitenote_active":false,"_monsterinsights_sitenote_note":"","_monsterinsights_sitenote_category":0},"categories":[1],"tags":[],"aioseo_notices":[],"gutentor_comment":0,"rttpg_featured_image_url":{"full":["https:\/\/arantv.az\/wp-content\/uploads\/2024\/07\/979c83ec7b4fa963609e164eb5726bf0.jpg",850,500,false],"landscape":["https:\/\/arantv.az\/wp-content\/uploads\/2024\/07\/979c83ec7b4fa963609e164eb5726bf0.jpg",850,500,false],"portraits":["https:\/\/arantv.az\/wp-content\/uploads\/2024\/07\/979c83ec7b4fa963609e164eb5726bf0.jpg",850,500,false],"thumbnail":["https:\/\/arantv.az\/wp-content\/uploads\/2024\/07\/979c83ec7b4fa963609e164eb5726bf0-500x280.jpg",500,280,true],"medium":["https:\/\/arantv.az\/wp-content\/uploads\/2024\/07\/979c83ec7b4fa963609e164eb5726bf0-621x365.jpg",621,365,true],"large":["https:\/\/arantv.az\/wp-content\/uploads\/2024\/07\/979c83ec7b4fa963609e164eb5726bf0-840x494.jpg",640,376,true],"1536x1536":["https:\/\/arantv.az\/wp-content\/uploads\/2024\/07\/979c83ec7b4fa963609e164eb5726bf0.jpg",850,500,false],"2048x2048":["https:\/\/arantv.az\/wp-content\/uploads\/2024\/07\/979c83ec7b4fa963609e164eb5726bf0.jpg",850,500,false],"post-thumbnail":["https:\/\/arantv.az\/wp-content\/uploads\/2024\/07\/979c83ec7b4fa963609e164eb5726bf0-240x172.jpg",240,172,true],"advps-thumb-one":["https:\/\/arantv.az\/wp-content\/uploads\/2024\/07\/979c83ec7b4fa963609e164eb5726bf0.jpg",850,500,false]},"rttpg_author":{"display_name":"V\u00fcsal Rafiqo\u011flu","author_link":"https:\/\/arantv.az\/?author=2"},"rttpg_comment":0,"rttpg_category":"<a href=\"https:\/\/arantv.az\/?cat=1\" rel=\"category\">C\u0259miyy\u0259t<\/a>","rttpg_excerpt":"La\u00e7\u0131n rayonunun i\u015f\u011faldan azad edildikd\u0259n sonra yenid\u0259n sal\u0131nm\u0131\u015f Sus k\u0259ndind\u0259 ilk k\u00f6rp\u0259 d\u00fcnyaya g\u0259lib. M\u0259lumata g\u00f6r\u0259, k\u00f6rp\u0259nin valideynl\u0259ri \u2013 Anar v\u0259 Lamiy\u0259 Yol\u00e7ulular bu ilin may ay\u0131nda do\u011fma yurda qay\u0131d\u0131b v\u0259 burada onlara veril\u0259n f\u0259rdi evd\u0259 daimi m\u0259skunla\u015f\u0131blar. H\u0259r iki valideyn &#8211; Anar v\u0259 Lamiy\u0259 m\u0259cburi k\u00f6\u00e7k\u00fcn ail\u0259nin \u00f6vladlar\u0131d\u0131r. \u201cBiz m\u0259cburi k\u00f6\u00e7k\u00fcnl\u00fcy\u00fcn \u00e7\u0259tinlikl\u0259rini g\u00f6rm\u00fc\u015f ail\u0259l\u0259rd\u0259nik.&hellip;","_links":{"self":[{"href":"https:\/\/arantv.az\/index.php?rest_route=\/wp\/v2\/posts\/734311"}],"collection":[{"href":"https:\/\/arantv.az\/index.php?rest_route=\/wp\/v2\/posts"}],"about":[{"href":"https:\/\/arantv.az\/index.php?rest_route=\/wp\/v2\/types\/post"}],"author":[{"embeddable":true,"href":"https:\/\/arantv.az\/index.php?rest_route=\/wp\/v2\/users\/2"}],"replies":[{"embeddable":true,"href":"https:\/\/arantv.az\/index.php?rest_route=%2Fwp%2Fv2%2Fcomments&post=734311"}],"version-history":[{"count":0,"href":"https:\/\/arantv.az\/index.php?rest_route=\/wp\/v2\/posts\/734311\/revisions"}],"wp:featuredmedia":[{"embeddable":true,"href":"https:\/\/arantv.az\/index.php?rest_route=\/wp\/v2\/media\/734312"}],"wp:attachment":[{"href":"https:\/\/arantv.az\/index.php?rest_route=%2Fwp%2Fv2%2Fmedia&parent=734311"}],"wp:term":[{"taxonomy":"category","embeddable":true,"href":"https:\/\/arantv.az\/index.php?rest_route=%2Fwp%2Fv2%2Fcategories&post=734311"},{"taxonomy":"post_tag","embeddable":true,"href":"https:\/\/arantv.az\/index.php?rest_route=%2Fwp%2Fv2%2Ftags&post=734311"}],"curies":[{"name":"wp","href":"https:\/\/api.w.org\/{rel}","templated":true}]}}