{"id":734315,"date":"2024-07-03T16:39:17","date_gmt":"2024-07-03T12:39:17","guid":{"rendered":"https:\/\/arantv.az\/?p=734315"},"modified":"2024-07-03T16:39:17","modified_gmt":"2024-07-03T12:39:17","slug":"ararat-mirzoyandan-az%c9%99rbaycana-iftira","status":"publish","type":"post","link":"https:\/\/arantv.az\/?p=734315","title":{"rendered":"Ararat Mirzoyandan Az\u0259rbaycana \u0130FT\u0130RA"},"content":{"rendered":"<p><strong>\u201cBak\u0131 s\u00fclh sazi\u015finin ba\u011flanmas\u0131na s\u00fcni mane\u0259l\u0259r yarad\u0131r\u201d.<\/strong><\/p>\n<p><strong>ARANTV.AZ<\/strong>\u00a0erm\u0259ni medias\u0131na istinad\u0259n x\u0259b\u0259r verir ki, bu b\u0259yanat Erm\u0259nistan\u0131n xarici i\u015fl\u0259r naziri Ararat Mirzoyan t\u0259r\u0259find\u0259n Tiflisd\u0259 s\u0259sl\u0259nib.<\/p>\n<p>Erm\u0259ni nazir Az\u0259rbaycanla m\u00fcnasib\u0259tl\u0259rin normalla\u015fd\u0131r\u0131lmas\u0131nda g\u00f6st\u0259rdiyi k\u00f6m\u0259y\u0259 g\u00f6r\u0259 G\u00fcrc\u00fcstan t\u0259r\u0259fin\u0259 t\u0259\u015f\u0259kk\u00fcr edib. Mirzoyan Erm\u0259nistan-Az\u0259rbaycan s\u0259rh\u0259dinin delimitasiyas\u0131 prosesinin ba\u015flanmas\u0131 v\u0259 davam etdirilm\u0259sinin vacibliyini qeyd ed\u0259r\u0259k, bunun Almat\u0131 B\u0259yannam\u0259si \u0259sas\u0131nda getdiyini ayd\u0131nla\u015fd\u0131r\u0131b.<\/p>\n<p>\u201cBiz prosesin davam etdirilm\u0259sin\u0259 b\u00f6y\u00fck \u0259h\u0259miyy\u0259t veririk. Eyni zamanda, s\u00fclh sazi\u015fin\u0259 haz\u0131rl\u0131q gedir. M\u0259n \u00f6z\u00fcm d\u0259 dedim ki, bir ay \u0259rzind\u0259 intensiv i\u015fl\u0259m\u0259kl\u0259 haz\u0131rl\u0131\u011f\u0131 ba\u015fa \u00e7atd\u0131rmaq v\u0259 Az\u0259rbaycanla s\u00fclh sazi\u015fini, bu \u00e7ox m\u00fch\u00fcm s\u0259n\u0259di imzalamaq olar. T\u0259klifin m\u00fcsb\u0259t cavabland\u0131r\u0131ld\u0131\u011f\u0131n\u0131 dey\u0259 bilm\u0259r\u0259m, \u0259ksin\u0259, biz prosesin l\u0259ngim\u0259sin\u0259 yeni, s\u00fcni mane\u0259l\u0259r g\u00f6r\u00fcr\u00fck\u201d &#8211; dey\u0259 Mirzoyan s\u00f6yl\u0259yib.<\/p>\n","protected":false},"excerpt":{"rendered":"<p>\u201cBak\u0131 s\u00fclh sazi\u015finin ba\u011flanmas\u0131na s\u00fcni mane\u0259l\u0259r yarad\u0131r\u201d. ARANTV.AZ\u00a0erm\u0259ni medias\u0131na istinad\u0259n x\u0259b\u0259r verir ki, bu b\u0259yanat Erm\u0259nistan\u0131n xarici i\u015fl\u0259r naziri Ararat Mirzoyan t\u0259r\u0259find\u0259n Tiflisd\u0259 s\u0259sl\u0259nib. Erm\u0259ni nazir Az\u0259rbaycanla m\u00fcnasib\u0259tl\u0259rin normalla\u015fd\u0131r\u0131lmas\u0131nda g\u00f6st\u0259rdiyi k\u00f6m\u0259y\u0259 g\u00f6r\u0259 G\u00fcrc\u00fcstan t\u0259r\u0259fin\u0259 t\u0259\u015f\u0259kk\u00fcr edib. Mirzoyan Erm\u0259nistan-Az\u0259rbaycan s\u0259rh\u0259dinin delimitasiyas\u0131 prosesinin ba\u015flanmas\u0131 v\u0259 davam etdirilm\u0259sinin vacibliyini qeyd ed\u0259r\u0259k, bunun Almat\u0131 B\u0259yannam\u0259si \u0259sas\u0131nda getdiyini ayd\u0131nla\u015fd\u0131r\u0131b. \u201cBiz prosesin davam etdirilm\u0259sin\u0259 b\u00f6y\u00fck \u0259h\u0259miyy\u0259t veririk. Eyni zamanda, s\u00fclh sazi\u015fin\u0259 haz\u0131rl\u0131q gedir. M\u0259n \u00f6z\u00fcm d\u0259 dedim ki, bir ay \u0259rzind\u0259 intensiv i\u015fl\u0259m\u0259kl\u0259 haz\u0131rl\u0131\u011f\u0131 ba\u015fa \u00e7atd\u0131rmaq v\u0259 Az\u0259rbaycanla s\u00fclh sazi\u015fini, bu \u00e7ox m\u00fch\u00fcm s\u0259n\u0259di imzalamaq olar.&hellip;<\/p>\n","protected":false},"author":2,"featured_media":734316,"comment_status":"closed","ping_status":"closed","sticky":false,"template":"","format":"standard","meta":{"om_disable_all_campaigns":false,"_monsterinsights_skip_tracking":false,"_monsterinsights_sitenote_active":false,"_monsterinsights_sitenote_note":"","_monsterinsights_sitenote_category":0},"categories":[19],"tags":[],"aioseo_notices":[],"gutentor_comment":0,"rttpg_featured_image_url":{"full":["https:\/\/arantv.az\/wp-content\/uploads\/2024\/07\/b75390ae5d6b8aef6a140271b472a9aa.jpg",850,500,false],"landscape":["https:\/\/arantv.az\/wp-content\/uploads\/2024\/07\/b75390ae5d6b8aef6a140271b472a9aa.jpg",850,500,false],"portraits":["https:\/\/arantv.az\/wp-content\/uploads\/2024\/07\/b75390ae5d6b8aef6a140271b472a9aa.jpg",850,500,false],"thumbnail":["https:\/\/arantv.az\/wp-content\/uploads\/2024\/07\/b75390ae5d6b8aef6a140271b472a9aa-500x280.jpg",500,280,true],"medium":["https:\/\/arantv.az\/wp-content\/uploads\/2024\/07\/b75390ae5d6b8aef6a140271b472a9aa-621x365.jpg",621,365,true],"large":["https:\/\/arantv.az\/wp-content\/uploads\/2024\/07\/b75390ae5d6b8aef6a140271b472a9aa-840x494.jpg",640,376,true],"1536x1536":["https:\/\/arantv.az\/wp-content\/uploads\/2024\/07\/b75390ae5d6b8aef6a140271b472a9aa.jpg",850,500,false],"2048x2048":["https:\/\/arantv.az\/wp-content\/uploads\/2024\/07\/b75390ae5d6b8aef6a140271b472a9aa.jpg",850,500,false],"post-thumbnail":["https:\/\/arantv.az\/wp-content\/uploads\/2024\/07\/b75390ae5d6b8aef6a140271b472a9aa-240x172.jpg",240,172,true],"advps-thumb-one":["https:\/\/arantv.az\/wp-content\/uploads\/2024\/07\/b75390ae5d6b8aef6a140271b472a9aa.jpg",850,500,false]},"rttpg_author":{"display_name":"V\u00fcsal Rafiqo\u011flu","author_link":"https:\/\/arantv.az\/?author=2"},"rttpg_comment":0,"rttpg_category":"<a href=\"https:\/\/arantv.az\/?cat=19\" rel=\"category\">G\u00fcnd\u0259m<\/a>","rttpg_excerpt":"\u201cBak\u0131 s\u00fclh sazi\u015finin ba\u011flanmas\u0131na s\u00fcni mane\u0259l\u0259r yarad\u0131r\u201d. ARANTV.AZ\u00a0erm\u0259ni medias\u0131na istinad\u0259n x\u0259b\u0259r verir ki, bu b\u0259yanat Erm\u0259nistan\u0131n xarici i\u015fl\u0259r naziri Ararat Mirzoyan t\u0259r\u0259find\u0259n Tiflisd\u0259 s\u0259sl\u0259nib. Erm\u0259ni nazir Az\u0259rbaycanla m\u00fcnasib\u0259tl\u0259rin normalla\u015fd\u0131r\u0131lmas\u0131nda g\u00f6st\u0259rdiyi k\u00f6m\u0259y\u0259 g\u00f6r\u0259 G\u00fcrc\u00fcstan t\u0259r\u0259fin\u0259 t\u0259\u015f\u0259kk\u00fcr edib. Mirzoyan Erm\u0259nistan-Az\u0259rbaycan s\u0259rh\u0259dinin delimitasiyas\u0131 prosesinin ba\u015flanmas\u0131 v\u0259 davam etdirilm\u0259sinin vacibliyini qeyd ed\u0259r\u0259k, bunun Almat\u0131 B\u0259yannam\u0259si \u0259sas\u0131nda getdiyini ayd\u0131nla\u015fd\u0131r\u0131b. \u201cBiz&hellip;","_links":{"self":[{"href":"https:\/\/arantv.az\/index.php?rest_route=\/wp\/v2\/posts\/734315"}],"collection":[{"href":"https:\/\/arantv.az\/index.php?rest_route=\/wp\/v2\/posts"}],"about":[{"href":"https:\/\/arantv.az\/index.php?rest_route=\/wp\/v2\/types\/post"}],"author":[{"embeddable":true,"href":"https:\/\/arantv.az\/index.php?rest_route=\/wp\/v2\/users\/2"}],"replies":[{"embeddable":true,"href":"https:\/\/arantv.az\/index.php?rest_route=%2Fwp%2Fv2%2Fcomments&post=734315"}],"version-history":[{"count":0,"href":"https:\/\/arantv.az\/index.php?rest_route=\/wp\/v2\/posts\/734315\/revisions"}],"wp:featuredmedia":[{"embeddable":true,"href":"https:\/\/arantv.az\/index.php?rest_route=\/wp\/v2\/media\/734316"}],"wp:attachment":[{"href":"https:\/\/arantv.az\/index.php?rest_route=%2Fwp%2Fv2%2Fmedia&parent=734315"}],"wp:term":[{"taxonomy":"category","embeddable":true,"href":"https:\/\/arantv.az\/index.php?rest_route=%2Fwp%2Fv2%2Fcategories&post=734315"},{"taxonomy":"post_tag","embeddable":true,"href":"https:\/\/arantv.az\/index.php?rest_route=%2Fwp%2Fv2%2Ftags&post=734315"}],"curies":[{"name":"wp","href":"https:\/\/api.w.org\/{rel}","templated":true}]}}