{"id":734318,"date":"2024-07-03T16:40:08","date_gmt":"2024-07-03T12:40:08","guid":{"rendered":"https:\/\/arantv.az\/?p=734318"},"modified":"2024-07-03T16:40:08","modified_gmt":"2024-07-03T12:40:08","slug":"k%c9%99lb%c9%99c%c9%99rd%c9%99-b%c9%99bir-gorundu-foto","status":"publish","type":"post","link":"https:\/\/arantv.az\/?p=734318","title":{"rendered":"K\u0259lb\u0259c\u0259rd\u0259 b\u0259bir g\u00f6r\u00fcnd\u00fc &#8211; FOTO"},"content":{"rendered":"<div class=\"text-content\" data-id=\"\" data-url=\"\">\n<p><strong>Son d\u00f6vrl\u0259rd\u0259, y\u0259ni i\u015f\u011faldan sonra b\u0259birl\u0259ri ilk m\u00fc\u015fahid\u0259 ed\u0259n \u0259sg\u0259rl\u0259r olub. Bundan sonra ETSN, \u0130DEA \u0130ctimai Birliyi v\u0259 WWF t\u0259r\u0259find\u0259n apar\u0131lm\u0131\u015f m\u00fct\u0259madi izl\u0259m\u0259l\u0259r v\u0259 monitorinql\u0259r n\u0259tic\u0259sind\u0259 K\u0259lb\u0259c\u0259r rayonunda b\u0259birin y\u00fcks\u0259k keyfiyy\u0259tli foto v\u0259 videosu \u0259ld\u0259 edilib.<\/strong><\/p>\n<p><strong>ARANTV.AZ <\/strong>\u00a0x\u0259b\u0259r verir ki, bunu \u00dcmumd\u00fcnya T\u0259bi\u0259ti M\u00fchafiz\u0259 Fondu Az\u0259rbaycan n\u00fcmay\u0259nd\u0259liyinin (WWF) direktoru El\u015fad \u018fsg\u0259rov &#8220;Az\u0259rbaycanda b\u0259birl\u0259rin populyasiyas\u0131, bioloji m\u00fcxt\u0259lifliyin b\u0259rpas\u0131 istiqam\u0259tind\u0259 g\u00f6r\u00fcl\u0259n i\u015fl\u0259r v\u0259 ekoloji turizmin inki\u015faf\u0131na dair planla\u015fd\u0131rma&#8221; m\u00f6vzusunda ETSN-d\u0259 ke\u00e7iril\u0259n m\u0259tbuat konfrans\u0131nda deyib.<\/p>\n<p>O bildirib ki, Az\u0259rbaycanda b\u0259bir f\u0259rdl\u0259rin\u0259 rast g\u0259lindiyi \u0259sas \u0259razil\u0259r Z\u0259ng\u0259zur v\u0259 Tal\u0131\u015f da\u011flar\u0131d\u0131r:<\/p>\n<p>&#8220;Qaraba\u011fda, K\u0259lb\u0259c\u0259r istiqam\u0259tind\u0259 b\u0259birl\u0259rin m\u00fc\u015fahid\u0259 olunmas\u0131, h\u0259m\u00e7inin Ming\u0259\u00e7evir g\u00f6l\u00fc \u0259traf\u0131ndak\u0131 boz da\u011flarda, B\u00f6y\u00fck Qafqazda onlar\u0131n g\u00f6r\u00fcnm\u0259si b\u0259bir populyasiyas\u0131n\u0131n b\u0259rpas\u0131, onlar\u0131n m\u00fchafiz\u0259si, areal\u0131n\u0131n geni\u015fl\u0259ndirilm\u0259si istiqam\u0259tind\u0259 Az\u0259rbaycan h\u00f6k\u00fcm\u0259tinin, o c\u00fcml\u0259d\u0259n Ekologiya v\u0259 T\u0259bii S\u0259rv\u0259tl\u0259r Nazirliyinin m\u0259qs\u0259dy\u00f6nl\u00fc f\u0259aliyy\u0259tinin n\u0259tic\u0259sidir&#8221;.<\/p>\n<\/div>\n<div><\/div>\n<div><\/div>\n<div class=\"inner-social-box\">\n<div class=\"subs-in-social subs-whatsapp\"><\/div>\n<\/div>\n","protected":false},"excerpt":{"rendered":"<p>Son d\u00f6vrl\u0259rd\u0259, y\u0259ni i\u015f\u011faldan sonra b\u0259birl\u0259ri ilk m\u00fc\u015fahid\u0259 ed\u0259n \u0259sg\u0259rl\u0259r olub. Bundan sonra ETSN, \u0130DEA \u0130ctimai Birliyi v\u0259 WWF t\u0259r\u0259find\u0259n apar\u0131lm\u0131\u015f m\u00fct\u0259madi izl\u0259m\u0259l\u0259r v\u0259 monitorinql\u0259r n\u0259tic\u0259sind\u0259 K\u0259lb\u0259c\u0259r rayonunda b\u0259birin y\u00fcks\u0259k keyfiyy\u0259tli foto v\u0259 videosu \u0259ld\u0259 edilib. ARANTV.AZ \u00a0x\u0259b\u0259r verir ki, bunu \u00dcmumd\u00fcnya T\u0259bi\u0259ti M\u00fchafiz\u0259 Fondu Az\u0259rbaycan n\u00fcmay\u0259nd\u0259liyinin (WWF) direktoru El\u015fad \u018fsg\u0259rov &#8220;Az\u0259rbaycanda b\u0259birl\u0259rin populyasiyas\u0131, bioloji m\u00fcxt\u0259lifliyin b\u0259rpas\u0131 istiqam\u0259tind\u0259 g\u00f6r\u00fcl\u0259n i\u015fl\u0259r v\u0259 ekoloji turizmin inki\u015faf\u0131na dair planla\u015fd\u0131rma&#8221; m\u00f6vzusunda ETSN-d\u0259 ke\u00e7iril\u0259n m\u0259tbuat konfrans\u0131nda deyib. O bildirib ki, Az\u0259rbaycanda b\u0259bir f\u0259rdl\u0259rin\u0259 rast g\u0259lindiyi \u0259sas \u0259razil\u0259r Z\u0259ng\u0259zur v\u0259 Tal\u0131\u015f da\u011flar\u0131d\u0131r: &#8220;Qaraba\u011fda, K\u0259lb\u0259c\u0259r istiqam\u0259tind\u0259 b\u0259birl\u0259rin&hellip;<\/p>\n","protected":false},"author":2,"featured_media":734319,"comment_status":"closed","ping_status":"closed","sticky":false,"template":"","format":"standard","meta":{"om_disable_all_campaigns":false,"_monsterinsights_skip_tracking":false,"_monsterinsights_sitenote_active":false,"_monsterinsights_sitenote_note":"","_monsterinsights_sitenote_category":0},"categories":[1],"tags":[],"aioseo_notices":[],"gutentor_comment":0,"rttpg_featured_image_url":{"full":["https:\/\/arantv.az\/wp-content\/uploads\/2024\/07\/d99237e6089bc0006e94c4df477c26c6.jpg",870,500,false],"landscape":["https:\/\/arantv.az\/wp-content\/uploads\/2024\/07\/d99237e6089bc0006e94c4df477c26c6.jpg",870,500,false],"portraits":["https:\/\/arantv.az\/wp-content\/uploads\/2024\/07\/d99237e6089bc0006e94c4df477c26c6.jpg",870,500,false],"thumbnail":["https:\/\/arantv.az\/wp-content\/uploads\/2024\/07\/d99237e6089bc0006e94c4df477c26c6-500x280.jpg",500,280,true],"medium":["https:\/\/arantv.az\/wp-content\/uploads\/2024\/07\/d99237e6089bc0006e94c4df477c26c6-635x365.jpg",635,365,true],"large":["https:\/\/arantv.az\/wp-content\/uploads\/2024\/07\/d99237e6089bc0006e94c4df477c26c6-840x483.jpg",640,368,true],"1536x1536":["https:\/\/arantv.az\/wp-content\/uploads\/2024\/07\/d99237e6089bc0006e94c4df477c26c6.jpg",870,500,false],"2048x2048":["https:\/\/arantv.az\/wp-content\/uploads\/2024\/07\/d99237e6089bc0006e94c4df477c26c6.jpg",870,500,false],"post-thumbnail":["https:\/\/arantv.az\/wp-content\/uploads\/2024\/07\/d99237e6089bc0006e94c4df477c26c6-240x172.jpg",240,172,true],"advps-thumb-one":["https:\/\/arantv.az\/wp-content\/uploads\/2024\/07\/d99237e6089bc0006e94c4df477c26c6.jpg",870,500,false]},"rttpg_author":{"display_name":"V\u00fcsal Rafiqo\u011flu","author_link":"https:\/\/arantv.az\/?author=2"},"rttpg_comment":0,"rttpg_category":"<a href=\"https:\/\/arantv.az\/?cat=1\" rel=\"category\">C\u0259miyy\u0259t<\/a>","rttpg_excerpt":"Son d\u00f6vrl\u0259rd\u0259, y\u0259ni i\u015f\u011faldan sonra b\u0259birl\u0259ri ilk m\u00fc\u015fahid\u0259 ed\u0259n \u0259sg\u0259rl\u0259r olub. Bundan sonra ETSN, \u0130DEA \u0130ctimai Birliyi v\u0259 WWF t\u0259r\u0259find\u0259n apar\u0131lm\u0131\u015f m\u00fct\u0259madi izl\u0259m\u0259l\u0259r v\u0259 monitorinql\u0259r n\u0259tic\u0259sind\u0259 K\u0259lb\u0259c\u0259r rayonunda b\u0259birin y\u00fcks\u0259k keyfiyy\u0259tli foto v\u0259 videosu \u0259ld\u0259 edilib. ARANTV.AZ \u00a0x\u0259b\u0259r verir ki, bunu \u00dcmumd\u00fcnya T\u0259bi\u0259ti M\u00fchafiz\u0259 Fondu Az\u0259rbaycan n\u00fcmay\u0259nd\u0259liyinin (WWF) direktoru El\u015fad \u018fsg\u0259rov &#8220;Az\u0259rbaycanda b\u0259birl\u0259rin populyasiyas\u0131, bioloji&hellip;","_links":{"self":[{"href":"https:\/\/arantv.az\/index.php?rest_route=\/wp\/v2\/posts\/734318"}],"collection":[{"href":"https:\/\/arantv.az\/index.php?rest_route=\/wp\/v2\/posts"}],"about":[{"href":"https:\/\/arantv.az\/index.php?rest_route=\/wp\/v2\/types\/post"}],"author":[{"embeddable":true,"href":"https:\/\/arantv.az\/index.php?rest_route=\/wp\/v2\/users\/2"}],"replies":[{"embeddable":true,"href":"https:\/\/arantv.az\/index.php?rest_route=%2Fwp%2Fv2%2Fcomments&post=734318"}],"version-history":[{"count":0,"href":"https:\/\/arantv.az\/index.php?rest_route=\/wp\/v2\/posts\/734318\/revisions"}],"wp:featuredmedia":[{"embeddable":true,"href":"https:\/\/arantv.az\/index.php?rest_route=\/wp\/v2\/media\/734319"}],"wp:attachment":[{"href":"https:\/\/arantv.az\/index.php?rest_route=%2Fwp%2Fv2%2Fmedia&parent=734318"}],"wp:term":[{"taxonomy":"category","embeddable":true,"href":"https:\/\/arantv.az\/index.php?rest_route=%2Fwp%2Fv2%2Fcategories&post=734318"},{"taxonomy":"post_tag","embeddable":true,"href":"https:\/\/arantv.az\/index.php?rest_route=%2Fwp%2Fv2%2Ftags&post=734318"}],"curies":[{"name":"wp","href":"https:\/\/api.w.org\/{rel}","templated":true}]}}