{"id":734322,"date":"2024-07-03T16:40:53","date_gmt":"2024-07-03T12:40:53","guid":{"rendered":"https:\/\/arantv.az\/?p=734322"},"modified":"2024-07-03T16:40:53","modified_gmt":"2024-07-03T12:40:53","slug":"ararat-mirzoyandan-turkiy%c9%99-aciqlamasi-haziriq","status":"publish","type":"post","link":"https:\/\/arantv.az\/?p=734322","title":{"rendered":"Ararat Mirzoyandan T\u00fcrkiy\u0259 A\u00c7IQLAMASI &#8211; HAZIRIQ!"},"content":{"rendered":"<p><strong>\u201cErm\u0259nistan T\u00fcrkiy\u0259 il\u0259 m\u00fcnasib\u0259tl\u0259ri tam \u015f\u0259kild\u0259 normalla\u015fd\u0131rma\u011fa haz\u0131rd\u0131r\u201d.<\/strong><\/p>\n<p><strong>ARANTV.AZ<\/strong>\u00a0erm\u0259ni medias\u0131na istinad\u0259n x\u0259b\u0259r verir ki, bunu Erm\u0259nistan\u0131n xarici i\u015fl\u0259r naziri Ararat Mirzoyan Tiflisd\u0259 g\u00fcrc\u00fcstanl\u0131 h\u0259mkar\u0131 il\u0259 birg\u0259 m\u0259tbuat konfrans\u0131nda deyib.<\/p>\n<p>\u201cBiz T\u00fcrkiy\u0259 il\u0259 m\u00fcnasib\u0259tl\u0259ri tamamil\u0259 normalla\u015fd\u0131rma\u011fa, \u0259laq\u0259l\u0259r qurma\u011fa, s\u0259rh\u0259di a\u00e7ma\u011fa v\u0259 bunun fonunda art\u0131q \u0259ld\u0259 edilmi\u015f raz\u0131la\u015fmalar\u0131 h\u0259yata ke\u00e7irm\u0259y\u0259 haz\u0131r\u0131q\u201d, &#8211; dey\u0259 Mirzoyan qeyd edib.<\/p>\n<p><strong>Onun s\u00f6zl\u0259rin\u0259 g\u00f6r\u0259, Erm\u0259nistan T\u00fcrkiy\u0259 il\u0259 sa\u011flam dialoqa malikdir.<\/strong><\/p>\n<p>\u201c\u018fld\u0259 edilmi\u015f raz\u0131la\u015fmalar\u0131n h\u0259yata ke\u00e7irilm\u0259sinin vaxt\u0131 \u00e7oxdan \u00e7at\u0131b\u201d, &#8211; dey\u0259 erm\u0259ni nazir t\u0259krar edib.<\/p>\n","protected":false},"excerpt":{"rendered":"<p>\u201cErm\u0259nistan T\u00fcrkiy\u0259 il\u0259 m\u00fcnasib\u0259tl\u0259ri tam \u015f\u0259kild\u0259 normalla\u015fd\u0131rma\u011fa haz\u0131rd\u0131r\u201d. ARANTV.AZ\u00a0erm\u0259ni medias\u0131na istinad\u0259n x\u0259b\u0259r verir ki, bunu Erm\u0259nistan\u0131n xarici i\u015fl\u0259r naziri Ararat Mirzoyan Tiflisd\u0259 g\u00fcrc\u00fcstanl\u0131 h\u0259mkar\u0131 il\u0259 birg\u0259 m\u0259tbuat konfrans\u0131nda deyib. \u201cBiz T\u00fcrkiy\u0259 il\u0259 m\u00fcnasib\u0259tl\u0259ri tamamil\u0259 normalla\u015fd\u0131rma\u011fa, \u0259laq\u0259l\u0259r qurma\u011fa, s\u0259rh\u0259di a\u00e7ma\u011fa v\u0259 bunun fonunda art\u0131q \u0259ld\u0259 edilmi\u015f raz\u0131la\u015fmalar\u0131 h\u0259yata ke\u00e7irm\u0259y\u0259 haz\u0131r\u0131q\u201d, &#8211; dey\u0259 Mirzoyan qeyd edib. Onun s\u00f6zl\u0259rin\u0259 g\u00f6r\u0259, Erm\u0259nistan T\u00fcrkiy\u0259 il\u0259 sa\u011flam dialoqa malikdir. \u201c\u018fld\u0259 edilmi\u015f raz\u0131la\u015fmalar\u0131n h\u0259yata ke\u00e7irilm\u0259sinin vaxt\u0131 \u00e7oxdan \u00e7at\u0131b\u201d, &#8211; dey\u0259 erm\u0259ni nazir t\u0259krar edib.<\/p>\n","protected":false},"author":2,"featured_media":734323,"comment_status":"closed","ping_status":"closed","sticky":false,"template":"","format":"standard","meta":{"om_disable_all_campaigns":false,"_monsterinsights_skip_tracking":false,"_monsterinsights_sitenote_active":false,"_monsterinsights_sitenote_note":"","_monsterinsights_sitenote_category":0},"categories":[19],"tags":[],"aioseo_notices":[],"gutentor_comment":0,"rttpg_featured_image_url":{"full":["https:\/\/arantv.az\/wp-content\/uploads\/2024\/07\/e337424e6aa7df790890ea106ab74cb2.jpg",850,500,false],"landscape":["https:\/\/arantv.az\/wp-content\/uploads\/2024\/07\/e337424e6aa7df790890ea106ab74cb2.jpg",850,500,false],"portraits":["https:\/\/arantv.az\/wp-content\/uploads\/2024\/07\/e337424e6aa7df790890ea106ab74cb2.jpg",850,500,false],"thumbnail":["https:\/\/arantv.az\/wp-content\/uploads\/2024\/07\/e337424e6aa7df790890ea106ab74cb2-500x280.jpg",500,280,true],"medium":["https:\/\/arantv.az\/wp-content\/uploads\/2024\/07\/e337424e6aa7df790890ea106ab74cb2-621x365.jpg",621,365,true],"large":["https:\/\/arantv.az\/wp-content\/uploads\/2024\/07\/e337424e6aa7df790890ea106ab74cb2-840x494.jpg",640,376,true],"1536x1536":["https:\/\/arantv.az\/wp-content\/uploads\/2024\/07\/e337424e6aa7df790890ea106ab74cb2.jpg",850,500,false],"2048x2048":["https:\/\/arantv.az\/wp-content\/uploads\/2024\/07\/e337424e6aa7df790890ea106ab74cb2.jpg",850,500,false],"post-thumbnail":["https:\/\/arantv.az\/wp-content\/uploads\/2024\/07\/e337424e6aa7df790890ea106ab74cb2-240x172.jpg",240,172,true],"advps-thumb-one":["https:\/\/arantv.az\/wp-content\/uploads\/2024\/07\/e337424e6aa7df790890ea106ab74cb2.jpg",850,500,false]},"rttpg_author":{"display_name":"V\u00fcsal Rafiqo\u011flu","author_link":"https:\/\/arantv.az\/?author=2"},"rttpg_comment":0,"rttpg_category":"<a href=\"https:\/\/arantv.az\/?cat=19\" rel=\"category\">G\u00fcnd\u0259m<\/a>","rttpg_excerpt":"\u201cErm\u0259nistan T\u00fcrkiy\u0259 il\u0259 m\u00fcnasib\u0259tl\u0259ri tam \u015f\u0259kild\u0259 normalla\u015fd\u0131rma\u011fa haz\u0131rd\u0131r\u201d. ARANTV.AZ\u00a0erm\u0259ni medias\u0131na istinad\u0259n x\u0259b\u0259r verir ki, bunu Erm\u0259nistan\u0131n xarici i\u015fl\u0259r naziri Ararat Mirzoyan Tiflisd\u0259 g\u00fcrc\u00fcstanl\u0131 h\u0259mkar\u0131 il\u0259 birg\u0259 m\u0259tbuat konfrans\u0131nda deyib. \u201cBiz T\u00fcrkiy\u0259 il\u0259 m\u00fcnasib\u0259tl\u0259ri tamamil\u0259 normalla\u015fd\u0131rma\u011fa, \u0259laq\u0259l\u0259r qurma\u011fa, s\u0259rh\u0259di a\u00e7ma\u011fa v\u0259 bunun fonunda art\u0131q \u0259ld\u0259 edilmi\u015f raz\u0131la\u015fmalar\u0131 h\u0259yata ke\u00e7irm\u0259y\u0259 haz\u0131r\u0131q\u201d, &#8211; dey\u0259 Mirzoyan qeyd edib. Onun&hellip;","_links":{"self":[{"href":"https:\/\/arantv.az\/index.php?rest_route=\/wp\/v2\/posts\/734322"}],"collection":[{"href":"https:\/\/arantv.az\/index.php?rest_route=\/wp\/v2\/posts"}],"about":[{"href":"https:\/\/arantv.az\/index.php?rest_route=\/wp\/v2\/types\/post"}],"author":[{"embeddable":true,"href":"https:\/\/arantv.az\/index.php?rest_route=\/wp\/v2\/users\/2"}],"replies":[{"embeddable":true,"href":"https:\/\/arantv.az\/index.php?rest_route=%2Fwp%2Fv2%2Fcomments&post=734322"}],"version-history":[{"count":0,"href":"https:\/\/arantv.az\/index.php?rest_route=\/wp\/v2\/posts\/734322\/revisions"}],"wp:featuredmedia":[{"embeddable":true,"href":"https:\/\/arantv.az\/index.php?rest_route=\/wp\/v2\/media\/734323"}],"wp:attachment":[{"href":"https:\/\/arantv.az\/index.php?rest_route=%2Fwp%2Fv2%2Fmedia&parent=734322"}],"wp:term":[{"taxonomy":"category","embeddable":true,"href":"https:\/\/arantv.az\/index.php?rest_route=%2Fwp%2Fv2%2Fcategories&post=734322"},{"taxonomy":"post_tag","embeddable":true,"href":"https:\/\/arantv.az\/index.php?rest_route=%2Fwp%2Fv2%2Ftags&post=734322"}],"curies":[{"name":"wp","href":"https:\/\/api.w.org\/{rel}","templated":true}]}}