{"id":734325,"date":"2024-07-03T16:41:26","date_gmt":"2024-07-03T12:41:26","guid":{"rendered":"https:\/\/arantv.az\/?p=734325"},"modified":"2024-07-03T16:41:26","modified_gmt":"2024-07-03T12:41:26","slug":"%c9%99tin-qiym%c9%99ti-il%c9%99-bagli-vacib-aciqlama-yenid%c9%99n-bahalasir","status":"publish","type":"post","link":"https:\/\/arantv.az\/?p=734325","title":{"rendered":"\u018ftin qiym\u0259ti il\u0259 ba\u011fl\u0131 VAC\u0130B A\u00c7IQLAMA &#8211; Yenid\u0259n bahala\u015f\u0131r?"},"content":{"rendered":"<p><strong>Bir m\u00fcdd\u0259t \u00f6nc\u0259 \u0259tin qiym\u0259ti il\u0259 ba\u011fl\u0131 m\u00fcxt\u0259lif fikirl\u0259r s\u0259sl\u0259ndirilirdi. Onlardan biri d\u0259 Qurban bayram\u0131ndan sonra mal v\u0259 qoyun \u0259tinin ucuzla\u015fmas\u0131yla ab\u011fl\u0131 idi. B\u0259s haz\u0131rda v\u0259ziyy\u0259t nec\u0259dir? Qiym\u0259tl\u0259rin ucuzla\u015fmas\u0131 g\u00f6zl\u0259nilirmi?<\/strong><\/p>\n<p>S\u00f6z\u00fcged\u0259n m\u0259s\u0259l\u0259 bar\u0259d\u0259 iqtisadiyyat\u00e7\u0131 Akif N\u0259sirli \u201cYeni Sabah\u201da a\u00e7\u0131qlama verib. Ekspert bu sah\u0259d\u0259 sabitlik oldu\u011funu vur\u011fulay\u0131b:<\/p>\n<p>\u201cHaz\u0131rda \u0259tin qiym\u0259ti Qurban bayram\u0131 g\u00fcnl\u0259rin\u0259 nisb\u0259t\u0259n ucuzla\u015f\u0131b. M\u0259s\u0259l\u0259n, bayramda qoyun \u0259tinin kiloqram\u0131 21-22 manat idis\u0259, art\u0131q 19-19,5 azn, mal \u0259ti is\u0259 14-15 manata q\u0259d\u0259r d\u00fc\u015f\u00fcb. Bu m\u0259crada \u0259tin qiym\u0259tl\u0259rind\u0259 sabitl\u0259\u015fm\u0259 m\u00fc\u015fahid\u0259 olunur. Hesab edir\u0259m ki, yay aylar\u0131 oldu\u011fu \u00fc\u00e7\u00fcn, h\u0259m\u00e7inin, qar\u015f\u0131dan M\u0259h\u0259rr\u0259m ay\u0131 g\u0259lir dey\u0259, \u0259tin qiym\u0259ti sabit olaraq qalacaq\u201d.<\/p>\n<p><em><strong>A.N\u0259sirli ciddi istil\u0259r ya\u015fanarsa, bu hal\u0131n \u0259tl\u0259rin sat\u0131\u015f bazar\u0131na nec\u0259 t\u0259sir ed\u0259c\u0259yi bar\u0259d\u0259 d\u0259 dan\u0131\u015f\u0131b:<\/strong><\/em><\/p>\n<p>\u201cHavan\u0131n temperaturunun y\u00fcks\u0259ldiyi g\u00fcnl\u0259rd\u0259, ciddi istil\u0259r olan d\u00f6n\u0259md\u0259 ola bilsin ki, mal v\u0259 qoyun \u0259tinin topdan sat\u0131\u015f bazarlar\u0131nda problem yarans\u0131n. H\u0259min vaxtlarda \u0259t bir q\u0259d\u0259r d\u0259 q\u0131tla\u015fa v\u0259 q\u0131sam\u00fcdd\u0259tli qiym\u0259t art\u0131m\u0131 ba\u015f ver\u0259 bil\u0259r. D\u00fcnya meteoroloqlar\u0131 qar\u015f\u0131da isti yay g\u00fcnl\u0259rinin olaca\u011f\u0131 haqda proqnozlar verirl\u0259r. \u018ftin qiym\u0259ti il\u0259 ba\u011fl\u0131 q\u0131tla\u015fma v\u0259 bahala\u015fma ehtimal\u0131 da m\u0259hz h\u0259min d\u00f6vr\u0259 aiddir. Amma, \u0259sas\u0259n, pay\u0131za q\u0259d\u0259r qiym\u0259t art\u0131m\u0131 g\u00f6zl\u0259nil\u0259n deyil\u201d.<\/p>\n<p><em><strong>\u0130qtisad\u00e7\u0131 bahala\u015fman\u0131n pay\u0131z aylar\u0131na t\u0259sad\u00fcf ed\u0259c\u0259yini deyib:<\/strong><\/em><\/p>\n<p>\u201cPay\u0131z k\u0259nd t\u0259s\u0259rr\u00fcfat\u0131 mallar\u0131n\u0131n m\u00f6vs\u00fcm\u00fcd\u00fcr. Pay\u0131zda havalar s\u0259rinl\u0259y\u0259c\u0259k. Bu zaman yenid\u0259n bahala\u015fma g\u00f6zl\u0259nil\u0259ndir. \u00c7\u00fcnki \u00f6lk\u0259d\u0259 \u0259t azd\u0131r, bu sah\u0259d\u0259 istehsal q\u0131tla\u015f\u0131b. M\u00fcsb\u0259t\u0259 do\u011fru d\u00f6n\u00fc\u015f yoxdur ki, \u0259tin istehsal\u0131nda 10 faiz art\u0131m var dey\u0259k. Bu x\u0259b\u0259ri ictimaiyy\u0259t\u0259 ver\u0259 bilmirik. H\u0259r\u00e7\u0259nd ki, art\u0131q i\u015f\u011faldan azad edil\u0259n \u0259razil\u0259rd\u0259 heyvanlar\u0131n b\u0259sl\u0259nilm\u0259sin\u0259 m\u0259hdud \u015f\u0259kild\u0259 d\u0259 olsa ba\u015flan\u0131l\u0131b. Z\u0259nnimc\u0259, bu yerl\u0259rd\u0259 heyvandarl\u0131q k\u00fctl\u0259vi \u015f\u0259kild\u0259 inki\u015faf ed\u0259rs\u0259, Az\u0259rbaycanda \u0259tin ucuzla\u015fmas\u0131 prosesi d\u0259 ba\u015flayacaq. H\u0259l\u0259lik is\u0259 bu haqda n\u0259 is\u0259 dem\u0259k m\u00fcmk\u00fcn deyil. \u00c7\u00fcnki h\u0259min \u0259razil\u0259rd\u0259 minalar tam t\u0259mizl\u0259nm\u0259diyin\u0259 g\u00f6r\u0259, k\u00fctl\u0259vi heyvandarl\u0131qla m\u0259\u015f\u011ful olmaq al\u0131nm\u0131r\u201d.<\/p>\n","protected":false},"excerpt":{"rendered":"<p>Bir m\u00fcdd\u0259t \u00f6nc\u0259 \u0259tin qiym\u0259ti il\u0259 ba\u011fl\u0131 m\u00fcxt\u0259lif fikirl\u0259r s\u0259sl\u0259ndirilirdi. Onlardan biri d\u0259 Qurban bayram\u0131ndan sonra mal v\u0259 qoyun \u0259tinin ucuzla\u015fmas\u0131yla ab\u011fl\u0131 idi. B\u0259s haz\u0131rda v\u0259ziyy\u0259t nec\u0259dir? Qiym\u0259tl\u0259rin ucuzla\u015fmas\u0131 g\u00f6zl\u0259nilirmi? S\u00f6z\u00fcged\u0259n m\u0259s\u0259l\u0259 bar\u0259d\u0259 iqtisadiyyat\u00e7\u0131 Akif N\u0259sirli \u201cYeni Sabah\u201da a\u00e7\u0131qlama verib. Ekspert bu sah\u0259d\u0259 sabitlik oldu\u011funu vur\u011fulay\u0131b: \u201cHaz\u0131rda \u0259tin qiym\u0259ti Qurban bayram\u0131 g\u00fcnl\u0259rin\u0259 nisb\u0259t\u0259n ucuzla\u015f\u0131b. M\u0259s\u0259l\u0259n, bayramda qoyun \u0259tinin kiloqram\u0131 21-22 manat idis\u0259, art\u0131q 19-19,5 azn, mal \u0259ti is\u0259 14-15 manata q\u0259d\u0259r d\u00fc\u015f\u00fcb. Bu m\u0259crada \u0259tin qiym\u0259tl\u0259rind\u0259 sabitl\u0259\u015fm\u0259 m\u00fc\u015fahid\u0259 olunur. Hesab edir\u0259m ki, yay aylar\u0131 oldu\u011fu \u00fc\u00e7\u00fcn, h\u0259m\u00e7inin, qar\u015f\u0131dan M\u0259h\u0259rr\u0259m ay\u0131&hellip;<\/p>\n","protected":false},"author":2,"featured_media":734326,"comment_status":"closed","ping_status":"closed","sticky":false,"template":"","format":"standard","meta":{"om_disable_all_campaigns":false,"_monsterinsights_skip_tracking":false,"_monsterinsights_sitenote_active":false,"_monsterinsights_sitenote_note":"","_monsterinsights_sitenote_category":0},"categories":[1],"tags":[],"aioseo_notices":[],"gutentor_comment":0,"rttpg_featured_image_url":{"full":["https:\/\/arantv.az\/wp-content\/uploads\/2024\/07\/2ee6f6ef861ceeb2e48207048dd015f0.jpg",750,422,false],"landscape":["https:\/\/arantv.az\/wp-content\/uploads\/2024\/07\/2ee6f6ef861ceeb2e48207048dd015f0.jpg",750,422,false],"portraits":["https:\/\/arantv.az\/wp-content\/uploads\/2024\/07\/2ee6f6ef861ceeb2e48207048dd015f0.jpg",750,422,false],"thumbnail":["https:\/\/arantv.az\/wp-content\/uploads\/2024\/07\/2ee6f6ef861ceeb2e48207048dd015f0-500x280.jpg",500,280,true],"medium":["https:\/\/arantv.az\/wp-content\/uploads\/2024\/07\/2ee6f6ef861ceeb2e48207048dd015f0-649x365.jpg",649,365,true],"large":["https:\/\/arantv.az\/wp-content\/uploads\/2024\/07\/2ee6f6ef861ceeb2e48207048dd015f0.jpg",640,360,false],"1536x1536":["https:\/\/arantv.az\/wp-content\/uploads\/2024\/07\/2ee6f6ef861ceeb2e48207048dd015f0.jpg",750,422,false],"2048x2048":["https:\/\/arantv.az\/wp-content\/uploads\/2024\/07\/2ee6f6ef861ceeb2e48207048dd015f0.jpg",750,422,false],"post-thumbnail":["https:\/\/arantv.az\/wp-content\/uploads\/2024\/07\/2ee6f6ef861ceeb2e48207048dd015f0-240x172.jpg",240,172,true],"advps-thumb-one":["https:\/\/arantv.az\/wp-content\/uploads\/2024\/07\/2ee6f6ef861ceeb2e48207048dd015f0.jpg",750,422,false]},"rttpg_author":{"display_name":"V\u00fcsal Rafiqo\u011flu","author_link":"https:\/\/arantv.az\/?author=2"},"rttpg_comment":0,"rttpg_category":"<a href=\"https:\/\/arantv.az\/?cat=1\" rel=\"category\">C\u0259miyy\u0259t<\/a>","rttpg_excerpt":"Bir m\u00fcdd\u0259t \u00f6nc\u0259 \u0259tin qiym\u0259ti il\u0259 ba\u011fl\u0131 m\u00fcxt\u0259lif fikirl\u0259r s\u0259sl\u0259ndirilirdi. Onlardan biri d\u0259 Qurban bayram\u0131ndan sonra mal v\u0259 qoyun \u0259tinin ucuzla\u015fmas\u0131yla ab\u011fl\u0131 idi. B\u0259s haz\u0131rda v\u0259ziyy\u0259t nec\u0259dir? Qiym\u0259tl\u0259rin ucuzla\u015fmas\u0131 g\u00f6zl\u0259nilirmi? S\u00f6z\u00fcged\u0259n m\u0259s\u0259l\u0259 bar\u0259d\u0259 iqtisadiyyat\u00e7\u0131 Akif N\u0259sirli \u201cYeni Sabah\u201da a\u00e7\u0131qlama verib. Ekspert bu sah\u0259d\u0259 sabitlik oldu\u011funu vur\u011fulay\u0131b: \u201cHaz\u0131rda \u0259tin qiym\u0259ti Qurban bayram\u0131 g\u00fcnl\u0259rin\u0259 nisb\u0259t\u0259n ucuzla\u015f\u0131b. M\u0259s\u0259l\u0259n,&hellip;","_links":{"self":[{"href":"https:\/\/arantv.az\/index.php?rest_route=\/wp\/v2\/posts\/734325"}],"collection":[{"href":"https:\/\/arantv.az\/index.php?rest_route=\/wp\/v2\/posts"}],"about":[{"href":"https:\/\/arantv.az\/index.php?rest_route=\/wp\/v2\/types\/post"}],"author":[{"embeddable":true,"href":"https:\/\/arantv.az\/index.php?rest_route=\/wp\/v2\/users\/2"}],"replies":[{"embeddable":true,"href":"https:\/\/arantv.az\/index.php?rest_route=%2Fwp%2Fv2%2Fcomments&post=734325"}],"version-history":[{"count":0,"href":"https:\/\/arantv.az\/index.php?rest_route=\/wp\/v2\/posts\/734325\/revisions"}],"wp:featuredmedia":[{"embeddable":true,"href":"https:\/\/arantv.az\/index.php?rest_route=\/wp\/v2\/media\/734326"}],"wp:attachment":[{"href":"https:\/\/arantv.az\/index.php?rest_route=%2Fwp%2Fv2%2Fmedia&parent=734325"}],"wp:term":[{"taxonomy":"category","embeddable":true,"href":"https:\/\/arantv.az\/index.php?rest_route=%2Fwp%2Fv2%2Fcategories&post=734325"},{"taxonomy":"post_tag","embeddable":true,"href":"https:\/\/arantv.az\/index.php?rest_route=%2Fwp%2Fv2%2Ftags&post=734325"}],"curies":[{"name":"wp","href":"https:\/\/api.w.org\/{rel}","templated":true}]}}