{"id":734328,"date":"2024-07-03T16:42:26","date_gmt":"2024-07-03T12:42:26","guid":{"rendered":"https:\/\/arantv.az\/?p=734328"},"modified":"2024-07-03T16:42:26","modified_gmt":"2024-07-03T12:42:26","slug":"az%c9%99rbaycan-nato-nun-t%c9%99dbirin%c9%99-ged%c9%99c%c9%99kmi","status":"publish","type":"post","link":"https:\/\/arantv.az\/?p=734328","title":{"rendered":"Az\u0259rbaycan NATO-nun t\u0259dbirin\u0259 ged\u0259c\u0259kmi?"},"content":{"rendered":"<div class=\"text-content\" data-id=\"\" data-url=\"\">\n<p>Az\u0259rbaycan NATO-nun xarici i\u015fl\u0259r nazirl\u0259ri s\u0259viyy\u0259sind\u0259 Va\u015finqtonda ke\u00e7iril\u0259c\u0259k sammitin\u0259 d\u0259v\u0259t olunub. Bu bar\u0259d\u0259 AB\u015e d\u00f6vl\u0259t katibinin Avropa v\u0259 Avrasiya m\u0259s\u0259l\u0259l\u0259ri \u00fczr\u0259 k\u00f6m\u0259k\u00e7isi Ceyms O&#8217;Brayen iyunun 28-d\u0259 Az\u0259rbaycanda s\u0259f\u0259rd\u0259 olark\u0259n deyib. Onun s\u00f6zl\u0259rin\u0259 g\u00f6r\u0259, t\u0259dbird\u0259 \u00fcmumilikd\u0259 30 t\u0259r\u0259fda\u015f \u00f6lk\u0259 i\u015ftirak ed\u0259c\u0259k: &#8220;AB\u015e d\u00f6vl\u0259t katibi Antoni Blinken bu t\u0259dbiri Az\u0259rbaycan v\u0259 Erm\u0259nistan daxil olmaqla, \u015eimali Atlantika Alyans\u0131n\u0131n b\u00fct\u00fcn t\u0259r\u0259fda\u015f \u00f6lk\u0259l\u0259ri \u00fc\u00e7\u00fcn t\u0259\u015fkil edir&#8221;.<\/p>\n<p>Erm\u0259nistan art\u0131q t\u0259dbird\u0259 i\u015ftirak\u0131 il\u0259 ba\u011fl\u0131 raz\u0131l\u0131q verib. Az\u0259rbaycan is\u0259, h\u0259l\u0259lik, r\u0259smi cavab verm\u0259yib.<\/p>\n<p>\u0130yulun 2-d\u0259 Az\u0259rbaycan Ordusunun Ba\u015f Q\u0259rargah r\u0259isi K\u0259rim V\u0259liyev Bak\u0131da NATO-nun Brunssum Birg\u0259 Q\u00fcvv\u0259l\u0259r Komandanl\u0131\u011f\u0131n\u0131n q\u0259rargah r\u0259isinin m\u00fcavini Stefan Fiks il\u0259 g\u00f6r\u00fc\u015f\u00fcb. K.V\u0259liyev Az\u0259rbaycan-NATO \u0259m\u0259kda\u015fl\u0131\u011f\u0131n\u0131n bundan sonra da h\u0259r iki t\u0259r\u0259f \u00fc\u00e7\u00fcn faydal\u0131 olaca\u011f\u0131n\u0131, s\u0259m\u0259r\u0259li g\u00f6r\u00fc\u015fl\u0259rin davam etdiril\u0259c\u0259yini deyib.<\/p>\n<p><strong>&#8220;\u0130\u015ftirak \u00f6hd\u0259lik deyil&#8221;<\/strong><\/p>\n<p>B\u0259zi ekspertl\u0259r is\u0259 d\u00fc\u015f\u00fcn\u00fcr ki, Az\u0259rbaycan\u0131n NATO-nun Va\u015finqtondak\u0131 sammitind\u0259 i\u015ftirak\u0131 regionun dig\u0259r oyun\u00e7ular\u0131 \u2013 Rusiya v\u0259 \u0130ran\u0131 q\u0131c\u0131qland\u0131ra bil\u0259r.<\/p>\n<p><img loading=\"lazy\" src=\"https:\/\/cdn.musavat.com\/news\/video\/NewFolder\/ali-fotolar\/rasim_musabeyov1.jpg\" alt=\"rasim_musabeyov1.jpg (32 KB)\" width=\"630\" height=\"414\" \/><\/p>\n<p>Milli M\u0259clisin Beyn\u0259lxalq m\u00fcnasib\u0259tl\u0259r v\u0259 parlamentl\u0259raras\u0131 \u0259laq\u0259l\u0259r komit\u0259sinin \u00fczv\u00fc Rasim Musab\u0259yov &#8220;Turan&#8221;a bildirib ki, bu i\u015ftirak Az\u0259rbaycan \u00fc\u00e7\u00fcn h\u0259r hans\u0131 \u0259lav\u0259 \u00f6hd\u0259lik yaratm\u0131r: &#8220;D\u00fc\u015f\u00fcn\u00fcr\u0259m ki, i\u015ftirak ed\u0259 bil\u0259r v\u0259 i\u015ftirak etm\u0259lidir&#8221;.<\/p>\n<p>O vur\u011fulay\u0131r ki, Az\u0259rbaycan NATO-nun \u00fczv\u00fc deyil v\u0259 h\u0259min sammitd\u0259 q\u0259rarlar\u0131n verilm\u0259sind\u0259 i\u015ftirak etm\u0259y\u0259c\u0259k: &#8220;B\u0259lk\u0259, kims\u0259 \u00f6z\u00fcn\u00fc t\u0259\u015fkilata namiz\u0259d kimi g\u00f6r\u00fcr, Az\u0259rbaycan is\u0259 \u0259vv\u0259lc\u0259d\u0259n deyib ki, bizim bel\u0259 iddiam\u0131z yoxdur&#8221;.<\/p>\n<p>R.Musab\u0259yov NATO-nun &#8220;S\u00fclh namin\u0259 t\u0259r\u0259fda\u015fl\u0131q&#8221; proqram\u0131n\u0131n oldu\u011funu, Az\u0259rbaycan\u0131n bu proqram \u00e7\u0259r\u00e7iv\u0259sind\u0259 NATO il\u0259 \u0259m\u0259kda\u015fl\u0131q etdiyini d\u0259 xat\u0131rlad\u0131b: &#8220;NATO-nun Parlament Assambleyas\u0131nda n\u00fcmay\u0259nd\u0259 hey\u0259timiz d\u0259 i\u015ftirak edir&#8221;.<\/p>\n<p><strong>&#8220;D\u00fc\u015f\u00fcnm\u0259m\u0259liyik ki, \u0130ran v\u0259 Rusiya n\u0259 dey\u0259c\u0259k&#8221;<\/strong><\/p>\n<p><strong><img loading=\"lazy\" src=\"https:\/\/cdn.musavat.com\/news\/video\/NewFolder\/ali-fotolar\/elxan214.jpg\" alt=\"elxan214.jpg (26 KB)\" width=\"660\" height=\"390\" \/><\/strong><\/p>\n<p>&#8220;Atlas&#8221; Ara\u015fd\u0131rmalar M\u0259rk\u0259zinin r\u0259hb\u0259ri Elxan \u015eahino\u011flu raz\u0131la\u015f\u0131r ki, Az\u0259rbaycan\u0131n NATO sammitind\u0259 i\u015ftirak\u0131 Rusiya v\u0259 \u0130ran\u0131n xo\u015funa g\u0259lm\u0259y\u0259 bil\u0259r: &#8220;Amma biz xarici v\u0259 t\u0259hl\u00fck\u0259sizlik siyas\u0259timizi formala\u015fd\u0131rark\u0259n \u00f6z d\u00f6vl\u0259timizin maraqlar\u0131ndan \u00e7\u0131x\u0131\u015f etmi\u015fik v\u0259 d\u00fc\u015f\u00fcnm\u0259m\u0259liyik ki, \u0130ran v\u0259 Rusiya n\u0259 dey\u0259c\u0259k. \u018fg\u0259r NATO il\u0259 \u0259m\u0259kda\u015fl\u0131\u011fa \u00fcst\u00fcnl\u00fck veririks\u0259, \u0259m\u0259kda\u015fl\u0131qda maraql\u0131y\u0131qsa, o zaman bu t\u0259dbirl\u0259r\u0259 qat\u0131lmal\u0131y\u0131q&#8221;.<\/p>\n<p>Ekspertin fikrinc\u0259, Az\u0259rbaycan NATO il\u0259 \u0259m\u0259kda\u015fl\u0131qdan m\u0259mnundur: &#8220;Az\u0259rbaycan m\u00fcst\u0259qilliyini qazand\u0131qdan bu yana ba\u015fda &#8220;S\u00fclh namin\u0259 t\u0259r\u0259fda\u015fl\u0131q&#8221; olmaqla NATO-nun m\u00fcxt\u0259lif proqramlar\u0131na qat\u0131l\u0131b v\u0259 bu g\u00fcn d\u0259 i\u015ftirak edir. Bu \u0259m\u0259kda\u015fl\u0131qda Az\u0259rbaycan da maraql\u0131d\u0131r&#8221;.<\/p>\n<p><strong>Politoloq vur\u011fulay\u0131r ki, Az\u0259rbaycan qar\u015f\u0131s\u0131na NATO-ya \u00fczvl\u00fck h\u0259d\u0259fini qoymay\u0131b:<\/strong>\u00a0&#8220;\u018fg\u0259r bel\u0259 h\u0259d\u0259f qoyulsayd\u0131, bu, Rusiya v\u0259 \u0130ran\u0131 q\u0131c\u0131qland\u0131ra bil\u0259rdi. Amma onlar da bilir ki, Az\u0259rbaycan Ukrayna, G\u00fcrc\u00fcstan v\u0259 ya Moldovadan f\u0259rqli olaraq bunu h\u0259d\u0259f kimi qoymay\u0131b. Amma buna r\u0259\u011fm\u0259n, biz NATO il\u0259 birg\u0259 planla\u015fd\u0131rmada, NATO il\u0259 birg\u0259 t\u0259dbirl\u0259rd\u0259 i\u015ftirak etm\u0259liyik&#8221;.<\/p>\n<p>\u0130yulun 3-d\u0259 Rusiya Xarici \u0130\u015fl\u0259r Nazirliyi Az\u0259rbaycanla Erm\u0259nistan\u0131n NATO sammitin\u0259 d\u0259v\u0259t olunmas\u0131na m\u00fcnasib\u0259t bildirib. Nazirliyin informasiya departamentinin direktor m\u00fcavini Andrey Nastasin deyib ki, Q\u0259rb bununla Moskvan\u0131n dostlar\u0131n\u0131 onunla \u0259m\u0259kda\u015fl\u0131qdan uzaqla\u015fd\u0131rmaq ist\u0259yir.<\/p>\n<p>NATO xarici i\u015fl\u0259r nazirl\u0259rinin sammiti iyulun 9-11-d\u0259 Va\u015finqtonda ke\u00e7iril\u0259c\u0259k.<\/p>\n<\/div>\n<div><\/div>\n<div><\/div>\n<div class=\"inner-social-box\">\n<div class=\"subs-in-social subs-whatsapp\"><\/div>\n<\/div>\n","protected":false},"excerpt":{"rendered":"<p>Az\u0259rbaycan NATO-nun xarici i\u015fl\u0259r nazirl\u0259ri s\u0259viyy\u0259sind\u0259 Va\u015finqtonda ke\u00e7iril\u0259c\u0259k sammitin\u0259 d\u0259v\u0259t olunub. Bu bar\u0259d\u0259 AB\u015e d\u00f6vl\u0259t katibinin Avropa v\u0259 Avrasiya m\u0259s\u0259l\u0259l\u0259ri \u00fczr\u0259 k\u00f6m\u0259k\u00e7isi Ceyms O&#8217;Brayen iyunun 28-d\u0259 Az\u0259rbaycanda s\u0259f\u0259rd\u0259 olark\u0259n deyib. Onun s\u00f6zl\u0259rin\u0259 g\u00f6r\u0259, t\u0259dbird\u0259 \u00fcmumilikd\u0259 30 t\u0259r\u0259fda\u015f \u00f6lk\u0259 i\u015ftirak ed\u0259c\u0259k: &#8220;AB\u015e d\u00f6vl\u0259t katibi Antoni Blinken bu t\u0259dbiri Az\u0259rbaycan v\u0259 Erm\u0259nistan daxil olmaqla, \u015eimali Atlantika Alyans\u0131n\u0131n b\u00fct\u00fcn t\u0259r\u0259fda\u015f \u00f6lk\u0259l\u0259ri \u00fc\u00e7\u00fcn t\u0259\u015fkil edir&#8221;. Erm\u0259nistan art\u0131q t\u0259dbird\u0259 i\u015ftirak\u0131 il\u0259 ba\u011fl\u0131 raz\u0131l\u0131q verib. Az\u0259rbaycan is\u0259, h\u0259l\u0259lik, r\u0259smi cavab verm\u0259yib. \u0130yulun 2-d\u0259 Az\u0259rbaycan Ordusunun Ba\u015f Q\u0259rargah r\u0259isi K\u0259rim V\u0259liyev Bak\u0131da NATO-nun Brunssum Birg\u0259 Q\u00fcvv\u0259l\u0259r Komandanl\u0131\u011f\u0131n\u0131n&hellip;<\/p>\n","protected":false},"author":2,"featured_media":734329,"comment_status":"closed","ping_status":"closed","sticky":false,"template":"","format":"standard","meta":{"om_disable_all_campaigns":false,"_monsterinsights_skip_tracking":false,"_monsterinsights_sitenote_active":false,"_monsterinsights_sitenote_note":"","_monsterinsights_sitenote_category":0},"categories":[4],"tags":[],"aioseo_notices":[],"gutentor_comment":0,"rttpg_featured_image_url":{"full":["https:\/\/arantv.az\/wp-content\/uploads\/2024\/07\/5da64e0d2733657e5817c4c832f90334.jpg",640,480,false],"landscape":["https:\/\/arantv.az\/wp-content\/uploads\/2024\/07\/5da64e0d2733657e5817c4c832f90334.jpg",640,480,false],"portraits":["https:\/\/arantv.az\/wp-content\/uploads\/2024\/07\/5da64e0d2733657e5817c4c832f90334.jpg",640,480,false],"thumbnail":["https:\/\/arantv.az\/wp-content\/uploads\/2024\/07\/5da64e0d2733657e5817c4c832f90334-500x280.jpg",500,280,true],"medium":["https:\/\/arantv.az\/wp-content\/uploads\/2024\/07\/5da64e0d2733657e5817c4c832f90334-487x365.jpg",487,365,true],"large":["https:\/\/arantv.az\/wp-content\/uploads\/2024\/07\/5da64e0d2733657e5817c4c832f90334.jpg",640,480,false],"1536x1536":["https:\/\/arantv.az\/wp-content\/uploads\/2024\/07\/5da64e0d2733657e5817c4c832f90334.jpg",640,480,false],"2048x2048":["https:\/\/arantv.az\/wp-content\/uploads\/2024\/07\/5da64e0d2733657e5817c4c832f90334.jpg",640,480,false],"post-thumbnail":["https:\/\/arantv.az\/wp-content\/uploads\/2024\/07\/5da64e0d2733657e5817c4c832f90334-240x172.jpg",240,172,true],"advps-thumb-one":["https:\/\/arantv.az\/wp-content\/uploads\/2024\/07\/5da64e0d2733657e5817c4c832f90334.jpg",640,480,false]},"rttpg_author":{"display_name":"V\u00fcsal Rafiqo\u011flu","author_link":"https:\/\/arantv.az\/?author=2"},"rttpg_comment":0,"rttpg_category":"<a href=\"https:\/\/arantv.az\/?cat=4\" rel=\"category\">Siyas\u0259t<\/a>","rttpg_excerpt":"Az\u0259rbaycan NATO-nun xarici i\u015fl\u0259r nazirl\u0259ri s\u0259viyy\u0259sind\u0259 Va\u015finqtonda ke\u00e7iril\u0259c\u0259k sammitin\u0259 d\u0259v\u0259t olunub. Bu bar\u0259d\u0259 AB\u015e d\u00f6vl\u0259t katibinin Avropa v\u0259 Avrasiya m\u0259s\u0259l\u0259l\u0259ri \u00fczr\u0259 k\u00f6m\u0259k\u00e7isi Ceyms O&#8217;Brayen iyunun 28-d\u0259 Az\u0259rbaycanda s\u0259f\u0259rd\u0259 olark\u0259n deyib. Onun s\u00f6zl\u0259rin\u0259 g\u00f6r\u0259, t\u0259dbird\u0259 \u00fcmumilikd\u0259 30 t\u0259r\u0259fda\u015f \u00f6lk\u0259 i\u015ftirak ed\u0259c\u0259k: &#8220;AB\u015e d\u00f6vl\u0259t katibi Antoni Blinken bu t\u0259dbiri Az\u0259rbaycan v\u0259 Erm\u0259nistan daxil olmaqla, \u015eimali Atlantika Alyans\u0131n\u0131n&hellip;","_links":{"self":[{"href":"https:\/\/arantv.az\/index.php?rest_route=\/wp\/v2\/posts\/734328"}],"collection":[{"href":"https:\/\/arantv.az\/index.php?rest_route=\/wp\/v2\/posts"}],"about":[{"href":"https:\/\/arantv.az\/index.php?rest_route=\/wp\/v2\/types\/post"}],"author":[{"embeddable":true,"href":"https:\/\/arantv.az\/index.php?rest_route=\/wp\/v2\/users\/2"}],"replies":[{"embeddable":true,"href":"https:\/\/arantv.az\/index.php?rest_route=%2Fwp%2Fv2%2Fcomments&post=734328"}],"version-history":[{"count":0,"href":"https:\/\/arantv.az\/index.php?rest_route=\/wp\/v2\/posts\/734328\/revisions"}],"wp:featuredmedia":[{"embeddable":true,"href":"https:\/\/arantv.az\/index.php?rest_route=\/wp\/v2\/media\/734329"}],"wp:attachment":[{"href":"https:\/\/arantv.az\/index.php?rest_route=%2Fwp%2Fv2%2Fmedia&parent=734328"}],"wp:term":[{"taxonomy":"category","embeddable":true,"href":"https:\/\/arantv.az\/index.php?rest_route=%2Fwp%2Fv2%2Fcategories&post=734328"},{"taxonomy":"post_tag","embeddable":true,"href":"https:\/\/arantv.az\/index.php?rest_route=%2Fwp%2Fv2%2Ftags&post=734328"}],"curies":[{"name":"wp","href":"https:\/\/api.w.org\/{rel}","templated":true}]}}