{"id":734343,"date":"2024-07-03T16:46:17","date_gmt":"2024-07-03T12:46:17","guid":{"rendered":"https:\/\/arantv.az\/?p=734343"},"modified":"2024-07-03T16:46:17","modified_gmt":"2024-07-03T12:46:17","slug":"qarsidaki-gunl%c9%99rd%c9%99-b%c9%99zi-bolg%c9%99l%c9%99r%c9%99-intensiv-xarakterli-yagis-yagacaq-x%c9%99b%c9%99rdarliq","status":"publish","type":"post","link":"https:\/\/arantv.az\/?p=734343","title":{"rendered":"Qar\u015f\u0131dak\u0131 g\u00fcnl\u0259rd\u0259 b\u0259zi b\u00f6lg\u0259l\u0259r\u0259 intensiv xarakterli ya\u011f\u0131\u015f ya\u011facaq &#8211; X\u018fB\u018fRDARLIQ"},"content":{"rendered":"<p>&#8220;Son g\u00fcnl\u0259r \u00f6lk\u0259nin bir s\u0131ra b\u00f6lg\u0259l\u0259rind\u0259, x\u00fcsusil\u0259 da\u011fl\u0131q v\u0259 da\u011f\u0259t\u0259yi rayonlar\u0131nda m\u00fc\u015fahid\u0259 olunan qeyri-sabit v\u0259 ya\u011fmurlu hava \u015f\u0259raitind\u0259n sonra \u00f6lk\u0259 \u0259razisinin b\u0259zi yerl\u0259rind\u0259 ekzogen-geoloji prosesl\u0259rin dinamikas\u0131nda aktivlik m\u00fc\u015fahid\u0259 olunur. Ya\u011fan ya\u011f\u0131\u015flardan sonra lokal aktivl\u0259\u015fm\u0259l\u0259r ba\u015f verib v\u0259 bir ne\u00e7\u0259 yerd\u0259 s\u00fcr\u00fc\u015fm\u0259 hadis\u0259si qeyd\u0259 al\u0131n\u0131b&#8221;.<\/p>\n<p><strong>ARANTV.AZ\u00a0 <\/strong>x\u0259b\u0259r verir ki, bunu Milli Hidrometeorologiya Xidm\u0259tinin r\u0259isi Nazim Mahmudov bildirib.<\/p>\n<p>O qeyd edib ki, intensiv ya\u011f\u0131nt\u0131lar n\u0259tic\u0259sind\u0259 Bak\u0131-\u015eamax\u0131-Yevlax avtomobil yolunun Qobustan rayonundan ke\u00e7\u0259n 75,2-ci kilometrlik hiss\u0259sind\u0259 f\u0259sadlar m\u00fc\u015fahid\u0259 olunub.<\/p>\n<p>N. Mahmudov \u0259haliy\u0259 \u00e7a\u011f\u0131r\u0131\u015f ed\u0259r\u0259k bildirib ki, n\u00f6vb\u0259ti g\u00fcnl\u0259rd\u0259 d\u0259 b\u0259zi b\u00f6lg\u0259l\u0259rd\u0259 ya\u011fmurlu hava \u015f\u0259raiti, h\u0259tta intensiv xarakterli ola bil\u0259c\u0259yi il\u0259 ba\u011fl\u0131 v\u0259t\u0259nda\u015flardan ehtiyatl\u0131 olmalar\u0131 art\u0131q d\u0259r\u0259c\u0259d\u0259 xahi\u015f olunur, sinoptikl\u0259r t\u0259r\u0259find\u0259n veril\u0259n x\u0259b\u0259rdarl\u0131qlara diqq\u0259t yetirsinl\u0259r, hava m\u0259lumatlar\u0131na ciddi yana\u015fs\u0131nlar v\u0259 ehtiyat t\u0259dbirl\u0259rini unutmas\u0131nlar.<\/p>\n","protected":false},"excerpt":{"rendered":"<p>&#8220;Son g\u00fcnl\u0259r \u00f6lk\u0259nin bir s\u0131ra b\u00f6lg\u0259l\u0259rind\u0259, x\u00fcsusil\u0259 da\u011fl\u0131q v\u0259 da\u011f\u0259t\u0259yi rayonlar\u0131nda m\u00fc\u015fahid\u0259 olunan qeyri-sabit v\u0259 ya\u011fmurlu hava \u015f\u0259raitind\u0259n sonra \u00f6lk\u0259 \u0259razisinin b\u0259zi yerl\u0259rind\u0259 ekzogen-geoloji prosesl\u0259rin dinamikas\u0131nda aktivlik m\u00fc\u015fahid\u0259 olunur. Ya\u011fan ya\u011f\u0131\u015flardan sonra lokal aktivl\u0259\u015fm\u0259l\u0259r ba\u015f verib v\u0259 bir ne\u00e7\u0259 yerd\u0259 s\u00fcr\u00fc\u015fm\u0259 hadis\u0259si qeyd\u0259 al\u0131n\u0131b&#8221;. ARANTV.AZ\u00a0 x\u0259b\u0259r verir ki, bunu Milli Hidrometeorologiya Xidm\u0259tinin r\u0259isi Nazim Mahmudov bildirib. O qeyd edib ki, intensiv ya\u011f\u0131nt\u0131lar n\u0259tic\u0259sind\u0259 Bak\u0131-\u015eamax\u0131-Yevlax avtomobil yolunun Qobustan rayonundan ke\u00e7\u0259n 75,2-ci kilometrlik hiss\u0259sind\u0259 f\u0259sadlar m\u00fc\u015fahid\u0259 olunub. N. Mahmudov \u0259haliy\u0259 \u00e7a\u011f\u0131r\u0131\u015f ed\u0259r\u0259k bildirib ki, n\u00f6vb\u0259ti g\u00fcnl\u0259rd\u0259 d\u0259 b\u0259zi b\u00f6lg\u0259l\u0259rd\u0259 ya\u011fmurlu hava \u015f\u0259raiti,&hellip;<\/p>\n","protected":false},"author":2,"featured_media":734344,"comment_status":"closed","ping_status":"closed","sticky":false,"template":"","format":"standard","meta":{"om_disable_all_campaigns":false,"_monsterinsights_skip_tracking":false,"_monsterinsights_sitenote_active":false,"_monsterinsights_sitenote_note":"","_monsterinsights_sitenote_category":0},"categories":[22],"tags":[],"aioseo_notices":[],"gutentor_comment":0,"rttpg_featured_image_url":{"full":["https:\/\/arantv.az\/wp-content\/uploads\/2024\/07\/f10f2da9169030829999126923710466546.jpg",975,540,false],"landscape":["https:\/\/arantv.az\/wp-content\/uploads\/2024\/07\/f10f2da9169030829999126923710466546.jpg",975,540,false],"portraits":["https:\/\/arantv.az\/wp-content\/uploads\/2024\/07\/f10f2da9169030829999126923710466546.jpg",975,540,false],"thumbnail":["https:\/\/arantv.az\/wp-content\/uploads\/2024\/07\/f10f2da9169030829999126923710466546-500x280.jpg",500,280,true],"medium":["https:\/\/arantv.az\/wp-content\/uploads\/2024\/07\/f10f2da9169030829999126923710466546-660x365.jpg",660,365,true],"large":["https:\/\/arantv.az\/wp-content\/uploads\/2024\/07\/f10f2da9169030829999126923710466546-840x465.jpg",640,354,true],"1536x1536":["https:\/\/arantv.az\/wp-content\/uploads\/2024\/07\/f10f2da9169030829999126923710466546.jpg",975,540,false],"2048x2048":["https:\/\/arantv.az\/wp-content\/uploads\/2024\/07\/f10f2da9169030829999126923710466546.jpg",975,540,false],"post-thumbnail":["https:\/\/arantv.az\/wp-content\/uploads\/2024\/07\/f10f2da9169030829999126923710466546-240x172.jpg",240,172,true],"advps-thumb-one":["https:\/\/arantv.az\/wp-content\/uploads\/2024\/07\/f10f2da9169030829999126923710466546.jpg",975,540,false]},"rttpg_author":{"display_name":"V\u00fcsal Rafiqo\u011flu","author_link":"https:\/\/arantv.az\/?author=2"},"rttpg_comment":0,"rttpg_category":"<a href=\"https:\/\/arantv.az\/?cat=22\" rel=\"category\">Hava<\/a>","rttpg_excerpt":"&#8220;Son g\u00fcnl\u0259r \u00f6lk\u0259nin bir s\u0131ra b\u00f6lg\u0259l\u0259rind\u0259, x\u00fcsusil\u0259 da\u011fl\u0131q v\u0259 da\u011f\u0259t\u0259yi rayonlar\u0131nda m\u00fc\u015fahid\u0259 olunan qeyri-sabit v\u0259 ya\u011fmurlu hava \u015f\u0259raitind\u0259n sonra \u00f6lk\u0259 \u0259razisinin b\u0259zi yerl\u0259rind\u0259 ekzogen-geoloji prosesl\u0259rin dinamikas\u0131nda aktivlik m\u00fc\u015fahid\u0259 olunur. Ya\u011fan ya\u011f\u0131\u015flardan sonra lokal aktivl\u0259\u015fm\u0259l\u0259r ba\u015f verib v\u0259 bir ne\u00e7\u0259 yerd\u0259 s\u00fcr\u00fc\u015fm\u0259 hadis\u0259si qeyd\u0259 al\u0131n\u0131b&#8221;. ARANTV.AZ\u00a0 x\u0259b\u0259r verir ki, bunu Milli Hidrometeorologiya Xidm\u0259tinin r\u0259isi Nazim Mahmudov&hellip;","_links":{"self":[{"href":"https:\/\/arantv.az\/index.php?rest_route=\/wp\/v2\/posts\/734343"}],"collection":[{"href":"https:\/\/arantv.az\/index.php?rest_route=\/wp\/v2\/posts"}],"about":[{"href":"https:\/\/arantv.az\/index.php?rest_route=\/wp\/v2\/types\/post"}],"author":[{"embeddable":true,"href":"https:\/\/arantv.az\/index.php?rest_route=\/wp\/v2\/users\/2"}],"replies":[{"embeddable":true,"href":"https:\/\/arantv.az\/index.php?rest_route=%2Fwp%2Fv2%2Fcomments&post=734343"}],"version-history":[{"count":0,"href":"https:\/\/arantv.az\/index.php?rest_route=\/wp\/v2\/posts\/734343\/revisions"}],"wp:featuredmedia":[{"embeddable":true,"href":"https:\/\/arantv.az\/index.php?rest_route=\/wp\/v2\/media\/734344"}],"wp:attachment":[{"href":"https:\/\/arantv.az\/index.php?rest_route=%2Fwp%2Fv2%2Fmedia&parent=734343"}],"wp:term":[{"taxonomy":"category","embeddable":true,"href":"https:\/\/arantv.az\/index.php?rest_route=%2Fwp%2Fv2%2Fcategories&post=734343"},{"taxonomy":"post_tag","embeddable":true,"href":"https:\/\/arantv.az\/index.php?rest_route=%2Fwp%2Fv2%2Ftags&post=734343"}],"curies":[{"name":"wp","href":"https:\/\/api.w.org\/{rel}","templated":true}]}}