{"id":734477,"date":"2024-07-04T09:17:17","date_gmt":"2024-07-04T05:17:17","guid":{"rendered":"https:\/\/arantv.az\/?p=734477"},"modified":"2024-07-04T09:17:17","modified_gmt":"2024-07-04T05:17:17","slug":"zaqatalada-strateji-baximdan-%c9%99lverisli-olan-p%c9%99ri-qalasi-video","status":"publish","type":"post","link":"https:\/\/arantv.az\/?p=734477","title":{"rendered":"Zaqatalada strateji bax\u0131mdan \u0259lveri\u015fli olan &#8220;P\u0259ri qalas\u0131&#8221; &#8211; V\u0130DEO"},"content":{"rendered":"<div class=\"text-content\" data-id=\"\" data-url=\"\">\n<p>Baku TV-nin &#8220;K\u0259ndin\u0259 qay\u0131t&#8221; verili\u015finin yeni burax\u0131l\u0131\u015f\u0131 yay\u0131mlan\u0131b.<\/p>\n<p>Verili\u015fin apar\u0131c\u0131s\u0131 bu d\u0259f\u0259 Zaqatalan\u0131n Yuxar\u0131 \u00c7ardaxlar k\u0259ndind\u0259 yerl\u0259\u015f\u0259n v\u0259 \u00e7\u0131x\u0131lmas\u0131 \u00e7\u0259tin olan P\u0259riqalan\u0131 f\u0259th etm\u0259y\u0259 \u00e7al\u0131\u015f\u0131b.<\/p>\n<p>O bildirib ki, Zaqatalada \u00e7oxlu kils\u0259l\u0259r v\u0259 m\u00fcdafi\u0259 m\u0259qs\u0259dil\u0259 tikilmi\u015f d\u00f6rd qala var:<\/p>\n<p>&#8220;\u00c7ingizqala, K\u0259b\u0259loba q\u00fcll\u0259si, P\u0259riqala v\u0259 Zaqatala qalas\u0131. Bunlar\u0131n i\u00e7ind\u0259 \u0259n t\u0259hl\u00fck\u0259lisi is\u0259 P\u0259riqalad\u0131r. Deyil\u0259n\u0259 g\u00f6r\u0259, bu qalaya b\u0259l\u0259d\u00e7isiz \u00e7\u0131xmaq \u00e7ox m\u00fc\u015fk\u00fcl m\u0259s\u0259l\u0259dir. Alban memarl\u0131\u011f\u0131na xas olan P\u0259riqala 150-200 metr h\u00fcnd\u00fcrl\u00fckd\u0259 da\u011f s\u0131ld\u0131r\u0131m\u0131nda tikilib. 3 otaqdan ibar\u0259t qalan\u0131n \u00fcmumi sah\u0259si 30 kvadratmetr\u0259 yax\u0131nd\u0131r. Bu qalan\u0131n \u0259sas \u00f6z\u0259lliyi is\u0259 ondad\u0131r ki, onun tikintisind\u0259 da\u015fdan istifad\u0259 olunmay\u0131b, qala qaya \u00e7ap\u0131laraq in\u015fa edilib&#8221;.<\/p>\n<p>&#8220;P\u0259ri qalas\u0131&#8221;n\u0131n d\u0259qiq in\u015fa tarixi tam b\u0259lli deyil. Qala strateji bax\u0131mdan \u00e7ox \u0259lveri\u015fli yerd\u0259 tikilib. \u018fraziy\u0259 g\u0259l\u0259n b\u00fct\u00fcn yollar qaladan ayd\u0131n g\u00f6r\u00fcn\u00fcr.<\/p>\n<p>Ehtimal olunur ki, d\u00fc\u015fm\u0259n ordusunun yax\u0131nla\u015fd\u0131\u011f\u0131n\u0131 g\u00f6r\u0259n g\u00f6z\u0259t\u00e7il\u0259r d\u0259rhal elin g\u0259lin v\u0259 q\u0131zlar\u0131n\u0131 qalaya qald\u0131rar, d\u00fc\u015fm\u0259n \u0259razini t\u0259rk etm\u0259d\u0259n a\u015fa\u011f\u0131 endirm\u0259zdil\u0259r. \u018ffsan\u0259y\u0259 g\u00f6r\u0259, qalan\u0131n ad\u0131 da el\u0259 bununla ba\u011fl\u0131 olub: elin p\u0259ril\u0259rini, q\u0131zlar\u0131n\u0131 qoruyan qala. Deyirl\u0259r ki, indiy\u0259 q\u0259d\u0259r P\u0259riqalan\u0131n \u0259n yuxar\u0131s\u0131na \u00e7\u0131xan olmay\u0131b. &#8220;K\u0259ndin\u0259 qay\u0131t&#8221; komandas\u0131 is\u0259 \u00e7\u0259tin v\u0259 qorxulu yollardan ke\u00e7\u0259r\u0259k b\u0259l\u0259d\u00e7inin k\u00f6m\u0259yi il\u0259 P\u0259riqalan\u0131 f\u0259th ed\u0259 bilib.<\/p>\n<p>\u018ftrafl\u0131 s\u00fcjetd\u0259:<\/p>\n<p><iframe title=\"Kamala kimsenin \u00e7\u0131kmaya cesaret edemedi\u011fi tehlikeli bir kaleye t\u0131rmand\u0131 - KEND\u0130NE QAY\u0130T\" src=\"https:\/\/www.youtube.com\/embed\/yH81ITVbsaA\" frameborder=\"0\" allowfullscreen=\"allowfullscreen\" data-mce-fragment=\"1\"><\/iframe><\/p>\n<\/div>\n<div><\/div>\n<div><\/div>\n<div class=\"inner-social-box\">\n<div class=\"subs-in-social subs-whatsapp\"><\/div>\n<\/div>\n","protected":false},"excerpt":{"rendered":"<p>Baku TV-nin &#8220;K\u0259ndin\u0259 qay\u0131t&#8221; verili\u015finin yeni burax\u0131l\u0131\u015f\u0131 yay\u0131mlan\u0131b. Verili\u015fin apar\u0131c\u0131s\u0131 bu d\u0259f\u0259 Zaqatalan\u0131n Yuxar\u0131 \u00c7ardaxlar k\u0259ndind\u0259 yerl\u0259\u015f\u0259n v\u0259 \u00e7\u0131x\u0131lmas\u0131 \u00e7\u0259tin olan P\u0259riqalan\u0131 f\u0259th etm\u0259y\u0259 \u00e7al\u0131\u015f\u0131b. O bildirib ki, Zaqatalada \u00e7oxlu kils\u0259l\u0259r v\u0259 m\u00fcdafi\u0259 m\u0259qs\u0259dil\u0259 tikilmi\u015f d\u00f6rd qala var: &#8220;\u00c7ingizqala, K\u0259b\u0259loba q\u00fcll\u0259si, P\u0259riqala v\u0259 Zaqatala qalas\u0131. Bunlar\u0131n i\u00e7ind\u0259 \u0259n t\u0259hl\u00fck\u0259lisi is\u0259 P\u0259riqalad\u0131r. Deyil\u0259n\u0259 g\u00f6r\u0259, bu qalaya b\u0259l\u0259d\u00e7isiz \u00e7\u0131xmaq \u00e7ox m\u00fc\u015fk\u00fcl m\u0259s\u0259l\u0259dir. Alban memarl\u0131\u011f\u0131na xas olan P\u0259riqala 150-200 metr h\u00fcnd\u00fcrl\u00fckd\u0259 da\u011f s\u0131ld\u0131r\u0131m\u0131nda tikilib. 3 otaqdan ibar\u0259t qalan\u0131n \u00fcmumi sah\u0259si 30 kvadratmetr\u0259 yax\u0131nd\u0131r. Bu qalan\u0131n \u0259sas \u00f6z\u0259lliyi is\u0259 ondad\u0131r ki, onun tikintisind\u0259 da\u015fdan&hellip;<\/p>\n","protected":false},"author":2,"featured_media":734478,"comment_status":"closed","ping_status":"closed","sticky":false,"template":"","format":"standard","meta":{"om_disable_all_campaigns":false,"_monsterinsights_skip_tracking":false,"_monsterinsights_sitenote_active":false,"_monsterinsights_sitenote_note":"","_monsterinsights_sitenote_category":0},"categories":[1],"tags":[],"aioseo_notices":[],"gutentor_comment":0,"rttpg_featured_image_url":{"full":["https:\/\/arantv.az\/wp-content\/uploads\/2024\/07\/f9a2a78dff427a2cafec7412d1f6e4e3.png",638,374,false],"landscape":["https:\/\/arantv.az\/wp-content\/uploads\/2024\/07\/f9a2a78dff427a2cafec7412d1f6e4e3.png",638,374,false],"portraits":["https:\/\/arantv.az\/wp-content\/uploads\/2024\/07\/f9a2a78dff427a2cafec7412d1f6e4e3.png",638,374,false],"thumbnail":["https:\/\/arantv.az\/wp-content\/uploads\/2024\/07\/f9a2a78dff427a2cafec7412d1f6e4e3-500x280.png",500,280,true],"medium":["https:\/\/arantv.az\/wp-content\/uploads\/2024\/07\/f9a2a78dff427a2cafec7412d1f6e4e3-623x365.png",623,365,true],"large":["https:\/\/arantv.az\/wp-content\/uploads\/2024\/07\/f9a2a78dff427a2cafec7412d1f6e4e3.png",638,374,false],"1536x1536":["https:\/\/arantv.az\/wp-content\/uploads\/2024\/07\/f9a2a78dff427a2cafec7412d1f6e4e3.png",638,374,false],"2048x2048":["https:\/\/arantv.az\/wp-content\/uploads\/2024\/07\/f9a2a78dff427a2cafec7412d1f6e4e3.png",638,374,false],"post-thumbnail":["https:\/\/arantv.az\/wp-content\/uploads\/2024\/07\/f9a2a78dff427a2cafec7412d1f6e4e3-240x172.png",240,172,true],"advps-thumb-one":["https:\/\/arantv.az\/wp-content\/uploads\/2024\/07\/f9a2a78dff427a2cafec7412d1f6e4e3.png",638,374,false]},"rttpg_author":{"display_name":"V\u00fcsal Rafiqo\u011flu","author_link":"https:\/\/arantv.az\/?author=2"},"rttpg_comment":0,"rttpg_category":"<a href=\"https:\/\/arantv.az\/?cat=1\" rel=\"category\">C\u0259miyy\u0259t<\/a>","rttpg_excerpt":"Baku TV-nin &#8220;K\u0259ndin\u0259 qay\u0131t&#8221; verili\u015finin yeni burax\u0131l\u0131\u015f\u0131 yay\u0131mlan\u0131b. Verili\u015fin apar\u0131c\u0131s\u0131 bu d\u0259f\u0259 Zaqatalan\u0131n Yuxar\u0131 \u00c7ardaxlar k\u0259ndind\u0259 yerl\u0259\u015f\u0259n v\u0259 \u00e7\u0131x\u0131lmas\u0131 \u00e7\u0259tin olan P\u0259riqalan\u0131 f\u0259th etm\u0259y\u0259 \u00e7al\u0131\u015f\u0131b. O bildirib ki, Zaqatalada \u00e7oxlu kils\u0259l\u0259r v\u0259 m\u00fcdafi\u0259 m\u0259qs\u0259dil\u0259 tikilmi\u015f d\u00f6rd qala var: &#8220;\u00c7ingizqala, K\u0259b\u0259loba q\u00fcll\u0259si, P\u0259riqala v\u0259 Zaqatala qalas\u0131. Bunlar\u0131n i\u00e7ind\u0259 \u0259n t\u0259hl\u00fck\u0259lisi is\u0259 P\u0259riqalad\u0131r. Deyil\u0259n\u0259 g\u00f6r\u0259, bu qalaya&hellip;","_links":{"self":[{"href":"https:\/\/arantv.az\/index.php?rest_route=\/wp\/v2\/posts\/734477"}],"collection":[{"href":"https:\/\/arantv.az\/index.php?rest_route=\/wp\/v2\/posts"}],"about":[{"href":"https:\/\/arantv.az\/index.php?rest_route=\/wp\/v2\/types\/post"}],"author":[{"embeddable":true,"href":"https:\/\/arantv.az\/index.php?rest_route=\/wp\/v2\/users\/2"}],"replies":[{"embeddable":true,"href":"https:\/\/arantv.az\/index.php?rest_route=%2Fwp%2Fv2%2Fcomments&post=734477"}],"version-history":[{"count":0,"href":"https:\/\/arantv.az\/index.php?rest_route=\/wp\/v2\/posts\/734477\/revisions"}],"wp:featuredmedia":[{"embeddable":true,"href":"https:\/\/arantv.az\/index.php?rest_route=\/wp\/v2\/media\/734478"}],"wp:attachment":[{"href":"https:\/\/arantv.az\/index.php?rest_route=%2Fwp%2Fv2%2Fmedia&parent=734477"}],"wp:term":[{"taxonomy":"category","embeddable":true,"href":"https:\/\/arantv.az\/index.php?rest_route=%2Fwp%2Fv2%2Fcategories&post=734477"},{"taxonomy":"post_tag","embeddable":true,"href":"https:\/\/arantv.az\/index.php?rest_route=%2Fwp%2Fv2%2Ftags&post=734477"}],"curies":[{"name":"wp","href":"https:\/\/api.w.org\/{rel}","templated":true}]}}