{"id":734488,"date":"2024-07-04T09:23:43","date_gmt":"2024-07-04T05:23:43","guid":{"rendered":"https:\/\/arantv.az\/?p=734488"},"modified":"2024-07-04T09:23:43","modified_gmt":"2024-07-04T05:23:43","slug":"dostlugumuz-qardasligimiz-%c9%99b%c9%99di-olacaq-s%c9%99rh","status":"publish","type":"post","link":"https:\/\/arantv.az\/?p=734488","title":{"rendered":"Dostlu\u011fumuz, qarda\u015fl\u0131\u011f\u0131m\u0131z \u0259b\u0259di olacaq &#8211; \u015e\u018fRH"},"content":{"rendered":"<p><strong>\u0130yulun 5-6 tarixl\u0259rind\u0259 \u015eu\u015fada ke\u00e7iril\u0259c\u0259k T\u00fcrk D\u00f6vl\u0259tl\u0259ri T\u0259\u015fkilat\u0131n\u0131n qeyri-r\u0259smi Zirv\u0259 g\u00f6r\u00fc\u015f\u00fc bu birliyin, qarda\u015fl\u0131\u011f\u0131n d\u00fcnyaya n\u00f6vb\u0259ti t\u0259qdimat\u0131 olacaq<\/strong><\/p>\n<p><strong>Tarixi Z\u0259f\u0259rimiz dig\u0259r sah\u0259l\u0259r kimi, xarici siyas\u0259timizd\u0259 d\u0259 m\u00fch\u00fcm yenilikl\u0259r\u0259, ikit\u0259r\u0259fli v\u0259 beyn\u0259lxalq t\u0259\u015fkilatlar \u00e7\u0259r\u00e7iv\u0259sind\u0259 \u0259laq\u0259l\u0259rin daha da m\u00f6hk\u0259ml\u0259nm\u0259sin\u0259\u00a0 yol a\u00e7d\u0131. Az\u0259rbaycan\u0131n xarici siyas\u0259tind\u0259 t\u00fcrk d\u00fcnyas\u0131n\u0131n birliyi prioritet m\u0259s\u0259l\u0259 kimi \u00f6nd\u0259 dayan\u0131r. D\u00f6vl\u0259t ba\u015f\u00e7\u0131s\u0131 \u0130lham \u018fliyev daim bu \u00e7a\u011f\u0131r\u0131\u015f\u0131 edir ki, biz birlikd\u0259 g\u00fccl\u00fcy\u00fck.<\/strong><\/p>\n<p>\u015eanl\u0131 Q\u0259l\u0259b\u0259mizd\u0259n sonra t\u00fcrkdilli d\u00f6vl\u0259tl\u0259r aras\u0131nda \u0259laq\u0259l\u0259rin daha y\u00fcks\u0259l\u0259n x\u0259tl\u0259 inki\u015faf\u0131, bu birliyin T\u00fcrk D\u00f6vl\u0259tl\u0259ri T\u0259\u015fkilat\u0131n\u0131n beyn\u0259lxalq n\u00fcfuzunun artmas\u0131nda stimulverici amil\u0259 \u00e7evrilm\u0259si diqq\u0259td\u0259n k\u0259narda qalm\u0131r. T\u00fcrk d\u00fcnyas\u0131 200 milyondan \u00e7ox insan\u0131n ya\u015fad\u0131\u011f\u0131 geni\u015f bir co\u011frafiyan\u0131 \u0259hat\u0259 edir. B\u00f6y\u00fck iqtisadi potensiala, enerji resurslar\u0131na, n\u0259qliyyat yollar\u0131na v\u0259 m\u00fcasir h\u0259rbi imkanlara malikdir. D\u00f6vl\u0259t ba\u015f\u00e7\u0131s\u0131 \u0130lham \u018fliyev \u00a0h\u0259r bir \u00e7\u0131x\u0131\u015f\u0131nda t\u00fcrk d\u00fcnyas\u0131n\u0131n \u00a0b\u00f6y\u00fck bir ail\u0259 oldu\u011funu x\u00fcsusi\u00a0 qeyd edir. Bu h\u0259d\u0259f a\u00e7\u0131qlan\u0131r ki, bir-birimizin milli maraqlar\u0131n\u0131 n\u0259z\u0259r\u0259 alaraq bundan sonra da qar\u015f\u0131l\u0131ql\u0131 d\u0259st\u0259k v\u0259 h\u0259mr\u0259ylik g\u00f6st\u0259rm\u0259liyik. Siyasi, iqtisadi, ticari, m\u0259d\u0259ni, n\u0259qliyyat, energetika, r\u0259q\u0259msal transformasiya, k\u0259nd t\u0259s\u0259rr\u00fcfat\u0131, turizm sah\u0259l\u0259ri il\u0259 yana\u015f\u0131, t\u0259hl\u00fck\u0259sizlik, m\u00fcdafi\u0259, m\u00fcdafi\u0259 s\u0259nayesi kimi sah\u0259l\u0259rd\u0259 d\u0259 \u0259m\u0259kda\u015fl\u0131\u011f\u0131m\u0131z\u0131 f\u0259alla\u015fd\u0131rmal\u0131y\u0131q.<\/p>\n<p>Qeyd etdiyimiz kimi,\u00a0 d\u00f6vl\u0259t ba\u015f\u00e7\u0131s\u0131 \u0130lham \u018fliyevin t\u00fcrkdilli d\u00f6vl\u0259tl\u0259r\u0259, h\u0259min \u00f6lk\u0259l\u0259rin d\u00f6vl\u0259t ba\u015f\u00e7\u0131lar\u0131n\u0131n Az\u0259rbaycana s\u0259f\u0259rl\u0259ri davaml\u0131l\u0131\u011f\u0131 il\u0259 diqq\u0259td\u0259dir. Qar\u015f\u0131l\u0131ql\u0131 s\u0259f\u0259rl\u0259rin say t\u0259rkibi, imzalanan s\u0259n\u0259dl\u0259r m\u00fcnasib\u0259tl\u0259rimizin bug\u00fcn\u00fc v\u0259 g\u0259l\u0259c\u0259yi bar\u0259d\u0259 ayd\u0131n t\u0259s\u0259vv\u00fcr yarad\u0131r. Statistik r\u0259q\u0259ml\u0259r\u0259 diqq\u0259t yetirs\u0259k son \u00fc\u00e7 ild\u0259n art\u0131q d\u00f6vrd\u0259 c\u0259nab \u0130lham \u018fliyev \u00a0 T\u00fcrk D\u00f6vl\u0259tl\u0259ri T\u0259\u015fkilat\u0131na \u00fczv v\u0259 m\u00fc\u015fahid\u0259\u00e7i d\u00f6vl\u0259tl\u0259r\u0259 20-d\u0259n \u00e7ox \u00a0s\u0259f\u0259r edib.\u00a0 Qarda\u015f d\u00f6vl\u0259tl\u0259rin r\u0259hb\u0259rl\u0259ri d\u0259 h\u0259min d\u00f6vr \u0259rzind\u0259 Az\u0259rbaycana \u00e7oxsayl\u0131 s\u0259f\u0259rl\u0259r edibl\u0259r.<\/p>\n<p>Haz\u0131rda T\u00fcrk D\u00f6vl\u0259tl\u0259ri T\u0259\u015fkilat\u0131 d\u00fcnya \u00f6lk\u0259l\u0259ri t\u0259r\u0259find\u0259n m\u00f6t\u0259b\u0259r qurum kimi tan\u0131n\u0131r v\u0259 \u00fczv d\u00f6vl\u0259tl\u0259rin s\u0131x \u0259m\u0259kda\u015fl\u0131\u011f\u0131, birg\u0259 s\u0259yl\u0259ri il\u0259 t\u0259\u015fkilat\u0131n n\u00fcfuzu g\u00fcnd\u0259n-g\u00fcn\u0259 artmaqdad\u0131r. Az\u0259rbaycan \u00fczv d\u00f6vl\u0259tl\u0259rl\u0259 h\u0259m t\u0259\u015fkilat daxilind\u0259, h\u0259m d\u0259 ikit\u0259r\u0259fli \u00e7\u0259r\u00e7iv\u0259d\u0259 s\u0131x m\u00fcnasib\u0259tl\u0259r\u0259 malikdir. T\u00fcrk D\u00f6vl\u0259tl\u0259ri T\u0259\u015fkilat\u0131na \u00fczv \u00f6lk\u0259l\u0259r aras\u0131nda yax\u0131n dostluq v\u0259 qarda\u015fl\u0131q \u0259laq\u0259l\u0259rinin olmas\u0131, onlar\u0131n bir-birini qar\u015f\u0131l\u0131ql\u0131 \u015f\u0259kild\u0259 d\u0259st\u0259kl\u0259m\u0259si t\u0259\u015fkilat\u0131n inki\u015faf perspektivl\u0259rini \u015f\u0259rtl\u0259ndir\u0259n \u0259sas amill\u0259rd\u0259n biridir. Bel\u0259 ki, h\u0259l\u0259 2020-ci ild\u0259 V\u0259t\u0259n m\u00fcharib\u0259si zaman\u0131 b\u0259zil\u0259ri h\u0259tta Kollektiv T\u0259hl\u00fck\u0259sizlik M\u00fcqavil\u0259si T\u0259\u015fkilat\u0131n\u0131n \u00fczv\u00fc olmas\u0131na baxmayaraq, t\u00fcrk d\u00f6vl\u0259tl\u0259ri Az\u0259rbaycan\u0131n haql\u0131 m\u00fcbariz\u0259sin\u0259 \u00f6z d\u0259st\u0259kl\u0259rini verdil\u0259r. \u00dczv d\u00f6vl\u0259tl\u0259r Az\u0259rbaycan\u0131n Qaraba\u011fda v\u0259 \u015e\u0259rqi Z\u0259ng\u0259zurda apard\u0131\u011f\u0131 b\u0259rpa-yenid\u0259nqurma i\u015fl\u0259rin\u0259 d\u0259 \u00f6z t\u00f6hf\u0259l\u0259rini verirl\u0259r.\u00a0 \u00d6zb\u0259k xalq\u0131n\u0131n\u00a0 h\u0259diyy\u0259si olan v\u0259 F\u00fczulid\u0259 in\u015fa edil\u0259r\u0259k a\u00e7\u0131l\u0131\u015f m\u0259rasimi ke\u00e7iril\u0259n \u00a0Mirz\u0259 Uluqb\u0259y ad\u0131na 1 n\u00f6mr\u0259li tam orta m\u0259kt\u0259bi, h\u0259m\u00e7inin \u00a0Qazax\u0131stan t\u0259r\u0259find\u0259n \u00a0F\u00fczulid\u0259 tikilib istifad\u0259y\u0259 veril\u0259n \u00a0Kurmanqaz\u0131 ad\u0131na Yarad\u0131c\u0131l\u0131\u011f\u0131n \u0130nki\u015faf\u0131 M\u0259rk\u0259zini qeyd ed\u0259 bil\u0259rik. Bu s\u0131rada \u00a0C\u0259bray\u0131lda yarad\u0131lan Az\u0259rbaycan-T\u00fcrkiy\u0259 Beyn\u0259lxalq Me\u015f\u0259 T\u0259lim M\u0259rk\u0259zini, Z\u0259ngilanda birinci m\u0259rh\u0259l\u0259si a\u00e7\u0131lan \u201cDost Aqropark\u201d a\u011f\u0131ll\u0131 k\u0259nd t\u0259s\u0259rr\u00fcfat\u0131 kompleksini v\u0259 sair qeyd etm\u0259k olar. Eyni zamanda, \u00f6t\u0259n ilin fevral\u0131nda qarda\u015f T\u00fcrkiy\u0259d\u0259 ba\u015f ver\u0259n z\u0259lz\u0259l\u0259nin f\u0259sadlar\u0131n\u0131n aradan qald\u0131r\u0131lmas\u0131na T\u00fcrk D\u00f6vl\u0259tl\u0259ri T\u0259\u015fkilat\u0131na\u00a0 \u00fczv d\u00f6vl\u0259tl\u0259rin d\u0259st\u0259yi x\u00fcsusi vur\u011fulanmal\u0131d\u0131r. Tam \u0259minlikl\u0259 s\u00f6yl\u0259m\u0259k olar ki, ortaq soy-k\u00f6k, ortaq tarix v\u0259 m\u0259d\u0259niyy\u0259t, milli d\u0259y\u0259rl\u0259r, eyni zamanda, \u00fczv \u00f6lk\u0259l\u0259r aras\u0131nda qar\u015f\u0131l\u0131ql\u0131 d\u0259st\u0259k, m\u00f6vcud potensial v\u0259 h\u0259yata ke\u00e7iril\u0259c\u0259k layih\u0259l\u0259r T\u00fcrk D\u00f6vl\u0259tl\u0259ri T\u0259\u015fkilat\u0131n\u0131n rolunu daha da art\u0131r\u0131r v\u0259 onu d\u00fcnyan\u0131n apar\u0131c\u0131 beyn\u0259lxalq qurumlar\u0131ndan birin\u0259 \u00e7evirir.<\/p>\n<p>D\u00f6vl\u0259t ba\u015f\u00e7\u0131s\u0131 \u00a0\u0130lham \u018fliyev h\u0259l\u0259 bir ne\u00e7\u0259 il \u0259vv\u0259l t\u0259\u015fkilat\u0131n g\u00f6z\u0259l g\u0259l\u0259c\u0259yinin olaca\u011f\u0131n\u0131 b\u00f6y\u00fck uzaqg\u00f6r\u0259nlikl\u0259 bildirmi\u015fdir: \u00abBu t\u0259\u015fkilat\u0131n \u00e7ox g\u00f6z\u0259l g\u0259l\u0259c\u0259yi var. \u00c7\u00fcnki bu t\u0259\u015fkilat\u0131n t\u0259m\u0259lind\u0259 t\u0259bii m\u00fctt\u0259fiql\u0259r yerl\u0259\u015fir v\u0259 h\u0259m tarix, h\u0259m m\u0259d\u0259niyy\u0259t, h\u0259m bizim \u0259n\u0259n\u0259l\u0259rimiz, bizim ad\u0259t-\u0259n\u0259n\u0259l\u0259rimiz, bax, bu, birliyi dikt\u0259 edir.\u00bb C\u0259nab \u0130lham \u018fliyevin \u00a0t\u0259\u015f\u0259bb\u00fcs\u00fc il\u0259 Az\u0259rbaycan\u0131n t\u0259\u015fkilat \u00e7\u0259r\u00e7iv\u0259sind\u0259 \u0259m\u0259kda\u015fl\u0131q sah\u0259l\u0259rinin daha da geni\u015fl\u0259ndirilm\u0259si istiqam\u0259tind\u0259 ir\u0259li s\u00fcrd\u00fcy\u00fc t\u0259klifl\u0259r T\u00fcrk D\u00f6vl\u0259tl\u0259ri T\u0259\u015fkilat\u0131n\u0131n\u00a0 inki\u015faf strategiyas\u0131n\u0131n g\u00fccl\u0259ndirilm\u0259sind\u0259 m\u00fch\u00fcm rol oynay\u0131b. Bu statistik r\u0259q\u0259mi d\u0259 x\u00fcsusi qeyd etm\u0259liyik ki, Az\u0259rbaycan T\u00fcrk d\u00f6vl\u0259tl\u0259rinin iqtisadiyyat\u0131na 20 milyard\u00a0 dollardan \u00e7ox s\u0259rmay\u0259 qoymu\u015fdur. Bunun \u0259sas hiss\u0259si T\u00fcrkiy\u0259y\u0259 qoyulan s\u0259rmay\u0259dir. \u00a0Az\u0259rbaycan-\u00d6zb\u0259kistan \u0130nvestisiya Fondu v\u0259 Az\u0259rbaycan-Q\u0131r\u011f\u0131z\u0131stan \u0130nki\u015faf Fondu yarad\u0131ld\u0131. M\u00fcnasib\u0259tl\u0259rimizin inki\u015faf\u0131 kontekstind\u0259 n\u0259qliyyat v\u0259 logistika sah\u0259l\u0259ri m\u00fch\u00fcm yer tutur. Az\u0259rbaycan M\u0259rk\u0259zi Asiya \u00f6lk\u0259l\u0259ri il\u0259 T\u00fcrkiy\u0259 v\u0259 Avropa bazarlar\u0131 aras\u0131nda etibarl\u0131 tranzit \u00f6lk\u0259 kimi \u00f6z\u00fcn\u00fc t\u0259sdiql\u0259yib. Az\u0259rbaycan \u015e\u0259rq-Q\u0259rb n\u0259qliyyat d\u0259hlizinin dayan\u0131ql\u0131 f\u0259aliyy\u0259tin\u0259 \u00f6z d\u0259y\u0259rli t\u00f6hf\u0259sini verir.<\/p>\n<p>D\u00f6vl\u0259t ba\u015f\u00e7\u0131s\u0131 \u0130lham \u018fliyevin el\u0259 bir \u00e7\u0131x\u0131\u015f\u0131 yoxdur ki, haz\u0131rda \u00a0d\u00fcnyan\u0131n m\u00fcxt\u0259lif b\u00f6lg\u0259l\u0259rind\u0259 beyn\u0259lxalq h\u00fcquq normalar\u0131n\u0131n\u00a0 kobudcas\u0131na pozulmas\u0131ndan b\u0259hs etm\u0259sin. Bu reall\u0131q inkaredilm\u0259zdir ki, d\u00fcnya h\u00fcquq problemini ya\u015fay\u0131r. Art\u0131q tarix\u0259 qovu\u015fan Qaraba\u011f m\u00fcnaqi\u015f\u0259sinin h\u0259lli prosesinin 30 il uzanmas\u0131 fonunda bu reall\u0131q \u00f6z t\u0259sdiqini tap\u0131r ki, BMT T\u0259hl\u00fck\u0259sizlik \u015euras\u0131n\u0131n q\u0259tnam\u0259l\u0259rinin icras\u0131, beyn\u0259lxalq h\u00fcququn norma v\u0259\u00a0 prinsipl\u0259rinin t\u0259tbiqi \u00fc\u00e7\u00fcn vahid mexanizm yoxdur. D\u00f6vl\u0259t ba\u015f\u00e7\u0131s\u0131 \u0130lham \u018fliyev \u0259n y\u00fcks\u0259k tribunalardan b\u0259yan edir ki, b\u0259z\u0259n BMT q\u0259tnam\u0259l\u0259ri 1-2 saat \u0259rzind\u0259 icra edilir, Az\u0259rbaycana\u00a0 g\u0259ldikd\u0259 is\u0259 27 il g\u00f6zl\u0259m\u0259li olduq. Bu g\u00fcn d\u00fcnyan\u0131n m\u00fcxt\u0259lif b\u00f6lg\u0259l\u0259rind\u0259 beyn\u0259lxalq h\u00fcquq normalar\u0131n\u0131n \u00a0kobud \u015f\u0259kild\u0259 pozulmas\u0131, m\u00fcharib\u0259l\u0259rin, qanl\u0131 m\u00fcnaqi\u015f\u0259l\u0259rin \u00a0alovlanmas\u0131 fonunda c\u0259nab \u0130lham \u018fliyev bu \u00e7a\u011f\u0131r\u0131\u015f\u0131 edir ki, bel\u0259 olan halda, ilk n\u00f6vb\u0259d\u0259, \u00f6lk\u0259l\u0259rin m\u00fcdafi\u0259 potensial\u0131 t\u0259hl\u00fck\u0259sizliyin \u0259sas z\u0259man\u0259tin\u0259 \u00e7evrilir. \u00dczv \u00f6lk\u0259l\u0259r aras\u0131nda t\u0259hl\u00fck\u0259sizlik, m\u00fcdafi\u0259, m\u00fcdafi\u0259 s\u0259nayesi kimi sah\u0259l\u0259rd\u0259 \u0259m\u0259kda\u015fl\u0131q daha da artmal\u0131d\u0131r. Bu m\u00fch\u00fcm m\u0259qam da x\u00fcsusi vur\u011fulan\u0131r ki, t\u00fcrkdilli d\u00f6vl\u0259tl\u0259r aras\u0131nda \u00a0bir \u00f6lk\u0259nin probleml\u0259ri dig\u0259rini d\u00fc\u015f\u00fcnd\u00fcrm\u0259li, h\u0259lli istiqam\u0259tind\u0259 birg\u0259 add\u0131mlar at\u0131lmal\u0131d\u0131r. 44 g\u00fcnl\u00fck \u0130kinci Qaraba\u011f m\u00fcharib\u0259si, h\u0259m\u00e7inin postm\u00fcnaqi\u015f\u0259 d\u00f6vr\u00fcn\u00fcn reall\u0131qlar\u0131 t\u00fcrk d\u00fcnyas\u0131n\u0131n bu sah\u0259d\u0259 g\u00f6st\u0259rdiyi birliyin, h\u0259mr\u0259yliyin n\u00fcmayi\u015fi oldu. Az\u0259rbaycan daim bu birliyin m\u00f6hk\u0259ml\u0259ndirilm\u0259sin\u0259 davaml\u0131 t\u00f6hf\u0259l\u0259ri il\u0259 diqq\u0259td\u0259 olub. Az\u0259rbaycan\u0131n bu istiqam\u0259td\u0259 t\u00f6hf\u0259l\u0259rind\u0259n biri d\u0259 T\u00fcrk \u015euras\u0131n\u0131n yarad\u0131lmas\u0131 il\u0259 ba\u011fl\u0131 sazi\u015fin m\u0259hz \u00f6lk\u0259mizd\u0259 imzalanmas\u0131d\u0131r. \u00a0Bel\u0259 ki, 2009-cu ild\u0259 Az\u0259rbaycan\u0131n Nax\u00e7\u0131van \u015f\u0259h\u0259rind\u0259 ke\u00e7iril\u0259n toplant\u0131da imzalanan Sazi\u015f\u0259 \u0259sas\u0259n T\u00fcrkdilli D\u00f6vl\u0259tl\u0259rin \u018fm\u0259kda\u015fl\u0131q \u015euras\u0131\u00a0 yarad\u0131l\u0131b. O vaxt Sazi\u015fi d\u00f6rd \u00f6lk\u0259nin r\u0259hb\u0259rl\u0259ri &#8211; Az\u0259rbaycan, Qazax\u0131stan, Q\u0131r\u011f\u0131z\u0131stan v\u0259 T\u00fcrkiy\u0259 prezidentl\u0259ri imzalay\u0131blar. Lakin ill\u0259r \u00f6td\u00fckc\u0259, x\u00fcsusil\u0259 son d\u00f6vrl\u0259r Az\u0259rbaycan\u0131n v\u0259 T\u00fcrkiy\u0259nin liderliyi \u015euraya \u00fczv \u00f6lk\u0259l\u0259r aras\u0131nda \u0259m\u0259kda\u015fl\u0131q v\u0259 \u0259laq\u0259l\u0259r geni\u015fl\u0259nib, 2021-ci ilin noyabr\u0131nda \u015eura T\u00fcrk D\u00f6vl\u0259tl\u0259ri T\u0259\u015fkilat\u0131na\u00a0 \u00e7evrilib v\u0259 onun \u00fczvl\u0259rinin say\u0131 art\u0131b. Haz\u0131rda t\u0259\u015fkilat\u0131n 5 \u0259sas &#8211; Az\u0259rbaycan, T\u00fcrkiy\u0259, Qazax\u0131stan, Q\u0131r\u011f\u0131z\u0131stan, \u00d6zb\u0259kistan v\u0259 2 m\u00fc\u015fahid\u0259\u00e7i \u00fczv\u00fc &#8211; Macar\u0131stan v\u0259 T\u00fcrkm\u0259nistan var.<\/p>\n<p>Az\u0259rbaycan T\u00fcrk \u015euras\u0131na s\u0259drlik etdiyi d\u00f6vrd\u0259 bu birliyin t\u0259min edilm\u0259si istiqam\u0259tind\u0259 biri-birind\u0259n m\u00fch\u00fcm add\u0131mlar atd\u0131. T\u0259kc\u0259 koronavirus infeksiyas\u0131na qar\u015f\u0131 m\u00fcbariz\u0259 t\u0259dbirl\u0259rinin g\u00fccl\u0259ndirildiyi \u00a0zamanlarda Az\u0259rbaycan\u0131n t\u0259\u015f\u0259bb\u00fcs\u00fc il\u0259 T\u00fcrk \u015euras\u0131n\u0131n Zirv\u0259 g\u00f6r\u00fc\u015f\u00fc ke\u00e7irildi. Bu m\u00fch\u00fcm m\u0259qam\u0131 da x\u00fcsusi qeyd etm\u0259liyik ki, \u00f6t\u0259n \u00a0ilin fevral\u0131nda qarda\u015f T\u00fcrkiy\u0259d\u0259 ba\u015f ver\u0259n d\u0259h\u015f\u0259tli z\u0259lz\u0259l\u0259 b\u00f6y\u00fck insan t\u0259l\u0259fat\u0131na, da\u011f\u0131nt\u0131lara s\u0259b\u0259b oldu. Az\u0259rbaycan ilk d\u0259st\u0259k g\u00f6st\u0259r\u0259n \u00f6lk\u0259 oldu. \u201cBiz sizinl\u0259yik qarda\u015f T\u00fcrkiy\u0259\u201d devizi alt\u0131nda h\u0259yata ke\u00e7iril\u0259n yard\u0131m kampaniyas\u0131 d\u00fcnyaya T\u00fcrk d\u00fcnyas\u0131n\u0131n n\u00f6vb\u0259ti birlik mesaj\u0131 oldu. O da m\u0259lumdur ki, Prezident \u0130lham \u018fliyevin t\u0259\u015f\u0259bb\u00fcs\u00fc il\u0259 \u00f6t\u0259n ilin \u00a0mart\u0131nda Ankarada T\u00fcrk D\u00f6vl\u0259tl\u0259ri T\u0259\u015fkilat\u0131n\u0131n D\u00f6vl\u0259t Ba\u015f\u00e7\u0131lar\u0131n\u0131n F\u00f6vq\u0259lad\u0259 Zirv\u0259 g\u00f6r\u00fc\u015f\u00fc ke\u00e7irildi. Qeyd ed\u0259k ki, bu t\u0259dbirin \u015eu\u015fada ke\u00e7irilm\u0259si n\u0259z\u0259rd\u0259 tutulmu\u015fdu. Lakin T\u00fcrkiy\u0259d\u0259 ba\u015f vermi\u015f d\u0259h\u015f\u0259tli z\u0259lz\u0259l\u0259 il\u0259 \u0259laq\u0259dar Prezident \u0130lham \u018fliyev qarda\u015f \u00f6lk\u0259y\u0259 d\u0259st\u0259k m\u0259qs\u0259dil\u0259 Zirv\u0259 g\u00f6r\u00fc\u015f\u00fcn\u00fcn Ankarada ke\u00e7irilm\u0259si t\u0259klifi il\u0259 \u00e7\u0131x\u0131\u015f etdi. Dig\u0259r i\u015ftirak\u00e7\u0131 \u00f6lk\u0259l\u0259rin r\u0259hb\u0259rl\u0259ri il\u0259 raz\u0131la\u015fd\u0131r\u0131ld\u0131qdan sonra bununla ba\u011fl\u0131 m\u00fcvafiq q\u0259rar q\u0259bul olundu. Bu, bir daha\u00a0 Az\u0259rbaycan-T\u00fcrkiy\u0259 qarda\u015fl\u0131\u011f\u0131n\u0131n, T\u00fcrk d\u00fcnyas\u0131nda qar\u015f\u0131l\u0131ql\u0131 d\u0259st\u0259yin v\u0259 h\u00f6rm\u0259tin bariz n\u00fcmun\u0259sidir. \u201cF\u0259lak\u0259t &#8211; F\u00f6vq\u0259lad\u0259 hallar\u0131n idar\u0259 edilm\u0259si v\u0259 humanitar yard\u0131m\u201d m\u00f6vzusuna h\u0259sr olunan Zirv\u0259 g\u00f6r\u00fc\u015f\u00fc T\u00fcrkiy\u0259nin c\u0259nub v\u0259 c\u0259nub-\u015f\u0259rq b\u00f6lg\u0259l\u0259rind\u0259 ba\u015f ver\u0259n z\u0259lz\u0259l\u0259 n\u0259tic\u0259sind\u0259 yaranan f\u00f6vq\u0259lad\u0259 v\u0259ziyy\u0259tl\u0259 ba\u011fl\u0131 m\u0259s\u0259l\u0259l\u0259rin \u0259n y\u00fcks\u0259k s\u0259viyy\u0259d\u0259 m\u00fczakir\u0259 edildiyi platforma oldu. Liderl\u0259r f\u0259lak\u0259tl\u0259rl\u0259 m\u00fcbariz\u0259d\u0259 T\u00fcrk D\u00f6vl\u0259tl\u0259ri T\u0259\u015fkilat\u0131 daxilind\u0259 \u00e7oxt\u0259r\u0259fli s\u0131x \u0259m\u0259kda\u015fl\u0131q v\u0259 koordinasiya mexanizml\u0259rinin yarad\u0131lmas\u0131na diqq\u0259t \u00e7\u0259kdil\u0259r, regionda m\u00f6vcud \u00e7a\u011f\u0131r\u0131\u015flarla ba\u011fl\u0131 m\u0259sl\u0259h\u0259tl\u0259\u015fm\u0259l\u0259r apard\u0131lar.<\/p>\n<p>\u00d6t\u0259n ilin noyabr ay\u0131nda is\u0259 Astanada T\u00fcrk D\u00f6vl\u0259tl\u0259ri T\u0259\u015fkilat\u0131n\u0131n \u201cT\u00fcrk \u018fsri\u201d \u00e7a\u011f\u0131r\u0131\u015f\u0131 alt\u0131nda 10-cu yubiley Zirv\u0259 g\u00f6r\u00fc\u015f\u00fc ke\u00e7irildi. \u00a0T\u0259dbird\u0259 Prezident \u0130lham \u018fliyevin r\u0259hb\u0259rliyi il\u0259 Az\u0259rbaycan\u0131n qazand\u0131\u011f\u0131 u\u011furlar \u00f6n\u0259 \u00e7\u0259kil\u0259r\u0259k qeyd edildi ki, dost Az\u0259rbaycan xalq\u0131 t\u00fcrk d\u00fcnyas\u0131nda layiqli yer tutur, b\u00f6y\u00fck h\u00f6rm\u0259t\u0259 v\u0259 n\u00fcfuza malikdir. Az\u0259rbaycan xalq\u0131 son ill\u0259r c\u0259nab \u0130lham \u018fliyevin r\u0259hb\u0259rliyi il\u0259 m\u00f6ht\u0259\u015f\u0259m u\u011furlara imza at\u0131r.\u00a0 Zirv\u0259 g\u00f6r\u00fc\u015f\u00fcnd\u0259ki \u00e7\u0131x\u0131\u015f\u0131nda d\u00f6vl\u0259t ba\u015f\u00e7\u0131s\u0131 \u0130lham \u018fliyev t\u00fcrkdilli d\u00f6vl\u0259tl\u0259r aras\u0131nda son ill\u0259r \u0259laq\u0259l\u0259rin daha da inki\u015faf etdiyini \u0259sasl\u0131 \u015f\u0259kild\u0259 diqq\u0259t\u0259 \u00e7atd\u0131raraq bel\u0259 bir \u0259minliyi ifad\u0259 etdi ki, biz b\u00f6y\u00fck T\u00fcrk d\u00fcnyas\u0131n\u0131n bir hiss\u0259siyik. \u018fmin\u0259m ki, dostlu\u011fumuz, qarda\u015fl\u0131\u011f\u0131m\u0131z \u0259b\u0259di olacaq. T\u00fcrk D\u00f6vl\u0259tl\u0259ri T\u0259\u015fkilat\u0131n\u0131n beyn\u0259lxalq n\u00fcfuzu daha da artacaq.<\/p>\n<p>Ke\u00e7iril\u0259n t\u0259dbirl\u0259rd\u0259 diqq\u0259t g\u00f6st\u0259ril\u0259n m\u0259s\u0259l\u0259l\u0259rd\u0259n bir t\u00fcrkdilli d\u00f6vl\u0259tl\u0259r aras\u0131nda enerji sektorunda \u0259m\u0259kda\u015fl\u0131q olur. T\u00fcrk d\u00f6vl\u0259tl\u0259ri aras\u0131nda enerji sah\u0259sind\u0259 \u0259m\u0259kda\u015fl\u0131\u011f\u0131n g\u00fccl\u0259ndirilm\u0259si istiqam\u0259tind\u0259 d\u0259 ard\u0131c\u0131l t\u0259dbirl\u0259rin realla\u015fd\u0131r\u0131ld\u0131\u011f\u0131 \u00f6n\u0259 \u00e7\u0259kil\u0259r\u0259k bildirilir ki, n\u0259h\u0259ng enerji v\u0259 n\u0259qliyyat infrastrukturu layih\u0259l\u0259ri T\u00fcrk d\u00f6vl\u0259tl\u0259ri aras\u0131nda daim \u0259sas v\u0259 m\u00fch\u00fcm \u0259m\u0259kda\u015fl\u0131q sah\u0259si olub. Bak\u0131-Tbilisi-Ceyhan neft, Bak\u0131-Tbilisi-\u018frzurum t\u0259bii qaz boru k\u0259m\u0259rl\u0259ri v\u0259 Trans-Anadolu boru k\u0259m\u0259ri bunun konkret n\u00fcmun\u0259l\u0259ridir. X\u0259z\u0259rin t\u0259bii qaz\u0131n\u0131n T\u00fcrkiy\u0259y\u0259 v\u0259 Avropaya n\u0259qli h\u0259m T\u00fcrk d\u00f6vl\u0259tl\u0259rinin rifah\u0131na, h\u0259m d\u0259 Avropan\u0131n enerji t\u0259hl\u00fck\u0259sizliyin\u0259 t\u00f6hf\u0259 ver\u0259c\u0259k. \u00d6lk\u0259l\u0259rimiz aras\u0131ndak\u0131 n\u0259qliyyat \u015f\u0259b\u0259k\u0259sinin inki\u015faf etdirilm\u0259si \u0259sas h\u0259d\u0259fl\u0259r s\u0131ras\u0131ndad\u0131r. \u00a0Bu bax\u0131mdan \u00a0X\u0259z\u0259rd\u0259n ke\u00e7\u0259n \u015e\u0259rq-Q\u0259rb &#8211; Orta D\u0259hlizin rolunun art\u0131r\u0131lmas\u0131 istiqam\u0259tind\u0259 s\u0259yl\u0259r davam etdirilir.<\/p>\n<p>Az\u0259rbaycan v\u0259 T\u00fcrkiy\u0259nin t\u00fcrk d\u00fcnyas\u0131n\u0131n birliyin\u0259 t\u00f6hf\u0259l\u0259ri daim t\u0259qdir edilir.\u00a0 Bel\u0259 ki,\u00a0 2021-ci ild\u0259 Az\u0259rbaycan Prezidentinin, 2022-ci ild\u0259 is\u0259 T\u00fcrkiy\u0259 Prezidentinin T\u00fcrk D\u00fcnyas\u0131n\u0131n Ali Ordenin\u0259 layiq g\u00f6r\u00fclm\u0259si d\u0259 bunun bariz n\u00fcmun\u0259sidir.<\/p>\n<p>Tarixi Z\u0259f\u0259rimizd\u0259n \u00fc\u00e7 il sonra, \u00f6t\u0259n ilin sentyabr ay\u0131n\u0131n 19-20 tarixl\u0259rind\u0259 Az\u0259rbaycan Silahl\u0131 q\u00fcvv\u0259l\u0259rinin h\u0259yata ke\u00e7irdiyi lokal antiterror t\u0259dbirl\u0259ri n\u0259tic\u0259sind\u0259 suverenliyimiz tam b\u0259rpa edildi. Sentyabr\u0131n 20-d\u0259n yeni d\u00f6vr ba\u015flad\u0131. D\u00f6vl\u0259t ba\u015f\u00e7\u0131s\u0131 \u0130lham \u018fliyevin fikirl\u0259rin\u0259 istinad ets\u0259k, bu ilin 7 fevral tarixind\u0259 ke\u00e7iril\u0259n n\u00f6vb\u0259d\u0259nk\u0259nar prezident se\u00e7kil\u0259ri yeni d\u00f6vr\u0259 xeyir-duas\u0131n\u0131 verdi.<\/p>\n<p>N\u00f6vb\u0259d\u0259nk\u0259nar prezident se\u00e7kil\u0259rind\u0259 n\u00f6vb\u0259ti d\u0259f\u0259 inaml\u0131 q\u0259l\u0259b\u0259 qazanan c\u0259nab \u0130lham \u018fliyev fevral\u0131n 14-d\u0259 Milli M\u0259clisd\u0259 ke\u00e7iril\u0259n andi\u00e7m\u0259 m\u0259rasimind\u0259 b\u00fct\u00fcn sah\u0259l\u0259r \u00fczr\u0259 qar\u015f\u0131da dayanan h\u0259d\u0259fl\u0259ri a\u00e7\u0131qlad\u0131. Daxili siyas\u0259timizin m\u0259ntiqi davam\u0131 kimi d\u0259y\u0259rl\u0259ndiril\u0259n xarici siyas\u0259t u\u011furlar\u0131m\u0131z da x\u00fcsusi qeyd edildi. \u201cBundan sonra da xarici siyas\u0259timiz \u00e7ox ayd\u0131n olacaq, a\u00e7\u0131q olacaq v\u0259 bu g\u00fcn d\u00fcnya ictimaiyy\u0259ti bizim siyas\u0259timizi b\u0259y\u0259nir v\u0259 d\u0259st\u0259kl\u0259yir. \u018fg\u0259r bel\u0259 olmasayd\u0131, 155 \u00f6lk\u0259 bizi BMT T\u0259hl\u00fck\u0259sizlik \u015euras\u0131na \u00fczv se\u00e7m\u0259zdi. \u018fg\u0259r bel\u0259 olmasayd\u0131, 120 \u00f6lk\u0259 bizi Qo\u015fulmama H\u0259r\u0259kat\u0131na s\u0259dr se\u00e7m\u0259zdi. \u018fg\u0259r bel\u0259 olmasayd\u0131, d\u00fcnya birliyi COP29 Konfrans\u0131n\u0131n Az\u0259rbaycanda ke\u00e7irilm\u0259si il\u0259 ba\u011fl\u0131 q\u0259rar q\u0259bul etm\u0259zdi\u201d s\u00f6yl\u0259y\u0259n d\u00f6vl\u0259t ba\u015f\u00e7\u0131s\u0131 \u0130lham \u018fliyev onu da\u00a0 bildirdi ki, biz beyn\u0259lxalq t\u0259\u015fkilatlarla ba\u011fl\u0131 bundan sonra da \u00f6z add\u0131mlar\u0131m\u0131z\u0131 ataca\u011f\u0131q. \u0130lk n\u00f6vb\u0259d\u0259, T\u00fcrk D\u00f6vl\u0259tl\u0259ri T\u0259\u015fkilat\u0131 \u00e7\u0259r\u00e7iv\u0259sind\u0259 s\u0259yl\u0259rimizi davam etdir\u0259c\u0259yik: \u201cBu, bizim \u00fc\u00e7\u00fcn prioritetdir, m\u0259n bunu a\u00e7\u0131q dem\u0259k ist\u0259yir\u0259m, y\u0259qin ki, indi apar\u0131lan siyas\u0259t d\u0259 h\u0259r k\u0259s\u0259 bunu ayd\u0131n g\u00f6st\u0259rir. Bu, bizim \u00fc\u00e7\u00fcn \u0259sas beyn\u0259lxalq t\u0259\u015fkilatd\u0131r, \u00e7\u00fcnki bu, bizim ail\u0259mizdir. Bizim ba\u015fqa ail\u0259miz yoxdur. Bizim ail\u0259miz T\u00fcrk d\u00fcnyas\u0131d\u0131r\u2026 Biz \u00f6z\u00fcm\u00fcz\u00fc \u00e7ox yax\u015f\u0131 hiss edirik. T\u00fcrk D\u00f6vl\u0259tl\u0259ri T\u0259\u015fkilat\u0131na \u00fczv olan b\u00fct\u00fcn \u00f6lk\u0259l\u0259rl\u0259 qarda\u015fl\u0131q m\u00fcnasib\u0259tl\u0259rimiz var v\u0259 bizim siyas\u0259timiz T\u00fcrk D\u00f6vl\u0259tl\u0259ri T\u0259\u015fkilat\u0131n\u0131 g\u00fccl\u0259ndirm\u0259kdir. Bu, b\u00f6y\u00fck co\u011frafiyad\u0131r, b\u00f6y\u00fck \u0259razidir, b\u00f6y\u00fck h\u0259rbi g\u00fccd\u00fcr, b\u00f6y\u00fck iqtisadiyyatd\u0131r, t\u0259bii s\u0259rv\u0259tl\u0259rdir, n\u0259qliyyat yollar\u0131d\u0131r, g\u0259nc \u0259halidir, artan \u0259halidir v\u0259 bir soydan, k\u00f6kd\u0259n olan xalqlard\u0131r. Bundan g\u00fccl\u00fc birlik ola bil\u0259rmi? \u018flb\u0259tt\u0259 ki, yox. Biz m\u00fc\u015ft\u0259r\u0259k s\u0259yl\u0259rl\u0259 el\u0259 etm\u0259liyik ki, T\u00fcrk D\u00f6vl\u0259tl\u0259ri T\u0259\u015fkilat\u0131 qlobal arenada \u00f6n\u0259mli aktora v\u0259 g\u00fcc m\u0259rk\u0259zin\u0259 \u00e7evrilsin. Buna biz ancaq birlikd\u0259 nail ola bil\u0259rik.\u201d<\/p>\n<p>\u0130yul ay\u0131n\u0131n 5-6 tarixl\u0259rind\u0259 Qaraba\u011f\u0131n tac\u0131 \u015eu\u015fa T\u00fcrk D\u00f6vl\u0259tl\u0259ri T\u0259\u015fkilat\u0131n\u0131n qeyri-r\u0259smi Zirv\u0259 g\u00f6r\u00fc\u015f\u00fcn\u0259 ev sahibliyi ed\u0259c\u0259k. \u00d6t\u0259n il \u015eu\u015fa t\u00fcrk d\u00fcnyas\u0131n\u0131n, bu il is\u0259 islam d\u00fcnyas\u0131n\u0131n m\u0259d\u0259niyy\u0259t paytaxt\u0131 elan edilib. H\u0259r iki add\u0131m Az\u0259rbaycan\u0131n d\u00f6y\u00fcn\u0259n \u00fcr\u0259yi, h\u0259r da\u015f\u0131, qayas\u0131 bir tarix olan\u00a0 \u015eu\u015fan\u0131n \u00f6n\u0259mini n\u00fcmayi\u015f etdirir. Bu m\u0259kandan bir daha t\u00fcrk d\u00fcnyas\u0131n\u0131n birliyi, h\u0259mr\u0259yliyi d\u00fcnyaya \u00e7atd\u0131r\u0131lacaq. Daim qeyd etdiyimiz kimi, h\u0259r bir t\u0259dbir\u00a0 \u0259hat\u0259 etdiyi m\u00f6vzu il\u0259 yana\u015f\u0131, ke\u00e7irildiyi m\u0259kan bax\u0131m\u0131ndan x\u00fcsusi \u0259h\u0259miyy\u0259t k\u0259sb edir. Az\u0259rbaycan h\u0259qiq\u0259tl\u0259rinin, erm\u0259ni v\u0259h\u015filikl\u0259rinin d\u00fcnyaya \u00e7atd\u0131r\u0131lmas\u0131 \u00fc\u00e7\u00fcn imkanlar yaran\u0131r.\u00a0 Art\u0131q bu g\u00fcn i\u015f\u011faldan azad edilmi\u015f b\u00fct\u00fcn torpaqlar\u0131m\u0131z, o c\u00fcml\u0259d\u0259n azad \u015eu\u015fam\u0131z erm\u0259ni v\u0259h\u015filikl\u0259rin\u0259 \u015fahidlik edir. Bu torpaqlara s\u0259f\u0259r ed\u0259n xarici qonaqlar \u00f6z g\u00f6zl\u0259ri il\u0259 erm\u0259nil\u0259rin 30 illik i\u015f\u011fal d\u00f6vr\u00fcnd\u0259 Az\u0259rbaycan torpaqlar\u0131nda nec\u0259 v\u0259h\u015filikl\u0259r t\u00f6r\u0259tdikl\u0259rini g\u00f6r\u00fcrl\u0259r. \u015eu\u015fa n\u00f6vb\u0259ti d\u0259f\u0259 reall\u0131qlar\u0131m\u0131z\u0131n t\u0259qdimat\u0131 il\u0259 diqq\u0259td\u0259 olacaq. \u00a0Prezident \u0130lham \u018fliyevin qeyd etdiyi kimi, h\u0259m s\u00fcr\u0259tli, y\u0259ni davaml\u0131 t\u0259maslara ehtiyac var. Eyni zamanda, h\u0259r bir Zirv\u0259 g\u00f6r\u00fc\u015f\u00fc birliyimizin g\u00fccl\u0259ndirilm\u0259sin\u0259 istiqam\u0259tl\u0259nmi\u015f n\u00f6vb\u0259ti add\u0131m olur.<\/p>\n<p><strong>Yegan\u0259 \u018fliyeva,<\/strong>\u00a0<em>\u201c\u0130ki sahil\u201d<\/em><\/p>\n","protected":false},"excerpt":{"rendered":"<p>\u0130yulun 5-6 tarixl\u0259rind\u0259 \u015eu\u015fada ke\u00e7iril\u0259c\u0259k T\u00fcrk D\u00f6vl\u0259tl\u0259ri T\u0259\u015fkilat\u0131n\u0131n qeyri-r\u0259smi Zirv\u0259 g\u00f6r\u00fc\u015f\u00fc bu birliyin, qarda\u015fl\u0131\u011f\u0131n d\u00fcnyaya n\u00f6vb\u0259ti t\u0259qdimat\u0131 olacaq Tarixi Z\u0259f\u0259rimiz dig\u0259r sah\u0259l\u0259r kimi, xarici siyas\u0259timizd\u0259 d\u0259 m\u00fch\u00fcm yenilikl\u0259r\u0259, ikit\u0259r\u0259fli v\u0259 beyn\u0259lxalq t\u0259\u015fkilatlar \u00e7\u0259r\u00e7iv\u0259sind\u0259 \u0259laq\u0259l\u0259rin daha da m\u00f6hk\u0259ml\u0259nm\u0259sin\u0259\u00a0 yol a\u00e7d\u0131. Az\u0259rbaycan\u0131n xarici siyas\u0259tind\u0259 t\u00fcrk d\u00fcnyas\u0131n\u0131n birliyi prioritet m\u0259s\u0259l\u0259 kimi \u00f6nd\u0259 dayan\u0131r. D\u00f6vl\u0259t ba\u015f\u00e7\u0131s\u0131 \u0130lham \u018fliyev daim bu \u00e7a\u011f\u0131r\u0131\u015f\u0131 edir ki, biz birlikd\u0259 g\u00fccl\u00fcy\u00fck. \u015eanl\u0131 Q\u0259l\u0259b\u0259mizd\u0259n sonra t\u00fcrkdilli d\u00f6vl\u0259tl\u0259r aras\u0131nda \u0259laq\u0259l\u0259rin daha y\u00fcks\u0259l\u0259n x\u0259tl\u0259 inki\u015faf\u0131, bu birliyin T\u00fcrk D\u00f6vl\u0259tl\u0259ri T\u0259\u015fkilat\u0131n\u0131n beyn\u0259lxalq n\u00fcfuzunun artmas\u0131nda stimulverici amil\u0259 \u00e7evrilm\u0259si diqq\u0259td\u0259n k\u0259narda qalm\u0131r. T\u00fcrk d\u00fcnyas\u0131 200&hellip;<\/p>\n","protected":false},"author":2,"featured_media":734489,"comment_status":"closed","ping_status":"closed","sticky":false,"template":"","format":"standard","meta":{"om_disable_all_campaigns":false,"_monsterinsights_skip_tracking":false,"_monsterinsights_sitenote_active":false,"_monsterinsights_sitenote_note":"","_monsterinsights_sitenote_category":0},"categories":[19],"tags":[],"aioseo_notices":[],"gutentor_comment":0,"rttpg_featured_image_url":{"full":["https:\/\/arantv.az\/wp-content\/uploads\/2024\/07\/1c330c47171776107745153119310182377.jpg",975,540,false],"landscape":["https:\/\/arantv.az\/wp-content\/uploads\/2024\/07\/1c330c47171776107745153119310182377.jpg",975,540,false],"portraits":["https:\/\/arantv.az\/wp-content\/uploads\/2024\/07\/1c330c47171776107745153119310182377.jpg",975,540,false],"thumbnail":["https:\/\/arantv.az\/wp-content\/uploads\/2024\/07\/1c330c47171776107745153119310182377-500x280.jpg",500,280,true],"medium":["https:\/\/arantv.az\/wp-content\/uploads\/2024\/07\/1c330c47171776107745153119310182377-660x365.jpg",660,365,true],"large":["https:\/\/arantv.az\/wp-content\/uploads\/2024\/07\/1c330c47171776107745153119310182377-840x465.jpg",640,354,true],"1536x1536":["https:\/\/arantv.az\/wp-content\/uploads\/2024\/07\/1c330c47171776107745153119310182377.jpg",975,540,false],"2048x2048":["https:\/\/arantv.az\/wp-content\/uploads\/2024\/07\/1c330c47171776107745153119310182377.jpg",975,540,false],"post-thumbnail":["https:\/\/arantv.az\/wp-content\/uploads\/2024\/07\/1c330c47171776107745153119310182377-240x172.jpg",240,172,true],"advps-thumb-one":["https:\/\/arantv.az\/wp-content\/uploads\/2024\/07\/1c330c47171776107745153119310182377.jpg",975,540,false]},"rttpg_author":{"display_name":"V\u00fcsal Rafiqo\u011flu","author_link":"https:\/\/arantv.az\/?author=2"},"rttpg_comment":0,"rttpg_category":"<a href=\"https:\/\/arantv.az\/?cat=19\" rel=\"category\">G\u00fcnd\u0259m<\/a>","rttpg_excerpt":"\u0130yulun 5-6 tarixl\u0259rind\u0259 \u015eu\u015fada ke\u00e7iril\u0259c\u0259k T\u00fcrk D\u00f6vl\u0259tl\u0259ri T\u0259\u015fkilat\u0131n\u0131n qeyri-r\u0259smi Zirv\u0259 g\u00f6r\u00fc\u015f\u00fc bu birliyin, qarda\u015fl\u0131\u011f\u0131n d\u00fcnyaya n\u00f6vb\u0259ti t\u0259qdimat\u0131 olacaq Tarixi Z\u0259f\u0259rimiz dig\u0259r sah\u0259l\u0259r kimi, xarici siyas\u0259timizd\u0259 d\u0259 m\u00fch\u00fcm yenilikl\u0259r\u0259, ikit\u0259r\u0259fli v\u0259 beyn\u0259lxalq t\u0259\u015fkilatlar \u00e7\u0259r\u00e7iv\u0259sind\u0259 \u0259laq\u0259l\u0259rin daha da m\u00f6hk\u0259ml\u0259nm\u0259sin\u0259\u00a0 yol a\u00e7d\u0131. Az\u0259rbaycan\u0131n xarici siyas\u0259tind\u0259 t\u00fcrk d\u00fcnyas\u0131n\u0131n birliyi prioritet m\u0259s\u0259l\u0259 kimi \u00f6nd\u0259 dayan\u0131r. D\u00f6vl\u0259t ba\u015f\u00e7\u0131s\u0131 \u0130lham \u018fliyev daim&hellip;","_links":{"self":[{"href":"https:\/\/arantv.az\/index.php?rest_route=\/wp\/v2\/posts\/734488"}],"collection":[{"href":"https:\/\/arantv.az\/index.php?rest_route=\/wp\/v2\/posts"}],"about":[{"href":"https:\/\/arantv.az\/index.php?rest_route=\/wp\/v2\/types\/post"}],"author":[{"embeddable":true,"href":"https:\/\/arantv.az\/index.php?rest_route=\/wp\/v2\/users\/2"}],"replies":[{"embeddable":true,"href":"https:\/\/arantv.az\/index.php?rest_route=%2Fwp%2Fv2%2Fcomments&post=734488"}],"version-history":[{"count":0,"href":"https:\/\/arantv.az\/index.php?rest_route=\/wp\/v2\/posts\/734488\/revisions"}],"wp:featuredmedia":[{"embeddable":true,"href":"https:\/\/arantv.az\/index.php?rest_route=\/wp\/v2\/media\/734489"}],"wp:attachment":[{"href":"https:\/\/arantv.az\/index.php?rest_route=%2Fwp%2Fv2%2Fmedia&parent=734488"}],"wp:term":[{"taxonomy":"category","embeddable":true,"href":"https:\/\/arantv.az\/index.php?rest_route=%2Fwp%2Fv2%2Fcategories&post=734488"},{"taxonomy":"post_tag","embeddable":true,"href":"https:\/\/arantv.az\/index.php?rest_route=%2Fwp%2Fv2%2Ftags&post=734488"}],"curies":[{"name":"wp","href":"https:\/\/api.w.org\/{rel}","templated":true}]}}