{"id":734491,"date":"2024-07-04T09:24:28","date_gmt":"2024-07-04T05:24:28","guid":{"rendered":"https:\/\/arantv.az\/?p=734491"},"modified":"2024-07-04T09:24:28","modified_gmt":"2024-07-04T05:24:28","slug":"az%c9%99rbaycan-turkiy%c9%99-v%c9%99-pakistanin-silahli-quvv%c9%99l%c9%99ri-mut%c9%99madi-qaydada-birg%c9%99-t%c9%99liml%c9%99r-kecir%c9%99c%c9%99kl%c9%99r","status":"publish","type":"post","link":"https:\/\/arantv.az\/?p=734491","title":{"rendered":"Az\u0259rbaycan, T\u00fcrkiy\u0259 v\u0259 Pakistan\u0131n silahl\u0131 q\u00fcvv\u0259l\u0259ri m\u00fct\u0259madi qaydada birg\u0259 t\u0259liml\u0259r ke\u00e7ir\u0259c\u0259kl\u0259r"},"content":{"rendered":"<p><em><strong>Az\u0259rbaycan, T\u00fcrkiy\u0259 v\u0259 Pakistan\u0131n silahl\u0131 q\u00fcvv\u0259l\u0259ri m\u00fct\u0259madi qaydada birg\u0259 t\u0259liml\u0259r ke\u00e7ir\u0259c\u0259kl\u0259r.<\/strong><\/em><\/p>\n<p><strong>ARANTV.AZ\u00a0 x\u0259b\u0259r verir ki,<\/strong>\u00a0bu bar\u0259d\u0259 iyulun 3-d\u0259 Astanada Az\u0259rbaycan Respublikas\u0131n\u0131n Prezidenti \u0130lham \u018fliyev, T\u00fcrkiy\u0259 Respublikas\u0131n\u0131n Prezidenti R\u0259c\u0259b Tayyib \u018frdo\u011fan v\u0259 Pakistan \u0130slam Respublikas\u0131n\u0131n Ba\u015f naziri M\u0259h\u0259mm\u0259d \u015eahbaz \u015e\u0259rif aras\u0131nda \u00fc\u00e7t\u0259r\u0259fli g\u00f6r\u00fc\u015fd\u0259 raz\u0131l\u0131q \u0259l\u0259 edilib.<\/p>\n<p>G\u00f6r\u00fc\u015fd\u0259 m\u00fcdafi\u0259 v\u0259 m\u00fcdafi\u0259 s\u0259nayesi sah\u0259l\u0259rind\u0259 \u0259m\u0259kda\u015fl\u0131q m\u0259s\u0259l\u0259l\u0259rin\u0259 toxunulub, 2021-ci ild\u0259 \u00fc\u00e7 \u00f6lk\u0259nin x\u00fcsusi t\u0259yinatl\u0131lar\u0131n\u0131n i\u015ftirak\u0131 il\u0259 \u201c\u00dc\u00e7 qarda\u015f\u201d \u015f\u00fcar\u0131 alt\u0131nda ke\u00e7iril\u0259n t\u0259liml\u0259rin \u0259h\u0259miyy\u0259ti vur\u011fulan\u0131b v\u0259 \u00fc\u00e7 \u00f6lk\u0259nin Silahl\u0131 Q\u00fcvv\u0259l\u0259ri t\u0259r\u0259find\u0259n birg\u0259 t\u0259liml\u0259rin bundan sonra da m\u00fct\u0259madi qaydada ke\u00e7irilm\u0259si t\u0259klif edilib. T\u0259klif m\u0259mnunluqla q\u0259bul olunub.<\/p>\n<p>M\u00fcdafi\u0259 s\u0259nayesi sah\u0259sind\u0259 d\u0259 \u00fc\u00e7 \u00f6lk\u0259nin birg\u0259 istehsal\u0131n\u0131n t\u0259\u015fkil edilm\u0259si m\u0259s\u0259l\u0259si vur\u011fulan\u0131b.<\/p>\n","protected":false},"excerpt":{"rendered":"<p>Az\u0259rbaycan, T\u00fcrkiy\u0259 v\u0259 Pakistan\u0131n silahl\u0131 q\u00fcvv\u0259l\u0259ri m\u00fct\u0259madi qaydada birg\u0259 t\u0259liml\u0259r ke\u00e7ir\u0259c\u0259kl\u0259r. ARANTV.AZ\u00a0 x\u0259b\u0259r verir ki,\u00a0bu bar\u0259d\u0259 iyulun 3-d\u0259 Astanada Az\u0259rbaycan Respublikas\u0131n\u0131n Prezidenti \u0130lham \u018fliyev, T\u00fcrkiy\u0259 Respublikas\u0131n\u0131n Prezidenti R\u0259c\u0259b Tayyib \u018frdo\u011fan v\u0259 Pakistan \u0130slam Respublikas\u0131n\u0131n Ba\u015f naziri M\u0259h\u0259mm\u0259d \u015eahbaz \u015e\u0259rif aras\u0131nda \u00fc\u00e7t\u0259r\u0259fli g\u00f6r\u00fc\u015fd\u0259 raz\u0131l\u0131q \u0259l\u0259 edilib. G\u00f6r\u00fc\u015fd\u0259 m\u00fcdafi\u0259 v\u0259 m\u00fcdafi\u0259 s\u0259nayesi sah\u0259l\u0259rind\u0259 \u0259m\u0259kda\u015fl\u0131q m\u0259s\u0259l\u0259l\u0259rin\u0259 toxunulub, 2021-ci ild\u0259 \u00fc\u00e7 \u00f6lk\u0259nin x\u00fcsusi t\u0259yinatl\u0131lar\u0131n\u0131n i\u015ftirak\u0131 il\u0259 \u201c\u00dc\u00e7 qarda\u015f\u201d \u015f\u00fcar\u0131 alt\u0131nda ke\u00e7iril\u0259n t\u0259liml\u0259rin \u0259h\u0259miyy\u0259ti vur\u011fulan\u0131b v\u0259 \u00fc\u00e7 \u00f6lk\u0259nin Silahl\u0131 Q\u00fcvv\u0259l\u0259ri t\u0259r\u0259find\u0259n birg\u0259 t\u0259liml\u0259rin bundan sonra da m\u00fct\u0259madi qaydada ke\u00e7irilm\u0259si t\u0259klif edilib. T\u0259klif m\u0259mnunluqla q\u0259bul olunub.&hellip;<\/p>\n","protected":false},"author":2,"featured_media":734492,"comment_status":"closed","ping_status":"closed","sticky":false,"template":"","format":"standard","meta":{"om_disable_all_campaigns":false,"_monsterinsights_skip_tracking":false,"_monsterinsights_sitenote_active":false,"_monsterinsights_sitenote_note":"","_monsterinsights_sitenote_category":0},"categories":[4],"tags":[],"aioseo_notices":[],"gutentor_comment":0,"rttpg_featured_image_url":{"full":["https:\/\/arantv.az\/wp-content\/uploads\/2024\/07\/975e6107163153603749566638310892081.jpg",975,540,false],"landscape":["https:\/\/arantv.az\/wp-content\/uploads\/2024\/07\/975e6107163153603749566638310892081.jpg",975,540,false],"portraits":["https:\/\/arantv.az\/wp-content\/uploads\/2024\/07\/975e6107163153603749566638310892081.jpg",975,540,false],"thumbnail":["https:\/\/arantv.az\/wp-content\/uploads\/2024\/07\/975e6107163153603749566638310892081-500x280.jpg",500,280,true],"medium":["https:\/\/arantv.az\/wp-content\/uploads\/2024\/07\/975e6107163153603749566638310892081-660x365.jpg",660,365,true],"large":["https:\/\/arantv.az\/wp-content\/uploads\/2024\/07\/975e6107163153603749566638310892081-840x465.jpg",640,354,true],"1536x1536":["https:\/\/arantv.az\/wp-content\/uploads\/2024\/07\/975e6107163153603749566638310892081.jpg",975,540,false],"2048x2048":["https:\/\/arantv.az\/wp-content\/uploads\/2024\/07\/975e6107163153603749566638310892081.jpg",975,540,false],"post-thumbnail":["https:\/\/arantv.az\/wp-content\/uploads\/2024\/07\/975e6107163153603749566638310892081-240x172.jpg",240,172,true],"advps-thumb-one":["https:\/\/arantv.az\/wp-content\/uploads\/2024\/07\/975e6107163153603749566638310892081.jpg",975,540,false]},"rttpg_author":{"display_name":"V\u00fcsal Rafiqo\u011flu","author_link":"https:\/\/arantv.az\/?author=2"},"rttpg_comment":0,"rttpg_category":"<a href=\"https:\/\/arantv.az\/?cat=4\" rel=\"category\">Siyas\u0259t<\/a>","rttpg_excerpt":"Az\u0259rbaycan, T\u00fcrkiy\u0259 v\u0259 Pakistan\u0131n silahl\u0131 q\u00fcvv\u0259l\u0259ri m\u00fct\u0259madi qaydada birg\u0259 t\u0259liml\u0259r ke\u00e7ir\u0259c\u0259kl\u0259r. ARANTV.AZ\u00a0 x\u0259b\u0259r verir ki,\u00a0bu bar\u0259d\u0259 iyulun 3-d\u0259 Astanada Az\u0259rbaycan Respublikas\u0131n\u0131n Prezidenti \u0130lham \u018fliyev, T\u00fcrkiy\u0259 Respublikas\u0131n\u0131n Prezidenti R\u0259c\u0259b Tayyib \u018frdo\u011fan v\u0259 Pakistan \u0130slam Respublikas\u0131n\u0131n Ba\u015f naziri M\u0259h\u0259mm\u0259d \u015eahbaz \u015e\u0259rif aras\u0131nda \u00fc\u00e7t\u0259r\u0259fli g\u00f6r\u00fc\u015fd\u0259 raz\u0131l\u0131q \u0259l\u0259 edilib. G\u00f6r\u00fc\u015fd\u0259 m\u00fcdafi\u0259 v\u0259 m\u00fcdafi\u0259 s\u0259nayesi sah\u0259l\u0259rind\u0259 \u0259m\u0259kda\u015fl\u0131q m\u0259s\u0259l\u0259l\u0259rin\u0259 toxunulub, 2021-ci&hellip;","_links":{"self":[{"href":"https:\/\/arantv.az\/index.php?rest_route=\/wp\/v2\/posts\/734491"}],"collection":[{"href":"https:\/\/arantv.az\/index.php?rest_route=\/wp\/v2\/posts"}],"about":[{"href":"https:\/\/arantv.az\/index.php?rest_route=\/wp\/v2\/types\/post"}],"author":[{"embeddable":true,"href":"https:\/\/arantv.az\/index.php?rest_route=\/wp\/v2\/users\/2"}],"replies":[{"embeddable":true,"href":"https:\/\/arantv.az\/index.php?rest_route=%2Fwp%2Fv2%2Fcomments&post=734491"}],"version-history":[{"count":0,"href":"https:\/\/arantv.az\/index.php?rest_route=\/wp\/v2\/posts\/734491\/revisions"}],"wp:featuredmedia":[{"embeddable":true,"href":"https:\/\/arantv.az\/index.php?rest_route=\/wp\/v2\/media\/734492"}],"wp:attachment":[{"href":"https:\/\/arantv.az\/index.php?rest_route=%2Fwp%2Fv2%2Fmedia&parent=734491"}],"wp:term":[{"taxonomy":"category","embeddable":true,"href":"https:\/\/arantv.az\/index.php?rest_route=%2Fwp%2Fv2%2Fcategories&post=734491"},{"taxonomy":"post_tag","embeddable":true,"href":"https:\/\/arantv.az\/index.php?rest_route=%2Fwp%2Fv2%2Ftags&post=734491"}],"curies":[{"name":"wp","href":"https:\/\/api.w.org\/{rel}","templated":true}]}}