{"id":734494,"date":"2024-07-04T09:25:14","date_gmt":"2024-07-04T05:25:14","guid":{"rendered":"https:\/\/arantv.az\/?p=734494"},"modified":"2024-07-04T09:25:14","modified_gmt":"2024-07-04T05:25:14","slug":"az%c9%99rbaycanin-s%c9%99sinin-dunyada-esidilm%c9%99si-baximindan-cox-vacib-platforma-s%c9%99rh","status":"publish","type":"post","link":"https:\/\/arantv.az\/?p=734494","title":{"rendered":"Az\u0259rbaycan\u0131n s\u0259sinin d\u00fcnyada e\u015fidilm\u0259si bax\u0131m\u0131ndan \u00e7ox vacib platforma &#8211; \u015e\u018fRH"},"content":{"rendered":"<p><em><strong>Prezident \u0130lham \u018fliyevin t\u0259kc\u0259 k\u0259miyy\u0259t\u00a0 deyil,\u00a0 yeni strateji h\u0259d\u0259fl\u0259rin\u00a0 m\u00fc\u0259yy\u0259nl\u0259\u015fdirilm\u0259si bax\u0131m\u0131ndan da c\u0259lbediciliyini qoruyan\u00a0\u00a0 \u015eanxay \u018fm\u0259kda\u015fl\u0131q T\u0259\u015fkilat\u0131n\u0131n Astana Zirg\u0259 g\u00f6r\u00fc\u015f\u00fcnd\u0259 i\u015ftirak\u0131 d\u00fcnyada s\u00fclh\u00fcn, regionda sabitliyin qorunmas\u0131nda maraql\u0131 olan\u00a0 Az\u0259rbaycana artan mara\u011f\u0131n,\u00a0 ox\u015far d\u0259y\u0259rl\u0259r\u0259 sadiqliyin\u00a0 ifad\u0259sidir<\/strong><\/em><\/p>\n<p>M\u00fcst\u0259qilliyini b\u0259rpa etdikd\u0259n sonra \u00a0suveren \u00f6lk\u0259 kimi, \u00a0xarici siyas\u0259tini \u00a0d\u00f6vl\u0259t\u00e7ilik m\u0259nafeyini v\u0259\u00a0 milli maraqlar\u0131n\u0131 qorumaqla\u00a0\u00a0 b\u00fct\u00fcn d\u00f6vl\u0259tl\u0259rl\u0259, n\u00fcfuzlu\u00a0 t\u0259\u015fkilatlarla qar\u015f\u0131l\u0131ql\u0131 \u0259m\u0259kda\u015fl\u0131q, beyn\u0259lxalq h\u00fcquq normalar\u0131na ehtiram, qon\u015fular\u0131n suverenliyi v\u0259 \u0259razi b\u00fct\u00f6vl\u00fcy\u00fcn\u0259 h\u00f6rm\u0259t, daxili i\u015fl\u0259r\u0259 m\u00fcdaxil\u0259 edilm\u0259m\u0259si prinsipl\u0259ri\u00a0 \u0259sas\u0131nda quran v\u0259 \u0259n\u0259n\u0259ni s\u0259daq\u0259tl\u0259 \u00a0davam etdir\u0259n Az\u0259rbaycan d\u00fcnya siyas\u0259tinin aktual probleml\u0259rinin, regional\u00a0 m\u0259s\u0259l\u0259l\u0259rin h\u0259llind\u0259, \u00f6n\u0259mli t\u0259\u015f\u0259bb\u00fcsl\u0259rd\u0259 i\u015ftirak\u0131 il\u0259 d\u0259 f\u0259rql\u0259nir, C\u0259nubi Qafqazda sabitliyin qarant\u0131 kimi tan\u0131n\u0131r. \u00a0Birl\u0259\u015fmi\u015f Mill\u0259tl\u0259r T\u0259\u015fkilat\u0131nda\u00a0 u\u011furla t\u0259msil olunan \u00f6lk\u0259miz NATO v\u0259 Avropa t\u0259sisatlar\u0131 il\u0259 d\u0259\u00a0 \u0259m\u0259kda\u015fl\u0131\u011f\u0131\u00a0 qar\u015f\u0131l\u0131ql\u0131 m\u00fcnasib\u0259tl\u0259r, el\u0259c\u0259 d\u0259 anti-terror koalisiyas\u0131 t\u0259rkibind\u0259 \u00a0davam etdirir.<\/p>\n<p>Haz\u0131rda Az\u0259rbaycan \u00a0m\u00fcasir beyn\u0259lxalq m\u00fcnasib\u0259tl\u0259r sistemind\u0259 \u0259m\u0259kda\u015fl\u0131q \u0259laq\u0259l\u0259rinin qurulmas\u0131na, transmilli layih\u0259l\u0259rin realla\u015fmas\u0131na, Avropa d\u00f6vl\u0259tl\u0259rinin enerji t\u0259hl\u00fck\u0259sizliyin\u0259\u00a0 t\u00f6hf\u0259 ver\u0259n q\u00fcdr\u0259tli\u00a0 g\u00fccl\u00fc aktor, regional g\u00fcc m\u0259rk\u0259zi kimi q\u0259bul edilir, sivilizasiyalararas\u0131 k\u00f6rp\u00fc rolunu u\u011furla davam etdirir. Beyn\u0259lxalq \u0259laq\u0259l\u0259rini geni\u015fl\u0259ndir\u0259n \u00a0\u00a0\u00f6lk\u0259mizin d\u00fcnya birliyin\u0259 \u00a0u\u011furlu inteqrasiyas\u0131\u00a0 Az\u0259rbaycan\u0131n geni\u015f co\u011frafiyan\u0131 \u0259hat\u0259 ed\u0259n\u00a0 diplomatiyas\u0131n\u0131n d\u0259st\u0259kl\u0259nm\u0259sidir.<\/p>\n<p>D\u00fcnyada s\u00fcr\u0259tl\u0259 d\u0259yi\u015fm\u0259kd\u0259 olan geosiyasi \u015f\u0259rait s\u00fclh v\u0259 sabitliyin m\u00f6hk\u0259ml\u0259ndirilm\u0259sind\u0259, iqtisadi inki\u015faf\u0131n g\u00fccl\u0259ndirilm\u0259sind\u0259 , ictimai-siyasi tarazl\u0131\u011f\u0131n qorunmas\u0131nda, t\u0259hl\u00fck\u0259sizliyin t\u0259min edilm\u0259sind\u0259 beyn\u0259lxalq t\u0259\u015fkilatlar\u0131n \u00fcz\u0259rin\u0259\u00a0 daha b\u00f6y\u00fck v\u0259zif\u0259l\u0259r d\u00fc\u015fd\u00fcy\u00fc m\u00fcasir d\u00fcnyam\u0131zda \u00a0\u015eanxay \u018fm\u0259kda\u015fl\u0131q T\u0259\u015fkilat\u0131n\u0131n (\u015e\u018fT) son ill\u0259rd\u0259 beyn\u0259lxalq arenada n\u00fcfuzunun artmas\u0131\u00a0 quruma maraqdan qaynaqlan\u0131r. \u018fsas f\u0259aliyy\u0259t istiqam\u0259tl\u0259rind\u0259n olan regional t\u0259hl\u00fck\u0259sizliyin t\u0259min edilm\u0259si, terrorizm\u0259, separatizm\u0259 v\u0259 ekstremizm\u0259 qar\u015f\u0131 m\u00fcbariz\u0259d\u0259 f\u0259al rol oynayan t\u0259\u015fkilat\u00a0 &#8220;Terrorizm, separatizm v\u0259 ekstremizm\u0259 qar\u015f\u0131 m\u00fcbariz\u0259 haqq\u0131nda&#8221;\u00a015 iyun 2001-ci il tarixli \u015eanxay Konvensiyas\u0131n\u0131n t\u0259l\u0259bl\u0259rind\u0259n ir\u0259li g\u0259l\u0259n prinsipl\u0259r \u0259sas\u0131nda \u00a0f\u0259aliyy\u0259tini u\u011furla davam etdirir. \u0130qtisadi g\u00fcc m\u0259rk\u0259zin\u0259 \u00e7evrilm\u0259k namin\u0259 \u00a0\u00a0s\u0259yl\u0259rini art\u0131ran \u015e\u018fT-in \u00a0\u00abB\u00f6y\u00fck yeddiliyin\u201d alternativi\u00bb adland\u0131r\u0131lmas\u0131 da t\u0259sad\u00fcfi deyil.<\/p>\n<p>2001-ci ild\u0259\u00a0 \u015eanxayda t\u0259sis olunan qurumun S\u0259m\u0259rq\u0259nd sammitind\u0259 \u0130ran\u0131n tamh\u00fcquqlu \u00fczv kimi q\u0259bul edilm\u0259sind\u0259n sonra \u00a0t\u0259\u015fkilat \u00fczvl\u0259rinin say\u0131 9-a \u00e7atd\u0131r\u0131l\u0131b. Bunlar Qazax\u0131stan, \u00c7in, Rusiya, Q\u0131r\u011f\u0131z\u0131stan, \u00d6zb\u0259kistan, Tacikistan, Pakistan, Hindistan v\u0259 \u0130rand\u0131r. \u018ffqan\u0131stan, Monqolustan, Belarus m\u00fc\u015fahid\u0259\u00e7i \u00fczvl\u0259r s\u0131ras\u0131ndad\u0131rlar. Az\u0259rbaycan, T\u00fcrkiy\u0259, \u015eri-Lanka, Kamboca, Nepal, Erm\u0259nistan, Misir, Q\u0259t\u0259r, S\u0259udiyy\u0259 \u018fr\u0259bistan\u0131 is\u0259 t\u0259\u015fkilat\u0131n dialoq t\u0259r\u0259fda\u015flar\u0131d\u0131r. D\u00f6vl\u0259tl\u0259r aras\u0131nda qar\u015f\u0131l\u0131ql\u0131 etimad v\u0259 qon\u015fuluq m\u00fcnasib\u0259tl\u0259rinin g\u00fccl\u0259ndirilm\u0259si, siyas\u0259t, ticar\u0259t v\u0259 iqtisadiyyat, elm v\u0259 texnologiya, m\u0259d\u0259niyy\u0259t, o c\u00fcml\u0259d\u0259n t\u0259hsil, enerji, n\u0259qliyyat, turizm, \u0259traf m\u00fchitin qorunmas\u0131 v\u0259 dig\u0259r sah\u0259l\u0259rd\u0259 s\u0259m\u0259r\u0259li \u00a0\u0259m\u0259kda\u015fl\u0131\u011f\u0131n inki\u015faf etdirilm\u0259si, regionda s\u00fclh, t\u0259hl\u00fck\u0259sizlik v\u0259 sabitliyin \u0259ld\u0259 edilm\u0259si \u00fc\u00e7\u00fcn birg\u0259 s\u0259yl\u0259rin m\u00f6hk\u0259ml\u0259ndirilm\u0259si, yeni siyasi v\u0259 iqtisadi beyn\u0259lxalq d\u00fcz\u0259nin yarad\u0131lmas\u0131 kimi prinsipl\u0259r\u0259 sadiqlik \u00a0\u00a0t\u0259\u015fkilat\u0131n n\u00fcfuzunu daha da art\u0131r\u0131r.<\/p>\n<p>\u015e\u018fT-in iki daimi orqan\u0131 f\u0259aliyy\u0259t g\u00f6st\u0259rir ki, bunlardan biri Pekind\u0259 yerl\u0259\u015f\u0259n Katiblik, dig\u0259ri Da\u015fk\u0259ndd\u0259 yerl\u0259\u015f\u0259n Terrorizm\u0259 qar\u015f\u0131 Regional Strukturdur. \u00a0M\u00fc\u015fahid\u0259\u00e7i v\u0259 dialoq t\u0259r\u0259fda\u015flar\u0131 olan \u00f6lk\u0259l\u0259r d\u0259 n\u0259z\u0259r\u0259 al\u0131nsa, onda d\u00fcnya iqtisadiyyat\u0131n\u0131n yar\u0131s\u0131n\u0131n\u00a0 pay\u0131na sahiblik ed\u0259n\u00a0 \u015e\u018fT \u00a0demoqrafik bax\u0131mdan bir \u00e7ox beyn\u0259lxalq t\u0259\u015fkilatlardan \u00fcst\u00fcnl\u00fcy\u00fcn\u00fc qoruyur.<\/p>\n<p>He\u00e7 bir bloka daxil olmamas\u0131, \u00a0f\u0259aliyy\u0259tinin \u00fc\u00e7\u00fcnc\u00fc \u00f6lk\u0259l\u0259r\u0259 v\u0259 ya dig\u0259r beyn\u0259lxalq t\u0259\u015fkilatlara qar\u015f\u0131 y\u00f6n\u0259lm\u0259m\u0259si, b\u00fct\u00fcn i\u015ftirak\u00e7\u0131lar\u0131n b\u0259rab\u0259rliyi v\u0259 suverenliyin\u0259 h\u00f6rm\u0259ti, daxili i\u015fl\u0259r\u0259 qar\u0131\u015fmaqdan imtina etm\u0259si v\u0259 m\u00fcnaqi\u015f\u0259l\u0259rin qar\u015f\u0131s\u0131n\u0131n al\u0131nmas\u0131 prinsipl\u0259rin\u0259 sadiqliliyi\u00a0 g\u00f6st\u0259rir ki, t\u0259\u015fkilat t\u0259kc\u0259 k\u0259miyy\u0259t bax\u0131m\u0131ndan deyil, h\u0259m d\u0259 yeni strateji h\u0259d\u0259fl\u0259rin \u00a0m\u00fc\u0259yy\u0259nl\u0259\u015fdirilm\u0259si bax\u0131m\u0131ndan da c\u0259lbedicidir.<\/p>\n<p>D\u00fcnyada s\u00fclh\u00fcn, b\u00f6lg\u0259d\u0259 sabitliyin t\u0259r\u0259fdar\u0131 olan Az\u0259rbaycan\u0131n \u015eanxay \u018fm\u0259kda\u015fl\u0131q T\u0259\u015fkilat\u0131 il\u0259 \u0259laq\u0259l\u0259r\u0259 b\u00f6y\u00fck \u00f6n\u0259m verm\u0259si ox\u015far d\u0259y\u0259rl\u0259r\u0259 sadiqliyin g\u00f6st\u0259ricisidir.<\/p>\n<p>\u015e\u018fT-d\u0259 dialoq t\u0259r\u0259fda\u015f\u0131 statusuna sahib olan Az\u0259rbaycan t\u0259\u015fkilatla \u0259m\u0259kda\u015fl\u0131\u011f\u0131n\u0131 daha da d\u0259rinl\u0259\u015fdirm\u0259k, m\u00fc\u015fahid\u0259\u00e7i, daha sonra is\u0259 tamh\u00fcquqlu \u00fczv olmaqda maraql\u0131d\u0131r. \u00a0\u00a0Az\u0259rbaycan\u0131n Avrasiya m\u0259kan\u0131nda \u0259sas tranzit qov\u015fa\u011fa \u00e7evrilm\u0259si, Orta D\u0259hliz layih\u0259sinin \u0259sas t\u0259r\u0259fda\u015flar\u0131ndan olmas\u0131, \u015eimal-C\u0259nub, \u015e\u0259rq-Q\u0259rb d\u0259hlizl\u0259rinin qov\u015fa\u011f\u0131nda yerl\u0259\u015fm\u0259si, malik oldu\u011fu \u00a0\u0259lveri\u015fli n\u0259qliyyat infrastrukturu \u00f6lk\u0259mizin \u015e\u018fT \u00fc\u00e7\u00fcn \u0259h\u0259miyy\u0259tini daha da art\u0131r\u0131r.<\/p>\n<p>Z\u0259ng\u0259zur d\u0259hlizinin a\u00e7\u0131lmas\u0131nda maraql\u0131 olan \u00a0\u015e\u018fT -\u0131n \u00f6lk\u0259mizl\u0259 \u0259m\u0259kda\u015fl\u0131\u011fa b\u00f6y\u00fck \u00f6n\u0259m verm\u0259si quruma daxil olan d\u00f6vl\u0259tl\u0259rin xarici siyas\u0259tin\u0259, n\u0259qliyyat \u2013logistika sferas\u0131n\u0131n geni\u015fl\u0259nm\u0259sin\u0259 d\u0259 uy\u011fundur. \u015e\u018fT-in S\u0259m\u0259rq\u0259ndd\u0259 ke\u00e7iril\u0259n Sammitind\u0259\u00a0 d\u0259hlizl\u0259 ba\u011fl\u0131 fikirl\u0259rini \u00a0\u00abZ\u0259ng\u0259zur d\u0259hlizinin a\u00e7\u0131lmas\u0131 region \u00f6lk\u0259l\u0259rinin n\u0259qliyyat imkanlar\u0131n\u0131 daha da art\u0131racaq v\u0259 bu mar\u015frut \u00fcz\u0259rind\u0259 yerl\u0259\u015f\u0259n b\u00fct\u00fcn \u00f6lk\u0259l\u0259r \u00fc\u00e7\u00fcn faydal\u0131 olacaq\u00bb s\u00f6zl\u0259ri il\u0259 ifad\u0259 ed\u0259n Prezident \u0130lham \u018fliyev \u201d \u0130kinci \u00a0Qaraba\u011f m\u00fcharib\u0259sind\u0259\u00a0 qazand\u0131\u011f\u0131m\u0131z Z\u0259f\u0259ri C\u0259nubi Qafqazda \u00a0n\u0259qliyyat-kommunikasiya layih\u0259l\u0259rinin inki\u015faf\u0131 \u00fc\u00e7\u00fcn yeni imkanlar yaratd\u0131\u011f\u0131n\u0131 da bildirib. \u015e\u018fT Az\u0259rbaycan\u0131n s\u0259sinin d\u00fcnyada e\u015fidilm\u0259si bax\u0131m\u0131ndan da \u00e7ox vacib platformad\u0131r. \u00a0\u00a0T\u0259sad\u00fcfi deyil ki, \u00a0t\u0259\u015fkilata Q\u0259rb d\u00f6vl\u0259tl\u0259ri t\u0259r\u0259find\u0259n d\u0259 maraq artmaqdad\u0131r.<\/p>\n<p>\u015e\u018fT d\u00f6vl\u0259tl\u0259rin vahid m\u00f6vqeyini \u0259ks etdir\u0259n \u00a0S\u0259m\u0259rq\u0259nd B\u0259yannam\u0259si qurumun co\u011frafiyas\u0131n\u0131n geni\u015fl\u0259n\u0259c\u0259yin\u0259 , \u0259m\u0259kda\u015fl\u0131\u011f\u0131n d\u0259rinl\u0259\u015f\u0259c\u0259yin\u0259 \u0259minliyi daha da art\u0131r\u0131r. \u018fn ba\u015fl\u0131cas\u0131 is\u0259 t\u0259\u015fkilat\u0131n\u00a0 f\u0259aliyy\u0259t istiqam\u0259tl\u0259rinin Az\u0259rbaycan\u0131n maraqlar\u0131na tam cavab verm\u0259sidir. \u00a0\u00a0T\u0259\u015fkilata \u00fczv\u00a0 d\u00f6vl\u0259tl\u0259rl\u0259 m\u00fcnasib\u0259tl\u0259rin qar\u015f\u0131l\u0131ql\u0131 maraq \u0259sas\u0131nda inki\u015faf\u0131 \u00a0\u00f6lk\u0259mizin beyn\u0259lxalq \u0259laq\u0259l\u0259rind\u0259 yeni s\u0259hif\u0259 a\u00e7maqla yana\u015f\u0131, onun siyasi, iqtisadi v\u0259 dig\u0259r m\u00fch\u00fcm parametrl\u0259r bax\u0131m\u0131ndan daha da g\u00fccl\u0259nm\u0259si dem\u0259kdir.<\/p>\n<p>\u015eanxay \u018fm\u0259kda\u015fl\u0131q T\u0259\u015fkilat\u0131n\u0131n (\u015e\u018fT) s\u0259dri statusunda Qazax\u0131stan Respublikas\u0131n\u0131n Prezidenti Kas\u0131m-Jomart Tokayevin d\u0259v\u0259ti il\u0259 \u015e\u018fT-in Zirv\u0259 toplant\u0131s\u0131nda i\u015ftirak etm\u0259k \u00fc\u00e7\u00fcn\u00a0 Prezident \u0130lham \u018fliyev iyulun 3-d\u0259 Astanaya s\u0259f\u0259ri m\u00fcnasib\u0259tl\u0259ri daha da geni\u015fl\u0259ndir\u0259c\u0259k.<\/p>\n<p>X\u0259b\u0259r verildiyi kimi, \u00ab\u015e\u018fT+\u00bb format\u0131nda ke\u00e7iril\u0259c\u0259k toplant\u0131da \u00a016 \u00f6lk\u0259nin d\u00f6vl\u0259t v\u0259 h\u00f6kum\u0259t ba\u015f\u00e7\u0131lar\u0131 i\u015ftirak ed\u0259c\u0259k. Az\u0259rbaycan\u0131n bel\u0259 m\u00f6t\u0259b\u0259r t\u0259\u015fkilat\u0131n Sammitin\u0259 ikinci d\u0259f\u0259 d\u0259v\u0259t olunmas\u0131 \u00f6lk\u0259mizin, x\u00fcsusil\u0259 Prezident \u0130lham \u018fliyevin d\u00fcnya miqyas\u0131nda g\u00fccl\u0259n\u0259n \u00a0n\u00fcfuzunun v\u0259 d\u00f6vl\u0259timizin ba\u015f\u00e7\u0131s\u0131na g\u00f6st\u0259ril\u0259n y\u00fcks\u0259k ehtiram\u0131n ifad\u0259sidir. \u00ab\u00c7oxt\u0259r\u0259fli dialoqun m\u00f6hk\u0259ml\u0259ndirilm\u0259si &#8211; davaml\u0131 s\u00fclh\u0259 v\u0259 inki\u015fafa nail olmaq\u00bb\u201d m\u00f6vzusuna h\u0259sr olunan \u00a0Zirv\u0259 g\u00f6r\u00fc\u015f\u00fcnd\u0259 \u015e\u018fT-\u0259 \u00fczv \u00f6lk\u0259l\u0259rin d\u00f6vl\u0259t v\u0259 h\u00f6kum\u0259t ba\u015f\u00e7\u0131lar\u0131 siyasi, iqtisadi-ticari, m\u0259d\u0259ni-humanitar \u0259m\u0259kda\u015fl\u0131q v\u0259 dig\u0259r m\u0259s\u0259l\u0259l\u0259r\u0259 dair geni\u015f spektrd\u0259 aktual m\u00f6vzular\u0131 m\u00fczakir\u0259 ed\u0259c\u0259kl\u0259r. \u018fsas siyasi s\u0259n\u0259d olan Astana B\u0259yannam\u0259si \u015e\u018fT-in bir \u00e7ox aktual m\u0259s\u0259l\u0259l\u0259rl\u0259 ba\u011fl\u0131 m\u00f6vqeyini ortaya qoyacaq, t\u0259\u015fkilat\u0131n f\u0259aliyy\u0259tini qiym\u0259tl\u0259ndir\u0259c\u0259k v\u0259 g\u0259l\u0259c\u0259k \u00fc\u00e7\u00fcn istiqam\u0259tl\u0259ri m\u00fc\u0259yy\u0259nl\u0259\u015fdir\u0259c\u0259k. Xat\u0131rladaq ki, 2022-ci ilin sentyabr\u0131nda S\u0259m\u0259rq\u0259ndd\u0259 ke\u00e7iril\u0259n Zirv\u0259 g\u00f6r\u00fc\u015f\u00fcnd\u0259 Belarusun bu t\u0259\u015fkilat \u00e7\u0259r\u00e7iv\u0259sind\u0259 statusunun \u00fczv d\u00f6vl\u0259t s\u0259viyy\u0259sin\u0259 y\u00fcks\u0259ldilm\u0259si prosesi ba\u015flan\u0131b. Astana Sammitind\u0259 Belarusun \u015eanxay \u018fm\u0259kda\u015fl\u0131q T\u0259\u015fkilat\u0131na qo\u015fulmas\u0131 bar\u0259d\u0259 q\u0259rar q\u0259bul edil\u0259c\u0259k. \u00a0\u00d6lk\u0259mizin beyn\u0259lxalq m\u00fcst\u0259vid\u0259 rolunun\u00a0 artd\u0131\u011f\u0131, n\u00fcfuzunun m\u00f6hk\u0259ml\u0259ndiyi, \u00a0sivilizasiyalararas\u0131 dialoq m\u0259kan\u0131 ad\u0131n do\u011frultdu\u011fu, multikultural d\u0259y\u0259rl\u0259r\u0259 sadiqliyinin, tolerantl\u0131q \u0259n\u0259n\u0259l\u0259rinin t\u0259bli\u011f olundu\u011fu, d\u0259st\u0259kl\u0259ndiyi bir m\u0259qamda\u00a0 Prezident \u0130lham \u018fliyevin\u00a0 t\u0259\u015fkilata s\u0259drlik ed\u0259n\u00a0 qarda\u015f \u00f6lk\u0259y\u0259, \u00a0Qazax\u0131stana s\u0259f\u0259ri, bel\u0259 m\u00f6t\u0259b\u0259r Sammitd\u0259 i\u015ftirak\u0131 \u00f6lk\u0259mizin \u00f6z\u00fcn\u00fc do\u011fruldan\u00a0 diplomatiyas\u0131na \u0259lav\u0259 divident qazand\u0131r\u0131r.<\/p>\n<p>D\u00f6vl\u0259t ba\u015f\u00e7\u0131m\u0131z\u0131n bu c\u00fcr n\u00fcfuzlu \u00a0beyn\u0259lxalq platformada\u00a0 n\u00f6vb\u0259ti d\u0259f\u0259 i\u015ftirak\u0131 \u00f6lk\u0259mizin s\u00fclh, sabitlik, t\u0259r\u0259qqi, dini radikalizm\u0259, beyn\u0259lxalq terrora qar\u015f\u0131 m\u00fcbariz\u0259d\u0259\u00a0 q\u0259tiyy\u0259tl\u0259 davam etdirdiyi siyas\u0259t\u0259 tam uy\u011fundur.\u00a0 Daha d\u0259qiq ifad\u0259 edils\u0259, t\u0259\u015fkilata \u00fczv d\u00f6vl\u0259tl\u0259rl\u0259\u00a0 ikit\u0259r\u0259fli \u0259m\u0259kda\u015fl\u0131\u011fa b\u00f6y\u00fck \u00f6n\u0259m ver\u0259n\u00a0\u00a0 \u00a0Az\u0259rbaycan\u0131n bu Sammitd\u0259 i\u015ftirak\u0131 \u00f6lk\u0259mizin multilateralizm\u0259 verdiyi \u00f6n\u0259min g\u00f6st\u0259ricisidir. \u00a0Xat\u0131rladaq ki, \u00a0\u015eanxay \u018fm\u0259kda\u015fl\u0131q T\u0259\u015fkilat\u0131n\u0131n Ba\u015f katibi Can Min bu ilin fevral\u0131nda Bak\u0131da Prezident \u0130lham \u018fliyev t\u0259r\u0259find\u0259n q\u0259bul edil\u0259rk\u0259n qonaq \u00f6lk\u0259mizin \u015e\u018fT-in f\u0259al t\u0259r\u0259fda\u015flar\u0131ndan biri oldu\u011funu v\u0259 Az\u0259rbaycan il\u0259 \u0259laq\u0259l\u0259rin h\u0259rt\u0259r\u0259fli inki\u015faf\u0131na \u0259h\u0259miyy\u0259t verildiyini bildirib. Bel\u0259ki, bu m\u00f6t\u0259b\u0259r t\u0259\u015fkilatla \u0259m\u0259kda\u015fl\u0131\u011f\u0131n\u0131 u\u011furla inki\u015faf etdir\u0259n Prezident\u00a0 \u0130lham \u018fliyevin d\u00fc\u015f\u00fcn\u00fclm\u00fc\u015f siyas\u0259ti il\u0259 Az\u0259rbaycan\u0131n \u015e\u018fT-in m\u00fc\u015fahid\u0259\u00e7i statusu almas\u0131\u00a0 qurum, eyni zamanda\u00a0 \u00f6lk\u0259miz \u00fc\u00e7\u00fcn \u00f6n\u0259mlidr. G\u0259nc m\u00fcst\u0259qil d\u00f6vl\u0259t olmas\u0131na baxmayaraq,\u00a0 d\u00fcnyada m\u00f6t\u0259b\u0259r beyn\u0259lxalq qurumlara u\u011furla r\u0259hb\u0259rlik ed\u0259n \u00f6lk\u0259, qlobal s\u0259viyy\u0259li m\u0259s\u0259l\u0259l\u0259rin m\u00fczakir\u0259 olundu\u011fu m\u00fch\u00fcm platforma oldu\u011funu s\u00fcbut ed\u0259n, 2011-ci ild\u0259 d\u00fcnyan\u0131n 155 d\u00f6vl\u0259tinin d\u0259st\u0259yi il\u0259 \u00a0BMT T\u0259hl\u00fck\u0259sizlik \u015euras\u0131n\u0131n qeyri-daimi \u00fczv\u00fc se\u00e7il\u0259n, Qo\u015fulmama H\u0259r\u0259kat\u0131na u\u011furla s\u0259drlik ed\u0259n, COVID-19 pandemiyas\u0131 d\u00f6vr\u00fcnd\u0259 \u00abpeyv\u0259nd mill\u0259t\u00e7iliyi\u00bbn\u0259 qar\u015f\u0131 m\u00fcbariz\u0259 \u00e7a\u011f\u0131r\u0131\u015f\u0131 il\u0259 tolerantl\u0131q missiyas\u0131n\u0131 yerin\u0259 yetir\u0259n \u00f6lk\u0259mizin bu il COP29 kimi \u0259n n\u00fcfuzlu t\u0259dbir\u0259 ev sahibliyi etm\u0259si il\u0259 ba\u011fl\u0131 \u00a0\u00a0q\u0259rar\u0131n beyn\u0259lxalq s\u0259viyy\u0259d\u0259, yekdilikl\u0259 d\u0259st\u0259kl\u0259nm\u0259si Prezident \u0130lham \u018fliyevin d\u00fcnyada b\u00f6y\u00fck h\u00f6rm\u0259t v\u0259 n\u00fcfuz sahibi olmas\u0131n\u0131n g\u00f6st\u0259ricisidir. Eyni zamanda \u00a0\u00f6lk\u0259mizin siyasi, iqtisadi, humanitar platforma rolunu u\u011furla\u00a0 davam etdirm\u0259sinin n\u0259tic\u0259sidir. D\u00f6vl\u0259t ba\u015f\u00e7\u0131m\u0131z\u0131n \u00a0Astana Sammitind\u0259 i\u015ftirak\u0131 Az\u0259rbaycan\u0131n COP29 il\u0259 ba\u011fl\u0131 mesajlar\u0131n\u0131n bu m\u00f6t\u0259b\u0259r platforma vasit\u0259sil\u0259 \u00a0d\u00fcnya ictimaiyy\u0259tin\u0259 \u00e7atd\u0131r\u0131lmas\u0131, el\u0259c\u0259 d\u0259 bu istiqam\u0259td\u0259 s\u0259m\u0259r\u0259li m\u00fczakir\u0259l\u0259rin apar\u0131lmas\u0131 bax\u0131m\u0131ndan da \u00e7ox \u0259h\u0259miyy\u0259tlidir. Az\u0259rbaycan\u0131n m\u00fch\u00fcm beyn\u0259lxalq n\u0259qliyyat v\u0259 logistika m\u0259rk\u0259zin\u0259 \u00e7evrilm\u0259si, \u015e\u0259rq-Q\u0259rb v\u0259 \u015eimal-C\u0259nub N\u0259qliyyat d\u0259hlizl\u0259ri kimi regional kommunikasiya layih\u0259l\u0259rinin \u00a0\u0259sas i\u015ftirak\u00e7\u0131lar\u0131ndan olmas\u0131 t\u0259\u015fkilatla Az\u0259rbaycan\u0131n\u00a0 m\u00f6vqel\u0259rini daha da yax\u0131nla\u015fd\u0131r\u0131r.<\/p>\n<p>\u018fsas\u0131 \u00dcmummilli Lider Heyd\u0259r \u018fliyev t\u0259r\u0259find\u0259n qoyulmu\u015f strategiyan\u0131n u\u011furla davam etdirilm\u0259si n\u0259tic\u0259sind\u0259 Az\u0259rbaycan d\u00fcnyan\u0131n \u0259sas y\u00fck ax\u0131n\u0131 istiqam\u0259ti olan \u00c7in-Avropa-\u00c7in aras\u0131nda \u0259sas k\u00f6rp\u00fcy\u0259 \u00e7evrilib. D\u00fcnyada v\u0259 regionda ba\u015f ver\u0259n geosiyasi hadis\u0259l\u0259rl\u0259 \u0259laq\u0259dar Transx\u0259z\u0259r Beyn\u0259lxalq N\u0259qliyyat D\u0259hlizi \u2013 Orta D\u0259hliz M\u0259rk\u0259zi Asiya \u00f6lk\u0259l\u0259ri v\u0259 X\u0259z\u0259r d\u0259nizi \u00fcz\u0259rind\u0259n ke\u00e7m\u0259kl\u0259 Avropa il\u0259 Asiyan\u0131 birl\u0259\u015fdir\u0259n \u0259n q\u0131sa v\u0259 rahat mar\u015frutdur. Xat\u0131rladaq ki, Orta D\u0259hlizin t\u0259rkib hiss\u0259si olan Bak\u0131-Tbilisi-Qars d\u0259mir yolu m\u0259hz Az\u0259rbaycan\u0131n t\u0259\u015f\u0259bb\u00fcs\u00fc, s\u0259rmay\u0259l\u0259ri hesab\u0131na realla\u015f\u0131b. Bu amil Orta D\u0259hlizin \u00f6n\u0259mini art\u0131rmaqla yana\u015f\u0131, geni\u015f \u0259razini \u0259hat\u0259 ed\u0259n \u00a0\u00f6lk\u0259l\u0259r aras\u0131nda \u0259m\u0259kda\u015fl\u0131\u011f\u0131n\u00a0 inki\u015faf\u0131 bax\u0131m\u0131ndan unikal imkanlar t\u0259qdim edir.<\/p>\n<p>Bel\u0259likl\u0259, Az\u0259rbaycan\u0131n \u015eanxay \u018fm\u0259kda\u015fl\u0131q T\u0259\u015fkilat\u0131 kimi m\u00f6t\u0259b\u0259r qurumun Sammitind\u0259 n\u00f6vb\u0259ti d\u0259f\u0259 i\u015ftirak\u0131 d\u00fcnyada q\u0259tiyy\u0259tli v\u0259 uzaqg\u00f6r\u0259n lider kimi b\u00f6y\u00fck n\u00fcfuz qazanm\u0131\u015f Prezident \u0130lham \u018fliyev \u015f\u0259xsiyy\u0259tin\u0259 d\u0259rin h\u00f6rm\u0259t v\u0259 ehtiram\u0131n g\u00f6st\u0259ricisidir. Az\u0259rbaycan\u0131n bu t\u0259dbird\u0259 i\u015ftirak\u0131, eyni zamanda, \u00f6lk\u0259mizin \u015e\u0259rq il\u0259 Q\u0259rb aras\u0131nda b\u00fct\u00fcn sah\u0259l\u0259rd\u0259 m\u00fch\u00fcm k\u00f6rp\u00fc rolunu oynamas\u0131n\u0131n \u0259yani t\u0259sdiqi say\u0131la bil\u0259r.<\/p>\n<p>G\u00f6r\u00fcnd\u00fcy\u00fc kimi, Az\u0259rbaycan\u0131n son ill\u0259r beyn\u0259lxalq arenada artan n\u00fcfuzunun, h\u0259m\u00e7inin Avrasiya m\u0259kan\u0131nda \u0259sas tranzit qov\u015fa\u011fa \u00e7evrilm\u0259sinin m\u0259ntiqi n\u0259tic\u0259si olan\u00a0 Az\u0259rbaycan\u0131n \u00a0\u015e\u018fT il\u0259 daha s\u0131x \u0259m\u0259kda\u015fl\u0131\u011f\u0131n\u0131 \u015f\u0259rtl\u0259ndir\u0259n amill\u0259rin \u0259ks\u0259riyy\u0259ti beyn\u0259lxalq \u0259h\u0259hmiyy\u0259tli m\u0259s\u0259l\u0259l\u0259rdir. Haz\u0131rda d\u00fcnyan\u0131n \u0259n b\u00f6y\u00fck beyn\u0259lxalq t\u0259dbirl\u0259rind\u0259n olan COP29-a haz\u0131rl\u0131q \u00e7\u0259r\u00e7iv\u0259sind\u0259 \u015eanxay \u018fm\u0259kda\u015fl\u0131q T\u0259\u015fkilat\u0131 il\u0259 \u00f6lk\u0259miz aras\u0131nda \u0259m\u0259kda\u015fl\u0131q m\u0259s\u0259l\u0259l\u0259ri diqq\u0259t m\u0259rk\u0259zind\u0259 saxlan\u0131l\u0131r. Heyd\u0259r \u018fliyev Fondu da \u015e\u018fT il\u0259 \u0259m\u0259kda\u015fl\u0131q \u0259laq\u0259l\u0259rinin g\u00fccl\u0259ndirilm\u0259sin\u0259 m\u00fch\u00fcm t\u00f6hf\u0259 verir. Fondun t\u0259\u015fkilat\u00e7\u0131l\u0131\u011f\u0131 il\u0259 \u015e\u018fT-in Pekind\u0259ki m\u0259nzil-q\u0259rargah\u0131nda 2018-ci ild\u0259 Az\u0259rbaycan m\u0259d\u0259niyy\u0259ti g\u00fcn\u00fc, 2021-ci ild\u0259 is\u0259\u00a0 dahi Az\u0259rbaycan \u015fairi Nizami G\u0259nc\u0259vinin 880 illik yubileyi qeyd edilib v\u0259 q\u0259rargahda Nizami G\u0259nc\u0259vinin b\u00fcst\u00fc qoyulub. \u00a0\u018fn \u00f6n\u0259mlisi budur ki, N.G\u0259nc\u0259vi \u00c7in filosofu Konfutsid\u0259n sonra \u015e\u018fT-in q\u0259rargah\u0131nda b\u00fcst\u00fc qoyulmu\u015f ikinci tarixi \u015f\u0259xsiyy\u0259tdir.<\/p>\n<p>Astana zirv\u0259 g\u00f6r\u00fc\u015f\u00fc Az\u0259rbaycan \u00fc\u00e7\u00fcn t\u0259\u015fkilat il\u0259 \u0259m\u0259kda\u015fl\u0131\u011f\u0131n daha geni\u015f sah\u0259l\u0259ri \u0259hat\u0259 etm\u0259kl\u0259, g\u0259l\u0259c\u0259k inki\u015faf perspektivl\u0259rinin m\u00fc\u0259yy\u0259n edilm\u0259si bax\u0131m\u0131ndan b\u00f6y\u00fck \u0259h\u0259miyy\u0259t da\u015f\u0131yacaq. B\u00fct\u00fcn bunlar Az\u0259rbaycan\u0131n xarici siyas\u0259tinin, u\u011furlu \u00e7oxt\u0259r\u0259fli v\u0259 ikit\u0259r\u0259fli diplomatiyas\u0131n\u0131n t\u0259zah\u00fcr\u00fcd\u00fcr. Az\u0259rbaycan\u0131n COP29-a s\u0259drliyi \u00f6lk\u0259nin qlobal s\u0259viyy\u0259d\u0259 siyas\u0259t y\u00fcr\u00fcd\u0259n \u00f6lk\u0259 oldu\u011funu, qlobal aktor kimi tan\u0131nd\u0131\u011f\u0131n\u0131 \u00a0v\u0259 d\u00fcnyan\u0131n apar\u0131c\u0131 \u00f6lk\u0259l\u0259rinin Az\u0259rbaycanla \u0259m\u0259kda\u015fl\u0131\u011f\u0131 g\u00fccl\u0259ndirm\u0259kd\u0259 maraql\u0131 olduqlar\u0131n\u0131 g\u00f6st\u0259rir.<\/p>\n<p><strong>Xuraman \u0130smay\u0131lq\u0131z\u0131,\u00a0<\/strong><em>\u00ab\u0130ki sahil\u00bb<\/em><\/p>\n","protected":false},"excerpt":{"rendered":"<p>Prezident \u0130lham \u018fliyevin t\u0259kc\u0259 k\u0259miyy\u0259t\u00a0 deyil,\u00a0 yeni strateji h\u0259d\u0259fl\u0259rin\u00a0 m\u00fc\u0259yy\u0259nl\u0259\u015fdirilm\u0259si bax\u0131m\u0131ndan da c\u0259lbediciliyini qoruyan\u00a0\u00a0 \u015eanxay \u018fm\u0259kda\u015fl\u0131q T\u0259\u015fkilat\u0131n\u0131n Astana Zirg\u0259 g\u00f6r\u00fc\u015f\u00fcnd\u0259 i\u015ftirak\u0131 d\u00fcnyada s\u00fclh\u00fcn, regionda sabitliyin qorunmas\u0131nda maraql\u0131 olan\u00a0 Az\u0259rbaycana artan mara\u011f\u0131n,\u00a0 ox\u015far d\u0259y\u0259rl\u0259r\u0259 sadiqliyin\u00a0 ifad\u0259sidir M\u00fcst\u0259qilliyini b\u0259rpa etdikd\u0259n sonra \u00a0suveren \u00f6lk\u0259 kimi, \u00a0xarici siyas\u0259tini \u00a0d\u00f6vl\u0259t\u00e7ilik m\u0259nafeyini v\u0259\u00a0 milli maraqlar\u0131n\u0131 qorumaqla\u00a0\u00a0 b\u00fct\u00fcn d\u00f6vl\u0259tl\u0259rl\u0259, n\u00fcfuzlu\u00a0 t\u0259\u015fkilatlarla qar\u015f\u0131l\u0131ql\u0131 \u0259m\u0259kda\u015fl\u0131q, beyn\u0259lxalq h\u00fcquq normalar\u0131na ehtiram, qon\u015fular\u0131n suverenliyi v\u0259 \u0259razi b\u00fct\u00f6vl\u00fcy\u00fcn\u0259 h\u00f6rm\u0259t, daxili i\u015fl\u0259r\u0259 m\u00fcdaxil\u0259 edilm\u0259m\u0259si prinsipl\u0259ri\u00a0 \u0259sas\u0131nda quran v\u0259 \u0259n\u0259n\u0259ni s\u0259daq\u0259tl\u0259 \u00a0davam etdir\u0259n Az\u0259rbaycan d\u00fcnya siyas\u0259tinin aktual probleml\u0259rinin, regional\u00a0 m\u0259s\u0259l\u0259l\u0259rin h\u0259llind\u0259, \u00f6n\u0259mli t\u0259\u015f\u0259bb\u00fcsl\u0259rd\u0259 i\u015ftirak\u0131 il\u0259&hellip;<\/p>\n","protected":false},"author":2,"featured_media":734495,"comment_status":"closed","ping_status":"closed","sticky":false,"template":"","format":"standard","meta":{"om_disable_all_campaigns":false,"_monsterinsights_skip_tracking":false,"_monsterinsights_sitenote_active":false,"_monsterinsights_sitenote_note":"","_monsterinsights_sitenote_category":0},"categories":[19],"tags":[],"aioseo_notices":[],"gutentor_comment":0,"rttpg_featured_image_url":{"full":["https:\/\/arantv.az\/wp-content\/uploads\/2024\/07\/b8b2926b172002164375429947410326009.jpg",975,540,false],"landscape":["https:\/\/arantv.az\/wp-content\/uploads\/2024\/07\/b8b2926b172002164375429947410326009.jpg",975,540,false],"portraits":["https:\/\/arantv.az\/wp-content\/uploads\/2024\/07\/b8b2926b172002164375429947410326009.jpg",975,540,false],"thumbnail":["https:\/\/arantv.az\/wp-content\/uploads\/2024\/07\/b8b2926b172002164375429947410326009-500x280.jpg",500,280,true],"medium":["https:\/\/arantv.az\/wp-content\/uploads\/2024\/07\/b8b2926b172002164375429947410326009-660x365.jpg",660,365,true],"large":["https:\/\/arantv.az\/wp-content\/uploads\/2024\/07\/b8b2926b172002164375429947410326009-840x465.jpg",640,354,true],"1536x1536":["https:\/\/arantv.az\/wp-content\/uploads\/2024\/07\/b8b2926b172002164375429947410326009.jpg",975,540,false],"2048x2048":["https:\/\/arantv.az\/wp-content\/uploads\/2024\/07\/b8b2926b172002164375429947410326009.jpg",975,540,false],"post-thumbnail":["https:\/\/arantv.az\/wp-content\/uploads\/2024\/07\/b8b2926b172002164375429947410326009-240x172.jpg",240,172,true],"advps-thumb-one":["https:\/\/arantv.az\/wp-content\/uploads\/2024\/07\/b8b2926b172002164375429947410326009.jpg",975,540,false]},"rttpg_author":{"display_name":"V\u00fcsal Rafiqo\u011flu","author_link":"https:\/\/arantv.az\/?author=2"},"rttpg_comment":0,"rttpg_category":"<a href=\"https:\/\/arantv.az\/?cat=19\" rel=\"category\">G\u00fcnd\u0259m<\/a>","rttpg_excerpt":"Prezident \u0130lham \u018fliyevin t\u0259kc\u0259 k\u0259miyy\u0259t\u00a0 deyil,\u00a0 yeni strateji h\u0259d\u0259fl\u0259rin\u00a0 m\u00fc\u0259yy\u0259nl\u0259\u015fdirilm\u0259si bax\u0131m\u0131ndan da c\u0259lbediciliyini qoruyan\u00a0\u00a0 \u015eanxay \u018fm\u0259kda\u015fl\u0131q T\u0259\u015fkilat\u0131n\u0131n Astana Zirg\u0259 g\u00f6r\u00fc\u015f\u00fcnd\u0259 i\u015ftirak\u0131 d\u00fcnyada s\u00fclh\u00fcn, regionda sabitliyin qorunmas\u0131nda maraql\u0131 olan\u00a0 Az\u0259rbaycana artan mara\u011f\u0131n,\u00a0 ox\u015far d\u0259y\u0259rl\u0259r\u0259 sadiqliyin\u00a0 ifad\u0259sidir M\u00fcst\u0259qilliyini b\u0259rpa etdikd\u0259n sonra \u00a0suveren \u00f6lk\u0259 kimi, \u00a0xarici siyas\u0259tini \u00a0d\u00f6vl\u0259t\u00e7ilik m\u0259nafeyini v\u0259\u00a0 milli maraqlar\u0131n\u0131 qorumaqla\u00a0\u00a0 b\u00fct\u00fcn d\u00f6vl\u0259tl\u0259rl\u0259, n\u00fcfuzlu\u00a0 t\u0259\u015fkilatlarla qar\u015f\u0131l\u0131ql\u0131&hellip;","_links":{"self":[{"href":"https:\/\/arantv.az\/index.php?rest_route=\/wp\/v2\/posts\/734494"}],"collection":[{"href":"https:\/\/arantv.az\/index.php?rest_route=\/wp\/v2\/posts"}],"about":[{"href":"https:\/\/arantv.az\/index.php?rest_route=\/wp\/v2\/types\/post"}],"author":[{"embeddable":true,"href":"https:\/\/arantv.az\/index.php?rest_route=\/wp\/v2\/users\/2"}],"replies":[{"embeddable":true,"href":"https:\/\/arantv.az\/index.php?rest_route=%2Fwp%2Fv2%2Fcomments&post=734494"}],"version-history":[{"count":0,"href":"https:\/\/arantv.az\/index.php?rest_route=\/wp\/v2\/posts\/734494\/revisions"}],"wp:featuredmedia":[{"embeddable":true,"href":"https:\/\/arantv.az\/index.php?rest_route=\/wp\/v2\/media\/734495"}],"wp:attachment":[{"href":"https:\/\/arantv.az\/index.php?rest_route=%2Fwp%2Fv2%2Fmedia&parent=734494"}],"wp:term":[{"taxonomy":"category","embeddable":true,"href":"https:\/\/arantv.az\/index.php?rest_route=%2Fwp%2Fv2%2Fcategories&post=734494"},{"taxonomy":"post_tag","embeddable":true,"href":"https:\/\/arantv.az\/index.php?rest_route=%2Fwp%2Fv2%2Ftags&post=734494"}],"curies":[{"name":"wp","href":"https:\/\/api.w.org\/{rel}","templated":true}]}}