{"id":734500,"date":"2024-07-04T09:27:47","date_gmt":"2024-07-04T05:27:47","guid":{"rendered":"https:\/\/arantv.az\/?p=734500"},"modified":"2024-07-04T09:27:47","modified_gmt":"2024-07-04T05:27:47","slug":"%c9%99lilliyi-olan-daha-18-g%c9%99nc-turkiy%c9%99y%c9%99-t%c9%99crub%c9%99-kursuna-yola-salinib","status":"publish","type":"post","link":"https:\/\/arantv.az\/?p=734500","title":{"rendered":"\u018flilliyi olan daha 18 g\u0259nc T\u00fcrkiy\u0259y\u0259 t\u0259cr\u00fcb\u0259 kursuna yola sal\u0131n\u0131b"},"content":{"rendered":"<div class=\"entry-meta\">\n<p>&nbsp;<\/p>\n<\/div>\n<div class=\"news-gallery society\">\n<div class=\"fotorama-gallery fotorama fotorama1720070803606\">\n<div class=\"fotorama__wrap fotorama__wrap--css3 fotorama__wrap--slide fotorama__wrap--toggle-arrows fotorama__wrap--no-controls\">\n<div class=\"fotorama__stage fotorama__pointer\">\n<div class=\"fotorama__stage__shaft\">\n<div class=\"fotorama__stage__frame fotorama__loaded fotorama__loaded--img\"><img class=\"fotorama__img\" src=\"https:\/\/azertag.az\/files\/galleryphoto\/2024\/2\/1200x630\/1720068061486198962_1200x630.jpg\" \/><\/div>\n<\/div>\n<\/div>\n<div class=\"fotorama__nav-wrap\">\n<div class=\"fotorama__nav fotorama__nav--thumbs\">\n<div class=\"fotorama__nav__shaft\">\n<div class=\"fotorama__nav__frame fotorama__nav__frame--thumb\" tabindex=\"0\" role=\"button\">\n<div class=\"fotorama__thumb fotorama__loaded fotorama__loaded--img\"><img class=\"fotorama__img\" src=\"https:\/\/azertag.az\/files\/galleryphoto\/2024\/2\/1200x630\/17200680616359564422_1200x630.jpg\" \/><\/div>\n<\/div>\n<div class=\"fotorama__nav__frame fotorama__nav__frame--thumb\" tabindex=\"0\" role=\"button\">\n<div class=\"fotorama__thumb fotorama__loaded fotorama__loaded--img\"><img class=\"fotorama__img\" src=\"https:\/\/azertag.az\/files\/galleryphoto\/2024\/2\/1200x630\/1720068061875740588_1200x630.jpg\" \/><\/div>\n<\/div>\n<div class=\"fotorama__nav__frame fotorama__nav__frame--thumb\" tabindex=\"0\" role=\"button\">\n<div class=\"fotorama__thumb fotorama__loaded fotorama__loaded--img\"><img class=\"fotorama__img\" src=\"https:\/\/azertag.az\/files\/galleryphoto\/2024\/2\/1200x630\/1720068061444385351_1200x630.jpg\" \/><\/div>\n<\/div>\n<\/div>\n<\/div>\n<\/div>\n<\/div>\n<\/div>\n<\/div>\n<div class=\"news-body\">\n<p>&nbsp;<\/p>\n<p>\u018fm\u0259k v\u0259 \u018fhalinin Sosial M\u00fcdafi\u0259si Nazirliyinin tabeliyind\u0259ki Sosial Xidm\u0259tl\u0259r Agentliyinin \u018flilliyi olan \u015f\u0259xsl\u0259rin Pe\u015f\u0259 \u018fm\u0259k Reabilitasiyas\u0131 M\u0259rk\u0259zind\u0259n \u0259lilliyi olan daha 18 g\u0259nc T\u00fcrkiy\u0259y\u0259 t\u0259cr\u00fcb\u0259 kursuna yola sal\u0131n\u0131b.<\/p>\n<p>Nazirliyin \u0130ctimaiyy\u0259tl\u0259 \u0259laq\u0259l\u0259r \u015f\u00f6b\u0259sind\u0259n\u00a0<a class=\"azertac-link\" href=\"https:\/\/azertag.az\/\" target=\"_blank\" rel=\"noopener\">AZ\u018fRTAC<\/a>-a veril\u0259n m\u0259lumata g\u00f6r\u0259, agentliyin \u0130dar\u0259 Hey\u0259tinin s\u0259dri V\u00fcqar Behbudov onlarla g\u00f6r\u00fc\u015f\u0259r\u0259k u\u011furlar arzulay\u0131b v\u0259 bu il daha 30 n\u0259f\u0259rin t\u0259cr\u00fcb\u0259 proqram\u0131na c\u0259lb olunaca\u011f\u0131n\u0131 bildirib.<\/p>\n<p>Qeyd olunub ki, T\u00fcrkiy\u0259y\u0259 yola sal\u0131nan g\u0259ncl\u0259r qarda\u015f \u00f6lk\u0259nin Ankara v\u0259 Antalya \u015f\u0259h\u0259rl\u0259rind\u0259 \u0259lilliyi olan \u015f\u0259xsl\u0259rl\u0259 ba\u011fl\u0131 pe\u015f\u0259 kurslar\u0131nda i\u015ftirak ed\u0259r\u0259k bacar\u0131qlar\u0131n\u0131 daha da t\u0259kmill\u0259\u015fdir\u0259c\u0259kl\u0259r.<\/p>\n<p>M\u0259rk\u0259zd\u0259 reabilitasiyaya c\u0259lb edilmi\u015f g\u0259ncl\u0259r \u00fc\u00e7\u00fcn bel\u0259 t\u0259cr\u00fcb\u0259 s\u0259f\u0259rl\u0259ri Sosial Xidm\u0259tl\u0259r Agentliyi il\u0259 \u201cSa\u011flam D\u00fc\u015f\u00fcnc\u0259\u201d G\u0259ncl\u0259r T\u0259\u015fkilat\u0131 aras\u0131nda imzalanm\u0131\u015f \u0259m\u0259kda\u015fl\u0131q m\u00fcqavil\u0259sin\u0259 \u0259sas\u0259n Avropa \u0130ttifaq\u0131n\u0131n Avropa H\u0259mr\u0259ylik Korpusu Proqram\u0131 \u00e7\u0259r\u00e7iv\u0259sind\u0259 t\u0259\u015fkil olunur.<\/p>\n<p>\u00d6t\u0259n d\u00f6vrd\u0259 m\u0259rk\u0259zin \u0259lilliyi olan \u00fcmumilikd\u0259 147 m\u0259zunu T\u00fcrkiy\u0259d\u0259 m\u00fcvafiq pe\u015f\u0259 d\u0259rn\u0259kl\u0259rin\u0259 t\u0259cr\u00fcb\u0259 kurslar\u0131na g\u00f6nd\u0259rilib. Onlardan bir hiss\u0259si V\u0259t\u0259n m\u00fcharib\u0259si il\u0259 \u0259laq\u0259dar \u0259lilliyi olanlard\u0131r.<\/p>\n<\/div>\n","protected":false},"excerpt":{"rendered":"<p>&nbsp; &nbsp; \u018fm\u0259k v\u0259 \u018fhalinin Sosial M\u00fcdafi\u0259si Nazirliyinin tabeliyind\u0259ki Sosial Xidm\u0259tl\u0259r Agentliyinin \u018flilliyi olan \u015f\u0259xsl\u0259rin Pe\u015f\u0259 \u018fm\u0259k Reabilitasiyas\u0131 M\u0259rk\u0259zind\u0259n \u0259lilliyi olan daha 18 g\u0259nc T\u00fcrkiy\u0259y\u0259 t\u0259cr\u00fcb\u0259 kursuna yola sal\u0131n\u0131b. Nazirliyin \u0130ctimaiyy\u0259tl\u0259 \u0259laq\u0259l\u0259r \u015f\u00f6b\u0259sind\u0259n\u00a0AZ\u018fRTAC-a veril\u0259n m\u0259lumata g\u00f6r\u0259, agentliyin \u0130dar\u0259 Hey\u0259tinin s\u0259dri V\u00fcqar Behbudov onlarla g\u00f6r\u00fc\u015f\u0259r\u0259k u\u011furlar arzulay\u0131b v\u0259 bu il daha 30 n\u0259f\u0259rin t\u0259cr\u00fcb\u0259 proqram\u0131na c\u0259lb olunaca\u011f\u0131n\u0131 bildirib. Qeyd olunub ki, T\u00fcrkiy\u0259y\u0259 yola sal\u0131nan g\u0259ncl\u0259r qarda\u015f \u00f6lk\u0259nin Ankara v\u0259 Antalya \u015f\u0259h\u0259rl\u0259rind\u0259 \u0259lilliyi olan \u015f\u0259xsl\u0259rl\u0259 ba\u011fl\u0131 pe\u015f\u0259 kurslar\u0131nda i\u015ftirak ed\u0259r\u0259k bacar\u0131qlar\u0131n\u0131 daha da t\u0259kmill\u0259\u015fdir\u0259c\u0259kl\u0259r. M\u0259rk\u0259zd\u0259 reabilitasiyaya c\u0259lb edilmi\u015f g\u0259ncl\u0259r \u00fc\u00e7\u00fcn bel\u0259 t\u0259cr\u00fcb\u0259&hellip;<\/p>\n","protected":false},"author":2,"featured_media":734501,"comment_status":"closed","ping_status":"closed","sticky":false,"template":"","format":"standard","meta":{"om_disable_all_campaigns":false,"_monsterinsights_skip_tracking":false,"_monsterinsights_sitenote_active":false,"_monsterinsights_sitenote_note":"","_monsterinsights_sitenote_category":0},"categories":[1],"tags":[],"aioseo_notices":[],"gutentor_comment":0,"rttpg_featured_image_url":{"full":["https:\/\/arantv.az\/wp-content\/uploads\/2024\/07\/dc40b712172007026026518270210689516.jpg",975,540,false],"landscape":["https:\/\/arantv.az\/wp-content\/uploads\/2024\/07\/dc40b712172007026026518270210689516.jpg",975,540,false],"portraits":["https:\/\/arantv.az\/wp-content\/uploads\/2024\/07\/dc40b712172007026026518270210689516.jpg",975,540,false],"thumbnail":["https:\/\/arantv.az\/wp-content\/uploads\/2024\/07\/dc40b712172007026026518270210689516-500x280.jpg",500,280,true],"medium":["https:\/\/arantv.az\/wp-content\/uploads\/2024\/07\/dc40b712172007026026518270210689516-660x365.jpg",660,365,true],"large":["https:\/\/arantv.az\/wp-content\/uploads\/2024\/07\/dc40b712172007026026518270210689516-840x465.jpg",640,354,true],"1536x1536":["https:\/\/arantv.az\/wp-content\/uploads\/2024\/07\/dc40b712172007026026518270210689516.jpg",975,540,false],"2048x2048":["https:\/\/arantv.az\/wp-content\/uploads\/2024\/07\/dc40b712172007026026518270210689516.jpg",975,540,false],"post-thumbnail":["https:\/\/arantv.az\/wp-content\/uploads\/2024\/07\/dc40b712172007026026518270210689516-240x172.jpg",240,172,true],"advps-thumb-one":["https:\/\/arantv.az\/wp-content\/uploads\/2024\/07\/dc40b712172007026026518270210689516.jpg",975,540,false]},"rttpg_author":{"display_name":"V\u00fcsal Rafiqo\u011flu","author_link":"https:\/\/arantv.az\/?author=2"},"rttpg_comment":0,"rttpg_category":"<a href=\"https:\/\/arantv.az\/?cat=1\" rel=\"category\">C\u0259miyy\u0259t<\/a>","rttpg_excerpt":"&nbsp; &nbsp; \u018fm\u0259k v\u0259 \u018fhalinin Sosial M\u00fcdafi\u0259si Nazirliyinin tabeliyind\u0259ki Sosial Xidm\u0259tl\u0259r Agentliyinin \u018flilliyi olan \u015f\u0259xsl\u0259rin Pe\u015f\u0259 \u018fm\u0259k Reabilitasiyas\u0131 M\u0259rk\u0259zind\u0259n \u0259lilliyi olan daha 18 g\u0259nc T\u00fcrkiy\u0259y\u0259 t\u0259cr\u00fcb\u0259 kursuna yola sal\u0131n\u0131b. Nazirliyin \u0130ctimaiyy\u0259tl\u0259 \u0259laq\u0259l\u0259r \u015f\u00f6b\u0259sind\u0259n\u00a0AZ\u018fRTAC-a veril\u0259n m\u0259lumata g\u00f6r\u0259, agentliyin \u0130dar\u0259 Hey\u0259tinin s\u0259dri V\u00fcqar Behbudov onlarla g\u00f6r\u00fc\u015f\u0259r\u0259k u\u011furlar arzulay\u0131b v\u0259 bu il daha 30 n\u0259f\u0259rin t\u0259cr\u00fcb\u0259 proqram\u0131na c\u0259lb&hellip;","_links":{"self":[{"href":"https:\/\/arantv.az\/index.php?rest_route=\/wp\/v2\/posts\/734500"}],"collection":[{"href":"https:\/\/arantv.az\/index.php?rest_route=\/wp\/v2\/posts"}],"about":[{"href":"https:\/\/arantv.az\/index.php?rest_route=\/wp\/v2\/types\/post"}],"author":[{"embeddable":true,"href":"https:\/\/arantv.az\/index.php?rest_route=\/wp\/v2\/users\/2"}],"replies":[{"embeddable":true,"href":"https:\/\/arantv.az\/index.php?rest_route=%2Fwp%2Fv2%2Fcomments&post=734500"}],"version-history":[{"count":0,"href":"https:\/\/arantv.az\/index.php?rest_route=\/wp\/v2\/posts\/734500\/revisions"}],"wp:featuredmedia":[{"embeddable":true,"href":"https:\/\/arantv.az\/index.php?rest_route=\/wp\/v2\/media\/734501"}],"wp:attachment":[{"href":"https:\/\/arantv.az\/index.php?rest_route=%2Fwp%2Fv2%2Fmedia&parent=734500"}],"wp:term":[{"taxonomy":"category","embeddable":true,"href":"https:\/\/arantv.az\/index.php?rest_route=%2Fwp%2Fv2%2Fcategories&post=734500"},{"taxonomy":"post_tag","embeddable":true,"href":"https:\/\/arantv.az\/index.php?rest_route=%2Fwp%2Fv2%2Ftags&post=734500"}],"curies":[{"name":"wp","href":"https:\/\/api.w.org\/{rel}","templated":true}]}}