{"id":734515,"date":"2024-07-04T09:34:08","date_gmt":"2024-07-04T05:34:08","guid":{"rendered":"https:\/\/arantv.az\/?p=734515"},"modified":"2024-07-04T09:34:08","modified_gmt":"2024-07-04T05:34:08","slug":"ilham-%c9%99liyevl%c9%99-%c9%99rdogan-arasinda-s%c9%99mimi-dialoq-video","status":"publish","type":"post","link":"https:\/\/arantv.az\/?p=734515","title":{"rendered":"\u0130lham \u018fliyevl\u0259 \u018frdo\u011fan aras\u0131nda S\u018fM\u0130M\u0130 D\u0130ALOQ &#8211; V\u0130DEO"},"content":{"rendered":"<div class=\"panel-body news_text\">\n<p><strong>X\u0259b\u0259r verdiyimiz kimi,\u00a0Astanada Az\u0259rbaycan Prezidenti \u0130lham \u018fliyev, T\u00fcrkiy\u0259 lideri R\u0259c\u0259b Tayyib \u018frdo\u011fan v\u0259 Pakistan\u0131n Ba\u015f naziri M\u0259h\u0259mm\u0259d \u015eahbaz \u015e\u0259rif aras\u0131nda \u00fc\u00e7t\u0259r\u0259fli\u00a0<a href=\"https:\/\/qafqazinfo.az\/news\/detail\/ilham-eliyev-erdogan-ve-sahbaz-serif-arasinda-ucterefli-gorus-oldu-fotolar-440728\" target=\"_blank\" rel=\"noopener\">g\u00f6r\u00fc\u015f<\/a>\u00a0ke\u00e7irilib.<\/strong><\/p>\n<p>\u201cQafqazinfo\u201d x\u0259b\u0259r verir ki, g\u00f6r\u00fc\u015fd\u0259n \u00f6nc\u0259 \u0130lham \u018fliyevl\u0259 \u018frdo\u011fan aras\u0131nda s\u0259mimi dialoq ba\u015f tutub.<\/p>\n<p>H\u0259min an\u0131n g\u00f6r\u00fcnt\u00fcs\u00fcn\u00fc t\u0259qdim edirik:<\/p>\n<p><iframe loading=\"lazy\" src=\"https:\/\/qafqazinfo.bax.tv\/embed\/198901.html?utm_source=playerden&amp;utm_medium=paylasim&amp;utm_campaign=sosial-xeberler\" width=\"100%\" height=\"480\" frameborder=\"0\" scrolling=\"no\" allowfullscreen=\"allowfullscreen\" data-mce-fragment=\"1\"><\/iframe><\/p>\n<p>&nbsp;<\/p>\n<p>&nbsp;<\/p>\n<div><\/div>\n<div><\/div>\n<div><\/div>\n<\/div>\n<div class=\"social-buttons\"><\/div>\n","protected":false},"excerpt":{"rendered":"<p>X\u0259b\u0259r verdiyimiz kimi,\u00a0Astanada Az\u0259rbaycan Prezidenti \u0130lham \u018fliyev, T\u00fcrkiy\u0259 lideri R\u0259c\u0259b Tayyib \u018frdo\u011fan v\u0259 Pakistan\u0131n Ba\u015f naziri M\u0259h\u0259mm\u0259d \u015eahbaz \u015e\u0259rif aras\u0131nda \u00fc\u00e7t\u0259r\u0259fli\u00a0g\u00f6r\u00fc\u015f\u00a0ke\u00e7irilib. \u201cQafqazinfo\u201d x\u0259b\u0259r verir ki, g\u00f6r\u00fc\u015fd\u0259n \u00f6nc\u0259 \u0130lham \u018fliyevl\u0259 \u018frdo\u011fan aras\u0131nda s\u0259mimi dialoq ba\u015f tutub. H\u0259min an\u0131n g\u00f6r\u00fcnt\u00fcs\u00fcn\u00fc t\u0259qdim edirik: &nbsp; &nbsp;<\/p>\n","protected":false},"author":2,"featured_media":734516,"comment_status":"closed","ping_status":"closed","sticky":false,"template":"","format":"standard","meta":{"om_disable_all_campaigns":false,"_monsterinsights_skip_tracking":false,"_monsterinsights_sitenote_active":false,"_monsterinsights_sitenote_note":"","_monsterinsights_sitenote_category":0},"categories":[4],"tags":[],"aioseo_notices":[],"gutentor_comment":0,"rttpg_featured_image_url":{"full":["https:\/\/arantv.az\/wp-content\/uploads\/2024\/07\/6fdfaeae0b62c7838cf40816d493454c.jpg",600,374,false],"landscape":["https:\/\/arantv.az\/wp-content\/uploads\/2024\/07\/6fdfaeae0b62c7838cf40816d493454c.jpg",600,374,false],"portraits":["https:\/\/arantv.az\/wp-content\/uploads\/2024\/07\/6fdfaeae0b62c7838cf40816d493454c.jpg",600,374,false],"thumbnail":["https:\/\/arantv.az\/wp-content\/uploads\/2024\/07\/6fdfaeae0b62c7838cf40816d493454c-500x280.jpg",500,280,true],"medium":["https:\/\/arantv.az\/wp-content\/uploads\/2024\/07\/6fdfaeae0b62c7838cf40816d493454c-586x365.jpg",586,365,true],"large":["https:\/\/arantv.az\/wp-content\/uploads\/2024\/07\/6fdfaeae0b62c7838cf40816d493454c.jpg",600,374,false],"1536x1536":["https:\/\/arantv.az\/wp-content\/uploads\/2024\/07\/6fdfaeae0b62c7838cf40816d493454c.jpg",600,374,false],"2048x2048":["https:\/\/arantv.az\/wp-content\/uploads\/2024\/07\/6fdfaeae0b62c7838cf40816d493454c.jpg",600,374,false],"post-thumbnail":["https:\/\/arantv.az\/wp-content\/uploads\/2024\/07\/6fdfaeae0b62c7838cf40816d493454c-240x172.jpg",240,172,true],"advps-thumb-one":["https:\/\/arantv.az\/wp-content\/uploads\/2024\/07\/6fdfaeae0b62c7838cf40816d493454c.jpg",600,374,false]},"rttpg_author":{"display_name":"V\u00fcsal Rafiqo\u011flu","author_link":"https:\/\/arantv.az\/?author=2"},"rttpg_comment":0,"rttpg_category":"<a href=\"https:\/\/arantv.az\/?cat=4\" rel=\"category\">Siyas\u0259t<\/a>","rttpg_excerpt":"X\u0259b\u0259r verdiyimiz kimi,\u00a0Astanada Az\u0259rbaycan Prezidenti \u0130lham \u018fliyev, T\u00fcrkiy\u0259 lideri R\u0259c\u0259b Tayyib \u018frdo\u011fan v\u0259 Pakistan\u0131n Ba\u015f naziri M\u0259h\u0259mm\u0259d \u015eahbaz \u015e\u0259rif aras\u0131nda \u00fc\u00e7t\u0259r\u0259fli\u00a0g\u00f6r\u00fc\u015f\u00a0ke\u00e7irilib. \u201cQafqazinfo\u201d x\u0259b\u0259r verir ki, g\u00f6r\u00fc\u015fd\u0259n \u00f6nc\u0259 \u0130lham \u018fliyevl\u0259 \u018frdo\u011fan aras\u0131nda s\u0259mimi dialoq ba\u015f tutub. H\u0259min an\u0131n g\u00f6r\u00fcnt\u00fcs\u00fcn\u00fc t\u0259qdim edirik: &nbsp; &nbsp;","_links":{"self":[{"href":"https:\/\/arantv.az\/index.php?rest_route=\/wp\/v2\/posts\/734515"}],"collection":[{"href":"https:\/\/arantv.az\/index.php?rest_route=\/wp\/v2\/posts"}],"about":[{"href":"https:\/\/arantv.az\/index.php?rest_route=\/wp\/v2\/types\/post"}],"author":[{"embeddable":true,"href":"https:\/\/arantv.az\/index.php?rest_route=\/wp\/v2\/users\/2"}],"replies":[{"embeddable":true,"href":"https:\/\/arantv.az\/index.php?rest_route=%2Fwp%2Fv2%2Fcomments&post=734515"}],"version-history":[{"count":0,"href":"https:\/\/arantv.az\/index.php?rest_route=\/wp\/v2\/posts\/734515\/revisions"}],"wp:featuredmedia":[{"embeddable":true,"href":"https:\/\/arantv.az\/index.php?rest_route=\/wp\/v2\/media\/734516"}],"wp:attachment":[{"href":"https:\/\/arantv.az\/index.php?rest_route=%2Fwp%2Fv2%2Fmedia&parent=734515"}],"wp:term":[{"taxonomy":"category","embeddable":true,"href":"https:\/\/arantv.az\/index.php?rest_route=%2Fwp%2Fv2%2Fcategories&post=734515"},{"taxonomy":"post_tag","embeddable":true,"href":"https:\/\/arantv.az\/index.php?rest_route=%2Fwp%2Fv2%2Ftags&post=734515"}],"curies":[{"name":"wp","href":"https:\/\/api.w.org\/{rel}","templated":true}]}}