{"id":734531,"date":"2024-07-04T10:35:29","date_gmt":"2024-07-04T06:35:29","guid":{"rendered":"https:\/\/arantv.az\/?p=734531"},"modified":"2024-07-04T10:35:29","modified_gmt":"2024-07-04T06:35:29","slug":"astanada-sanxay-%c9%99m%c9%99kdasliq-t%c9%99skilatinin-sammiti-baslayib","status":"publish","type":"post","link":"https:\/\/arantv.az\/?p=734531","title":{"rendered":"Astanada \u015eanxay \u018fm\u0259kda\u015fl\u0131q T\u0259\u015fkilat\u0131n\u0131n sammiti ba\u015flay\u0131b"},"content":{"rendered":"<p><strong>Qazax\u0131stan\u0131n s\u0259drliyi il\u0259 Astanada M\u00fcst\u0259qillik Saray\u0131nda \u015eanxay \u018fm\u0259kda\u015fl\u0131q T\u0259\u015fkilat\u0131n\u0131n (\u015e\u018fT) sammiti i\u015f\u0259 ba\u015flay\u0131b.<\/strong><\/p>\n<p>Bu bar\u0259d\u0259 Qazax\u0131stan m\u0259tbuat\u0131 m\u0259lumat yay\u0131b.<\/p>\n<p>T\u0259\u015fkilat\u0131n forumu ilk d\u0259f\u0259 olaraq \u015e\u018fT-\u0259 \u00fczv d\u00f6vl\u0259tl\u0259rin r\u0259hb\u0259rl\u0259ri \u015euras\u0131n\u0131n iclas\u0131 v\u0259 \u201c\u015e\u018fT Plus\u201d iclas\u0131 format\u0131nda ke\u00e7iril\u0259c\u0259k.<\/p>\n<p>\u015e\u018fT D\u00f6vl\u0259t Ba\u015f\u00e7\u0131lar\u0131 \u015euras\u0131n\u0131n iclas\u0131 zaman\u0131 Astana B\u0259yannam\u0259si, 20 q\u0259rar, d\u00f6vl\u0259t ba\u015f\u00e7\u0131lar\u0131n\u0131n 3 b\u0259yanat\u0131, o c\u00fcml\u0259d\u0259n \u201c\u018fdal\u0259tli s\u00fclh, harmoniya v\u0259 inki\u015faf namin\u0259 d\u00fcnya birliyi haqq\u0131nda\u201d, \u201c\u015e\u018fT-in t\u0259kmill\u0259\u015fdirilm\u0259si haqq\u0131nda\u201d t\u0259\u015f\u0259bb\u00fcs q\u0259bul edil\u0259c\u0259k.<\/p>\n<p>T\u0259dbird\u0259 Qazax\u0131stan, Hindistan, \u0130ran, \u00c7in, Q\u0131r\u011f\u0131z\u0131stan, Pakistan, Rusiya, Tacikistan, \u00d6zb\u0259kistan, Belarus, Monqolustan, Az\u0259rbaycan, Q\u0259t\u0259r, B\u018f\u018f, T\u00fcrkiy\u0259 v\u0259 T\u00fcrkm\u0259nistan\u0131n d\u00f6vl\u0259t v\u0259 h\u00f6kum\u0259t ba\u015f\u00e7\u0131lar\u0131, h\u0259m\u00e7inin \u015e\u018fT katibi i\u015ftirak edir.\/\/report.az<\/p>\n","protected":false},"excerpt":{"rendered":"<p>Qazax\u0131stan\u0131n s\u0259drliyi il\u0259 Astanada M\u00fcst\u0259qillik Saray\u0131nda \u015eanxay \u018fm\u0259kda\u015fl\u0131q T\u0259\u015fkilat\u0131n\u0131n (\u015e\u018fT) sammiti i\u015f\u0259 ba\u015flay\u0131b. Bu bar\u0259d\u0259 Qazax\u0131stan m\u0259tbuat\u0131 m\u0259lumat yay\u0131b. T\u0259\u015fkilat\u0131n forumu ilk d\u0259f\u0259 olaraq \u015e\u018fT-\u0259 \u00fczv d\u00f6vl\u0259tl\u0259rin r\u0259hb\u0259rl\u0259ri \u015euras\u0131n\u0131n iclas\u0131 v\u0259 \u201c\u015e\u018fT Plus\u201d iclas\u0131 format\u0131nda ke\u00e7iril\u0259c\u0259k. \u015e\u018fT D\u00f6vl\u0259t Ba\u015f\u00e7\u0131lar\u0131 \u015euras\u0131n\u0131n iclas\u0131 zaman\u0131 Astana B\u0259yannam\u0259si, 20 q\u0259rar, d\u00f6vl\u0259t ba\u015f\u00e7\u0131lar\u0131n\u0131n 3 b\u0259yanat\u0131, o c\u00fcml\u0259d\u0259n \u201c\u018fdal\u0259tli s\u00fclh, harmoniya v\u0259 inki\u015faf namin\u0259 d\u00fcnya birliyi haqq\u0131nda\u201d, \u201c\u015e\u018fT-in t\u0259kmill\u0259\u015fdirilm\u0259si haqq\u0131nda\u201d t\u0259\u015f\u0259bb\u00fcs q\u0259bul edil\u0259c\u0259k. T\u0259dbird\u0259 Qazax\u0131stan, Hindistan, \u0130ran, \u00c7in, Q\u0131r\u011f\u0131z\u0131stan, Pakistan, Rusiya, Tacikistan, \u00d6zb\u0259kistan, Belarus, Monqolustan, Az\u0259rbaycan, Q\u0259t\u0259r, B\u018f\u018f, T\u00fcrkiy\u0259 v\u0259 T\u00fcrkm\u0259nistan\u0131n d\u00f6vl\u0259t v\u0259 h\u00f6kum\u0259t ba\u015f\u00e7\u0131lar\u0131, h\u0259m\u00e7inin&hellip;<\/p>\n","protected":false},"author":2,"featured_media":734532,"comment_status":"closed","ping_status":"closed","sticky":false,"template":"","format":"standard","meta":{"om_disable_all_campaigns":false,"_monsterinsights_skip_tracking":false,"_monsterinsights_sitenote_active":false,"_monsterinsights_sitenote_note":"","_monsterinsights_sitenote_category":0},"categories":[4],"tags":[],"aioseo_notices":[],"gutentor_comment":0,"rttpg_featured_image_url":{"full":["https:\/\/arantv.az\/wp-content\/uploads\/2024\/07\/9f800f09cf7c866b888e960e45e4d83a.jpg",850,500,false],"landscape":["https:\/\/arantv.az\/wp-content\/uploads\/2024\/07\/9f800f09cf7c866b888e960e45e4d83a.jpg",850,500,false],"portraits":["https:\/\/arantv.az\/wp-content\/uploads\/2024\/07\/9f800f09cf7c866b888e960e45e4d83a.jpg",850,500,false],"thumbnail":["https:\/\/arantv.az\/wp-content\/uploads\/2024\/07\/9f800f09cf7c866b888e960e45e4d83a-500x280.jpg",500,280,true],"medium":["https:\/\/arantv.az\/wp-content\/uploads\/2024\/07\/9f800f09cf7c866b888e960e45e4d83a-621x365.jpg",621,365,true],"large":["https:\/\/arantv.az\/wp-content\/uploads\/2024\/07\/9f800f09cf7c866b888e960e45e4d83a-840x494.jpg",640,376,true],"1536x1536":["https:\/\/arantv.az\/wp-content\/uploads\/2024\/07\/9f800f09cf7c866b888e960e45e4d83a.jpg",850,500,false],"2048x2048":["https:\/\/arantv.az\/wp-content\/uploads\/2024\/07\/9f800f09cf7c866b888e960e45e4d83a.jpg",850,500,false],"post-thumbnail":["https:\/\/arantv.az\/wp-content\/uploads\/2024\/07\/9f800f09cf7c866b888e960e45e4d83a-240x172.jpg",240,172,true],"advps-thumb-one":["https:\/\/arantv.az\/wp-content\/uploads\/2024\/07\/9f800f09cf7c866b888e960e45e4d83a.jpg",850,500,false]},"rttpg_author":{"display_name":"V\u00fcsal Rafiqo\u011flu","author_link":"https:\/\/arantv.az\/?author=2"},"rttpg_comment":0,"rttpg_category":"<a href=\"https:\/\/arantv.az\/?cat=4\" rel=\"category\">Siyas\u0259t<\/a>","rttpg_excerpt":"Qazax\u0131stan\u0131n s\u0259drliyi il\u0259 Astanada M\u00fcst\u0259qillik Saray\u0131nda \u015eanxay \u018fm\u0259kda\u015fl\u0131q T\u0259\u015fkilat\u0131n\u0131n (\u015e\u018fT) sammiti i\u015f\u0259 ba\u015flay\u0131b. Bu bar\u0259d\u0259 Qazax\u0131stan m\u0259tbuat\u0131 m\u0259lumat yay\u0131b. T\u0259\u015fkilat\u0131n forumu ilk d\u0259f\u0259 olaraq \u015e\u018fT-\u0259 \u00fczv d\u00f6vl\u0259tl\u0259rin r\u0259hb\u0259rl\u0259ri \u015euras\u0131n\u0131n iclas\u0131 v\u0259 \u201c\u015e\u018fT Plus\u201d iclas\u0131 format\u0131nda ke\u00e7iril\u0259c\u0259k. \u015e\u018fT D\u00f6vl\u0259t Ba\u015f\u00e7\u0131lar\u0131 \u015euras\u0131n\u0131n iclas\u0131 zaman\u0131 Astana B\u0259yannam\u0259si, 20 q\u0259rar, d\u00f6vl\u0259t ba\u015f\u00e7\u0131lar\u0131n\u0131n 3 b\u0259yanat\u0131, o c\u00fcml\u0259d\u0259n \u201c\u018fdal\u0259tli s\u00fclh, harmoniya&hellip;","_links":{"self":[{"href":"https:\/\/arantv.az\/index.php?rest_route=\/wp\/v2\/posts\/734531"}],"collection":[{"href":"https:\/\/arantv.az\/index.php?rest_route=\/wp\/v2\/posts"}],"about":[{"href":"https:\/\/arantv.az\/index.php?rest_route=\/wp\/v2\/types\/post"}],"author":[{"embeddable":true,"href":"https:\/\/arantv.az\/index.php?rest_route=\/wp\/v2\/users\/2"}],"replies":[{"embeddable":true,"href":"https:\/\/arantv.az\/index.php?rest_route=%2Fwp%2Fv2%2Fcomments&post=734531"}],"version-history":[{"count":0,"href":"https:\/\/arantv.az\/index.php?rest_route=\/wp\/v2\/posts\/734531\/revisions"}],"wp:featuredmedia":[{"embeddable":true,"href":"https:\/\/arantv.az\/index.php?rest_route=\/wp\/v2\/media\/734532"}],"wp:attachment":[{"href":"https:\/\/arantv.az\/index.php?rest_route=%2Fwp%2Fv2%2Fmedia&parent=734531"}],"wp:term":[{"taxonomy":"category","embeddable":true,"href":"https:\/\/arantv.az\/index.php?rest_route=%2Fwp%2Fv2%2Fcategories&post=734531"},{"taxonomy":"post_tag","embeddable":true,"href":"https:\/\/arantv.az\/index.php?rest_route=%2Fwp%2Fv2%2Ftags&post=734531"}],"curies":[{"name":"wp","href":"https:\/\/api.w.org\/{rel}","templated":true}]}}