{"id":734538,"date":"2024-07-04T10:40:01","date_gmt":"2024-07-04T06:40:01","guid":{"rendered":"https:\/\/arantv.az\/?p=734538"},"modified":"2024-07-04T10:40:01","modified_gmt":"2024-07-04T06:40:01","slug":"xin-iqak-in-az%c9%99rbaycanin-raziligini-almadan-hesabat-d%c9%99rc-etm%c9%99si-%c9%99dal%c9%99tsiz-v%c9%99-%c9%99sassizdir","status":"publish","type":"post","link":"https:\/\/arantv.az\/?p=734538","title":{"rendered":"X\u0130N: &#8220;\u0130QAK-\u0131n Az\u0259rbaycan\u0131n raz\u0131l\u0131\u011f\u0131n\u0131 almadan hesabat d\u0259rc etm\u0259si \u0259dal\u0259tsiz v\u0259 \u0259sass\u0131zd\u0131r&#8221;"},"content":{"rendered":"<p>&#8220;Avropa \u015euras\u0131n\u0131n \u0130\u015fg\u0259nc\u0259nin v\u0259 Qeyri-insani yaxud L\u0259yaq\u0259ti Al\u00e7aldan R\u0259ftar v\u0259 ya C\u0259zan\u0131n Qar\u015f\u0131s\u0131n\u0131n Al\u0131nmas\u0131 \u00fczr\u0259 Komit\u0259sinin (\u0130QAK) Az\u0259rbaycanla ba\u011fl\u0131 iyulun 3-d\u0259 ictimai b\u0259yanat\u0131n d\u0259rc olunmas\u0131 bar\u0259d\u0259 q\u0259rar q\u0259bul etm\u0259si bizi d\u0259rind\u0259n t\u0259\u0259ss\u00fcfl\u0259ndirib&#8221;.<\/p>\n<p><strong>ARANTV.AZ <\/strong>\u00a0x\u0259b\u0259r verir ki, bu fikirl\u0259r Xarici \u0130\u015fl\u0259r Nazirliyinin m\u0259tbuat katibi Ayxan Hac\u0131zad\u0259nin Avropa \u015euras\u0131 \u0130QAK-\u0131n ictimai b\u0259yanat\u0131na dair \u015f\u0259rhind\u0259 yer al\u0131b.<\/p>\n<p>\u0130QAK, h\u0259m\u00e7inin &#8220;\u0130\u015fg\u0259nc\u0259nin v\u0259 qeyri-insani v\u0259 ya l\u0259yaq\u0259ti al\u00e7aldan r\u0259ftar\u0131n v\u0259 ya c\u0259zan\u0131n qar\u015f\u0131s\u0131n\u0131n al\u0131nmas\u0131 haqq\u0131nda&#8221; Avropa Konvensiyas\u0131n\u0131n t\u0259l\u0259bin\u0259 zidd olaraq Az\u0259rbaycan\u0131n m\u00fcvafiq raz\u0131l\u0131\u011f\u0131 al\u0131nmadan 2022-ci ild\u0259 edilmi\u015f x\u00fcsusi s\u0259f\u0259rinin yekunlar\u0131 \u00fczr\u0259 haz\u0131rlanm\u0131\u015f hesabat\u0131 tam \u015f\u0259kild\u0259 d\u0259rc etm\u0259k bar\u0259d\u0259 \u0259vv\u0259ll\u0259r presedenti olmayan q\u0259rar q\u0259bul edib. Bu yana\u015fma \u0259dal\u0259tsiz v\u0259 \u0259sass\u0131zd\u0131r, habel\u0259 h\u00fcquqi bax\u0131mdan sual yarad\u0131r.<\/p>\n<p><img loading=\"lazy\" class=\"inner-photo\" src=\"https:\/\/images.oxu.az\/2024\/07\/04\/MsTruOXJsJT5nxGOnxsdpt4a1PpSFBXCtwSimMBo:640.jpg\" alt=\"\" width=\"640\" height=\"428\" \/><\/p>\n<p>2002-ci ild\u0259n etibar\u0259n \u0130QAK bir ne\u00e7\u0259 d\u0259f\u0259 \u00f6lk\u0259miz\u0259 d\u00f6vri v\u0259 x\u00fcsusi s\u0259f\u0259r h\u0259yata ke\u00e7irib v\u0259 konvensiyan\u0131n Az\u0259rbaycan t\u0259r\u0259find\u0259n h\u0259yata ke\u00e7irilm\u0259sin\u0259 dair hesabatlar d\u0259rc edib. Az\u0259rbaycan hesabatlarda qeyd olunan h\u0259r bir m\u00fcdd\u0259a \u00fczr\u0259 h\u00f6kum\u0259tin m\u00f6vqeyini t\u0259qdim edib. Bununla yana\u015f\u0131, ictimai b\u0259yanatda da qeyd edildiyi kimi, m\u00fcvafiq \u00e7at\u0131\u015fmazl\u0131qlar\u0131n aradan qald\u0131r\u0131lmas\u0131 \u00fc\u00e7\u00fcn aidiyy\u0259ti \u00fczr\u0259 add\u0131mlar at\u0131l\u0131b v\u0259 komit\u0259nin t\u00f6vsiy\u0259l\u0259ri h\u0259r zaman n\u0259z\u0259r\u0259 al\u0131n\u0131b.<\/p>\n<p>\u018fm\u0259kda\u015fl\u0131q m\u00fcdd\u0259tind\u0259 komit\u0259y\u0259 bu g\u00fcn\u0259 q\u0259d\u0259r etdiyi s\u0259f\u0259rl\u0259r zaman\u0131 laz\u0131mi d\u0259st\u0259k g\u00f6st\u0259rilib. Yerli t\u0259hqiqatlar\u0131n apar\u0131lmas\u0131na d\u0259st\u0259k g\u00f6st\u0259rilm\u0259si il\u0259 yana\u015f\u0131, n\u00fcmay\u0259nd\u0259 hey\u0259ti \u00fczvl\u0259rinin m\u00fcmk\u00fcn \u0259n y\u00fcks\u0259k s\u0259viyy\u0259d\u0259 q\u0259bul olunmas\u0131n\u0131 t\u0259min etm\u0259k \u00fc\u00e7\u00fcn add\u0131mlar at\u0131l\u0131b v\u0259 \u0259m\u0259kda\u015fl\u0131\u011f\u0131n \u0259saslar\u0131n\u0131n m\u00f6hk\u0259ml\u0259ndirilm\u0259si \u00fc\u00e7\u00fcn b\u00fct\u00fcn s\u0259yl\u0259r g\u00f6st\u0259rilib.<\/p>\n<p>Bu q\u0259rar\u0131n 2024-c\u00fc ilin yanvar\u0131nda Avropa \u015euras\u0131 Parlament Assambleyas\u0131 (A\u015ePA) t\u0259r\u0259find\u0259n Az\u0259rbaycan n\u00fcmay\u0259nd\u0259 hey\u0259tinin s\u0259lahiyy\u0259tl\u0259rini ratifikasiya etm\u0259m\u0259k bar\u0259d\u0259 q\u0259r\u0259zli q\u0259rar\u0131ndan sonra yaranm\u0131\u015f Az\u0259rbaycan-Avropa \u015euras\u0131 m\u00fcnasib\u0259tl\u0259rind\u0259 m\u00f6vcud v\u0259ziyy\u0259tin fonunda q\u0259bul edilm\u0259si x\u00fcsusil\u0259 t\u0259\u0259ss\u00fcf do\u011furur.<\/p>\n<p>Biz bir s\u0131ra d\u00f6vl\u0259t qurumlar\u0131 il\u0259 konstruktiv \u0259m\u0259kda\u015fl\u0131\u011f\u0131n \u0259v\u0259zin\u0259, m\u0259suliyy\u0259ti onlar\u0131n \u00fcz\u0259rin\u0259 y\u0131xan s\u00f6z\u00fcged\u0259n ictimai b\u0259yanatdak\u0131 t\u0259nqidl\u0259ri r\u0259dd edirik.<\/p>\n<p>Az\u0259rbaycan azadl\u0131qdan m\u0259hrum edilmi\u015f \u015f\u0259xsl\u0259rin m\u00fcdafi\u0259 olunmas\u0131 il\u0259 yana\u015f\u0131, m\u00fcvafiq t\u0259cr\u00fcb\u0259nin \u00fcmumi q\u0259bul edilmi\u015f standartlara uy\u011funla\u015fd\u0131r\u0131lmas\u0131 sah\u0259sind\u0259 \u0259h\u0259miyy\u0259tli ir\u0259lil\u0259yi\u015f \u0259ld\u0259 etm\u0259kd\u0259dir.<\/p>\n","protected":false},"excerpt":{"rendered":"<p>&#8220;Avropa \u015euras\u0131n\u0131n \u0130\u015fg\u0259nc\u0259nin v\u0259 Qeyri-insani yaxud L\u0259yaq\u0259ti Al\u00e7aldan R\u0259ftar v\u0259 ya C\u0259zan\u0131n Qar\u015f\u0131s\u0131n\u0131n Al\u0131nmas\u0131 \u00fczr\u0259 Komit\u0259sinin (\u0130QAK) Az\u0259rbaycanla ba\u011fl\u0131 iyulun 3-d\u0259 ictimai b\u0259yanat\u0131n d\u0259rc olunmas\u0131 bar\u0259d\u0259 q\u0259rar q\u0259bul etm\u0259si bizi d\u0259rind\u0259n t\u0259\u0259ss\u00fcfl\u0259ndirib&#8221;. ARANTV.AZ \u00a0x\u0259b\u0259r verir ki, bu fikirl\u0259r Xarici \u0130\u015fl\u0259r Nazirliyinin m\u0259tbuat katibi Ayxan Hac\u0131zad\u0259nin Avropa \u015euras\u0131 \u0130QAK-\u0131n ictimai b\u0259yanat\u0131na dair \u015f\u0259rhind\u0259 yer al\u0131b. \u0130QAK, h\u0259m\u00e7inin &#8220;\u0130\u015fg\u0259nc\u0259nin v\u0259 qeyri-insani v\u0259 ya l\u0259yaq\u0259ti al\u00e7aldan r\u0259ftar\u0131n v\u0259 ya c\u0259zan\u0131n qar\u015f\u0131s\u0131n\u0131n al\u0131nmas\u0131 haqq\u0131nda&#8221; Avropa Konvensiyas\u0131n\u0131n t\u0259l\u0259bin\u0259 zidd olaraq Az\u0259rbaycan\u0131n m\u00fcvafiq raz\u0131l\u0131\u011f\u0131 al\u0131nmadan 2022-ci ild\u0259 edilmi\u015f x\u00fcsusi s\u0259f\u0259rinin yekunlar\u0131 \u00fczr\u0259 haz\u0131rlanm\u0131\u015f hesabat\u0131 tam \u015f\u0259kild\u0259&hellip;<\/p>\n","protected":false},"author":2,"featured_media":734539,"comment_status":"closed","ping_status":"closed","sticky":false,"template":"","format":"standard","meta":{"om_disable_all_campaigns":false,"_monsterinsights_skip_tracking":false,"_monsterinsights_sitenote_active":false,"_monsterinsights_sitenote_note":"","_monsterinsights_sitenote_category":0},"categories":[4],"tags":[],"aioseo_notices":[],"gutentor_comment":0,"rttpg_featured_image_url":{"full":["https:\/\/arantv.az\/wp-content\/uploads\/2024\/07\/16710357506271346755_1200x630.jpg",923,630,false],"landscape":["https:\/\/arantv.az\/wp-content\/uploads\/2024\/07\/16710357506271346755_1200x630.jpg",923,630,false],"portraits":["https:\/\/arantv.az\/wp-content\/uploads\/2024\/07\/16710357506271346755_1200x630.jpg",923,630,false],"thumbnail":["https:\/\/arantv.az\/wp-content\/uploads\/2024\/07\/16710357506271346755_1200x630-500x280.jpg",500,280,true],"medium":["https:\/\/arantv.az\/wp-content\/uploads\/2024\/07\/16710357506271346755_1200x630-535x365.jpg",535,365,true],"large":["https:\/\/arantv.az\/wp-content\/uploads\/2024\/07\/16710357506271346755_1200x630-840x573.jpg",640,437,true],"1536x1536":["https:\/\/arantv.az\/wp-content\/uploads\/2024\/07\/16710357506271346755_1200x630.jpg",923,630,false],"2048x2048":["https:\/\/arantv.az\/wp-content\/uploads\/2024\/07\/16710357506271346755_1200x630.jpg",923,630,false],"post-thumbnail":["https:\/\/arantv.az\/wp-content\/uploads\/2024\/07\/16710357506271346755_1200x630-240x172.jpg",240,172,true],"advps-thumb-one":["https:\/\/arantv.az\/wp-content\/uploads\/2024\/07\/16710357506271346755_1200x630-923x620.jpg",923,620,true]},"rttpg_author":{"display_name":"V\u00fcsal Rafiqo\u011flu","author_link":"https:\/\/arantv.az\/?author=2"},"rttpg_comment":0,"rttpg_category":"<a href=\"https:\/\/arantv.az\/?cat=4\" rel=\"category\">Siyas\u0259t<\/a>","rttpg_excerpt":"&#8220;Avropa \u015euras\u0131n\u0131n \u0130\u015fg\u0259nc\u0259nin v\u0259 Qeyri-insani yaxud L\u0259yaq\u0259ti Al\u00e7aldan R\u0259ftar v\u0259 ya C\u0259zan\u0131n Qar\u015f\u0131s\u0131n\u0131n Al\u0131nmas\u0131 \u00fczr\u0259 Komit\u0259sinin (\u0130QAK) Az\u0259rbaycanla ba\u011fl\u0131 iyulun 3-d\u0259 ictimai b\u0259yanat\u0131n d\u0259rc olunmas\u0131 bar\u0259d\u0259 q\u0259rar q\u0259bul etm\u0259si bizi d\u0259rind\u0259n t\u0259\u0259ss\u00fcfl\u0259ndirib&#8221;. ARANTV.AZ \u00a0x\u0259b\u0259r verir ki, bu fikirl\u0259r Xarici \u0130\u015fl\u0259r Nazirliyinin m\u0259tbuat katibi Ayxan Hac\u0131zad\u0259nin Avropa \u015euras\u0131 \u0130QAK-\u0131n ictimai b\u0259yanat\u0131na dair \u015f\u0259rhind\u0259 yer al\u0131b. \u0130QAK,&hellip;","_links":{"self":[{"href":"https:\/\/arantv.az\/index.php?rest_route=\/wp\/v2\/posts\/734538"}],"collection":[{"href":"https:\/\/arantv.az\/index.php?rest_route=\/wp\/v2\/posts"}],"about":[{"href":"https:\/\/arantv.az\/index.php?rest_route=\/wp\/v2\/types\/post"}],"author":[{"embeddable":true,"href":"https:\/\/arantv.az\/index.php?rest_route=\/wp\/v2\/users\/2"}],"replies":[{"embeddable":true,"href":"https:\/\/arantv.az\/index.php?rest_route=%2Fwp%2Fv2%2Fcomments&post=734538"}],"version-history":[{"count":0,"href":"https:\/\/arantv.az\/index.php?rest_route=\/wp\/v2\/posts\/734538\/revisions"}],"wp:featuredmedia":[{"embeddable":true,"href":"https:\/\/arantv.az\/index.php?rest_route=\/wp\/v2\/media\/734539"}],"wp:attachment":[{"href":"https:\/\/arantv.az\/index.php?rest_route=%2Fwp%2Fv2%2Fmedia&parent=734538"}],"wp:term":[{"taxonomy":"category","embeddable":true,"href":"https:\/\/arantv.az\/index.php?rest_route=%2Fwp%2Fv2%2Fcategories&post=734538"},{"taxonomy":"post_tag","embeddable":true,"href":"https:\/\/arantv.az\/index.php?rest_route=%2Fwp%2Fv2%2Ftags&post=734538"}],"curies":[{"name":"wp","href":"https:\/\/api.w.org\/{rel}","templated":true}]}}