{"id":734552,"date":"2024-07-04T10:58:09","date_gmt":"2024-07-04T06:58:09","guid":{"rendered":"https:\/\/arantv.az\/?p=734552"},"modified":"2024-07-04T10:58:09","modified_gmt":"2024-07-04T06:58:09","slug":"nazirl%c9%99r-kabineti-d%c9%99miryol-n%c9%99qliyyati-bar%c9%99d%c9%99-q%c9%99rar-verdi","status":"publish","type":"post","link":"https:\/\/arantv.az\/?p=734552","title":{"rendered":"Nazirl\u0259r Kabineti d\u0259miryol n\u0259qliyyat\u0131 bar\u0259d\u0259 Q\u018fRAR VERD\u0130"},"content":{"rendered":"<p><strong>Nazirl\u0259r Kabineti d\u0259miryol n\u0259qliyyat\u0131nda h\u0259r\u0259k\u0259tin t\u0259\u015fkilind\u0259 birba\u015fa i\u015ftirak ed\u0259n \u015f\u0259xsl\u0259rin v\u0259zif\u0259l\u0259rinin siyah\u0131s\u0131n\u0131n, el\u0259c\u0259 d\u0259 onlar\u0131n geyim formas\u0131n\u0131n, f\u0259rql\u0259nm\u0259 ni\u015fanlar\u0131n\u0131n t\u0259svirinin v\u0259 da\u015f\u0131nmas\u0131 qaydas\u0131n\u0131n t\u0259sdiq edilm\u0259si haqq\u0131nda q\u0259rar q\u0259bul edib.<\/strong><\/p>\n<p><strong>ARANTV.AZ <\/strong>\u00a0x\u0259b\u0259r verir ki, q\u0259rar\u0131 Ba\u015f nazir \u018fli \u018fs\u0259dov imzalay\u0131b.<\/p>\n<p>H\u00f6kum\u0259t ba\u015f\u00e7\u0131s\u0131 h\u0259m\u00e7inin \u201cD\u0259miryol n\u0259qliyyat\u0131 vasit\u0259l\u0259rini idar\u0259 etm\u0259k h\u00fcququnun verilm\u0259si \u00fc\u00e7\u00fcn ixtisas imtahan\u0131n\u0131n t\u0259\u015fkili v\u0259 ke\u00e7irilm\u0259si Qaydas\u0131\u201dn\u0131n t\u0259sdiq edilm\u0259si haqq\u0131nda q\u0259rara imza at\u0131b. Q\u0259rara \u0259sas\u0259n, ixtisas imtahan\u0131 a\u015fa\u011f\u0131dak\u0131 kateqoriyalar \u00fczr\u0259 m\u00fc\u0259yy\u0259n edilmi\u015f d\u0259miryol n\u0259qliyyat\u0131 vasit\u0259l\u0259rin\u0259 m\u00fcnasib\u0259td\u0259 ke\u00e7irilir:<\/p>\n<p>\u201cEq\u201d &#8211; Elektrik qatar\u0131;<\/p>\n<p>\u201cDz\u201d &#8211; Dizel qatar\u0131;<\/p>\n<p>\u201cE\u201d &#8211; Elektrovoz;<\/p>\n<p>\u201cT\u201d &#8211; Teplovoz;<\/p>\n<p>\u201cLm\u201d &#8211; Lokomobil;<\/p>\n<p>\u201cM\/Dr\/Mk\u201d &#8211; Motovoz\/Drezin\/Ma\u015f\u0131n kompleksi.<\/p>\n","protected":false},"excerpt":{"rendered":"<p>Nazirl\u0259r Kabineti d\u0259miryol n\u0259qliyyat\u0131nda h\u0259r\u0259k\u0259tin t\u0259\u015fkilind\u0259 birba\u015fa i\u015ftirak ed\u0259n \u015f\u0259xsl\u0259rin v\u0259zif\u0259l\u0259rinin siyah\u0131s\u0131n\u0131n, el\u0259c\u0259 d\u0259 onlar\u0131n geyim formas\u0131n\u0131n, f\u0259rql\u0259nm\u0259 ni\u015fanlar\u0131n\u0131n t\u0259svirinin v\u0259 da\u015f\u0131nmas\u0131 qaydas\u0131n\u0131n t\u0259sdiq edilm\u0259si haqq\u0131nda q\u0259rar q\u0259bul edib. ARANTV.AZ \u00a0x\u0259b\u0259r verir ki, q\u0259rar\u0131 Ba\u015f nazir \u018fli \u018fs\u0259dov imzalay\u0131b. H\u00f6kum\u0259t ba\u015f\u00e7\u0131s\u0131 h\u0259m\u00e7inin \u201cD\u0259miryol n\u0259qliyyat\u0131 vasit\u0259l\u0259rini idar\u0259 etm\u0259k h\u00fcququnun verilm\u0259si \u00fc\u00e7\u00fcn ixtisas imtahan\u0131n\u0131n t\u0259\u015fkili v\u0259 ke\u00e7irilm\u0259si Qaydas\u0131\u201dn\u0131n t\u0259sdiq edilm\u0259si haqq\u0131nda q\u0259rara imza at\u0131b. Q\u0259rara \u0259sas\u0259n, ixtisas imtahan\u0131 a\u015fa\u011f\u0131dak\u0131 kateqoriyalar \u00fczr\u0259 m\u00fc\u0259yy\u0259n edilmi\u015f d\u0259miryol n\u0259qliyyat\u0131 vasit\u0259l\u0259rin\u0259 m\u00fcnasib\u0259td\u0259 ke\u00e7irilir: \u201cEq\u201d &#8211; Elektrik qatar\u0131; \u201cDz\u201d &#8211; Dizel qatar\u0131; \u201cE\u201d &#8211; Elektrovoz; \u201cT\u201d &#8211; Teplovoz;&hellip;<\/p>\n","protected":false},"author":2,"featured_media":734553,"comment_status":"closed","ping_status":"closed","sticky":false,"template":"","format":"standard","meta":{"om_disable_all_campaigns":false,"_monsterinsights_skip_tracking":false,"_monsterinsights_sitenote_active":false,"_monsterinsights_sitenote_note":"","_monsterinsights_sitenote_category":0},"categories":[1],"tags":[],"aioseo_notices":[],"gutentor_comment":0,"rttpg_featured_image_url":{"full":["https:\/\/arantv.az\/wp-content\/uploads\/2024\/07\/06f1426844f16d4e9788a8939d2814ce.jpg",850,500,false],"landscape":["https:\/\/arantv.az\/wp-content\/uploads\/2024\/07\/06f1426844f16d4e9788a8939d2814ce.jpg",850,500,false],"portraits":["https:\/\/arantv.az\/wp-content\/uploads\/2024\/07\/06f1426844f16d4e9788a8939d2814ce.jpg",850,500,false],"thumbnail":["https:\/\/arantv.az\/wp-content\/uploads\/2024\/07\/06f1426844f16d4e9788a8939d2814ce-500x280.jpg",500,280,true],"medium":["https:\/\/arantv.az\/wp-content\/uploads\/2024\/07\/06f1426844f16d4e9788a8939d2814ce-621x365.jpg",621,365,true],"large":["https:\/\/arantv.az\/wp-content\/uploads\/2024\/07\/06f1426844f16d4e9788a8939d2814ce-840x494.jpg",640,376,true],"1536x1536":["https:\/\/arantv.az\/wp-content\/uploads\/2024\/07\/06f1426844f16d4e9788a8939d2814ce.jpg",850,500,false],"2048x2048":["https:\/\/arantv.az\/wp-content\/uploads\/2024\/07\/06f1426844f16d4e9788a8939d2814ce.jpg",850,500,false],"post-thumbnail":["https:\/\/arantv.az\/wp-content\/uploads\/2024\/07\/06f1426844f16d4e9788a8939d2814ce-240x172.jpg",240,172,true],"advps-thumb-one":["https:\/\/arantv.az\/wp-content\/uploads\/2024\/07\/06f1426844f16d4e9788a8939d2814ce.jpg",850,500,false]},"rttpg_author":{"display_name":"V\u00fcsal Rafiqo\u011flu","author_link":"https:\/\/arantv.az\/?author=2"},"rttpg_comment":0,"rttpg_category":"<a href=\"https:\/\/arantv.az\/?cat=1\" rel=\"category\">C\u0259miyy\u0259t<\/a>","rttpg_excerpt":"Nazirl\u0259r Kabineti d\u0259miryol n\u0259qliyyat\u0131nda h\u0259r\u0259k\u0259tin t\u0259\u015fkilind\u0259 birba\u015fa i\u015ftirak ed\u0259n \u015f\u0259xsl\u0259rin v\u0259zif\u0259l\u0259rinin siyah\u0131s\u0131n\u0131n, el\u0259c\u0259 d\u0259 onlar\u0131n geyim formas\u0131n\u0131n, f\u0259rql\u0259nm\u0259 ni\u015fanlar\u0131n\u0131n t\u0259svirinin v\u0259 da\u015f\u0131nmas\u0131 qaydas\u0131n\u0131n t\u0259sdiq edilm\u0259si haqq\u0131nda q\u0259rar q\u0259bul edib. ARANTV.AZ \u00a0x\u0259b\u0259r verir ki, q\u0259rar\u0131 Ba\u015f nazir \u018fli \u018fs\u0259dov imzalay\u0131b. H\u00f6kum\u0259t ba\u015f\u00e7\u0131s\u0131 h\u0259m\u00e7inin \u201cD\u0259miryol n\u0259qliyyat\u0131 vasit\u0259l\u0259rini idar\u0259 etm\u0259k h\u00fcququnun verilm\u0259si \u00fc\u00e7\u00fcn ixtisas imtahan\u0131n\u0131n t\u0259\u015fkili v\u0259 ke\u00e7irilm\u0259si&hellip;","_links":{"self":[{"href":"https:\/\/arantv.az\/index.php?rest_route=\/wp\/v2\/posts\/734552"}],"collection":[{"href":"https:\/\/arantv.az\/index.php?rest_route=\/wp\/v2\/posts"}],"about":[{"href":"https:\/\/arantv.az\/index.php?rest_route=\/wp\/v2\/types\/post"}],"author":[{"embeddable":true,"href":"https:\/\/arantv.az\/index.php?rest_route=\/wp\/v2\/users\/2"}],"replies":[{"embeddable":true,"href":"https:\/\/arantv.az\/index.php?rest_route=%2Fwp%2Fv2%2Fcomments&post=734552"}],"version-history":[{"count":0,"href":"https:\/\/arantv.az\/index.php?rest_route=\/wp\/v2\/posts\/734552\/revisions"}],"wp:featuredmedia":[{"embeddable":true,"href":"https:\/\/arantv.az\/index.php?rest_route=\/wp\/v2\/media\/734553"}],"wp:attachment":[{"href":"https:\/\/arantv.az\/index.php?rest_route=%2Fwp%2Fv2%2Fmedia&parent=734552"}],"wp:term":[{"taxonomy":"category","embeddable":true,"href":"https:\/\/arantv.az\/index.php?rest_route=%2Fwp%2Fv2%2Fcategories&post=734552"},{"taxonomy":"post_tag","embeddable":true,"href":"https:\/\/arantv.az\/index.php?rest_route=%2Fwp%2Fv2%2Ftags&post=734552"}],"curies":[{"name":"wp","href":"https:\/\/api.w.org\/{rel}","templated":true}]}}