{"id":734556,"date":"2024-07-04T12:41:29","date_gmt":"2024-07-04T08:41:29","guid":{"rendered":"https:\/\/arantv.az\/?p=734556"},"modified":"2024-07-04T12:41:29","modified_gmt":"2024-07-04T08:41:29","slug":"az%c9%99rbaycanla-nato-nun-%c9%99m%c9%99kdasliq-planlari-turkiy%c9%99-uz%c9%99rind%c9%99n-yoxsa","status":"publish","type":"post","link":"https:\/\/arantv.az\/?p=734556","title":{"rendered":"Az\u0259rbaycanla NATO-nun \u0259m\u0259kda\u015fl\u0131q planlar\u0131 &#8211; T\u00fcrkiy\u0259 \u00fcz\u0259rind\u0259n, yoxsa&#8230;"},"content":{"rendered":"<p><strong>Alyans general\u0131 Bak\u0131dad\u0131r, O\u2019Brayn is\u0259 \u00f6lk\u0259mizi NATO sammitin\u0259 d\u0259v\u0259t edib; Az\u0259rbaycan\u0131n bloka \u00fczvl\u00fck h\u0259d\u0259fi yoxdur v\u0259 do\u011fru strategiyad\u0131r &#8211; siyasi v\u0259 h\u0259rbi analitikl\u0259rin r\u0259yi\u00a0<\/strong><\/p>\n<p>Az\u0259rbaycanla NATO \u0259laq\u0259l\u0259ri \u00f6z\u00fcn\u00fcn yeni m\u0259rh\u0259l\u0259sin\u0259 q\u0259d\u0259m qoyub. NATO-nun Ba\u015f katibi Yens Stoltenberq martda Az\u0259rbaycanda s\u0259f\u0259rd\u0259 olark\u0259n bununla ba\u011fl\u0131 anons verilmi\u015fdi.<\/p>\n<p>Art\u0131q bu istiqam\u0259td\u0259 praktiki f\u0259aliyy\u0259t\u0259 start verilib. NATO-nun Brunssum Birg\u0259 Q\u00fcvv\u0259l\u0259r Komandanl\u0131\u011f\u0131n\u0131n q\u0259rargah r\u0259isinin m\u00fcavini general-mayor Stefan Fiks \u00f6lk\u0259miz\u0259 s\u0259f\u0259r edib. \u0130yulun 2-d\u0259 m\u00fcdafi\u0259 nazirinin birinci m\u00fcavini &#8211; Az\u0259rbaycan Ordusunun Ba\u015f Q\u0259rargah r\u0259isi general-polkovnik K\u0259rim V\u0259liyev Stefan Fiksl\u0259 g\u00f6r\u00fc\u015f\u00fcb. T\u0259r\u0259fl\u0259r regional t\u0259hl\u00fck\u0259sizlik, habel\u0259 Az\u0259rbaycan-NATO \u0259m\u0259kda\u015fl\u0131\u011f\u0131n\u0131n cari v\u0259ziyy\u0259ti v\u0259 perspektivl\u0259ri bar\u0259d\u0259 fikir m\u00fcbadil\u0259si apar\u0131blar. Bundan \u0259lav\u0259, Az\u0259rbaycan NATO-nun xarici i\u015fl\u0259r nazirl\u0259ri s\u0259viyy\u0259sind\u0259 Va\u015finqtonda ke\u00e7iril\u0259c\u0259k sammitin\u0259 d\u0259v\u0259t olunub. Bunu jurnalistl\u0259r\u0259 a\u00e7\u0131qlamas\u0131nda AB\u015e d\u00f6vl\u0259t katibinin Avropa v\u0259 Avrasiya m\u0259s\u0259l\u0259l\u0259ri \u00fczr\u0259 k\u00f6m\u0259k\u00e7isi Ceyms O\u2019Brayn deyib. O vur\u011fulay\u0131b ki, AB\u015e d\u00f6vl\u0259t katibi Entoni Blinken bu t\u0259dbiri Az\u0259rbaycan v\u0259 Erm\u0259nistan daxil olmaqla, \u015eimali Atlantika Alyans\u0131n\u0131n b\u00fct\u00fcn t\u0259r\u0259fda\u015f \u00f6lk\u0259l\u0259ri \u00fc\u00e7\u00fcn t\u0259\u015fkil edir.<\/p>\n<p>Habel\u0259 Az\u0259rbaycan Prezidentinin k\u00f6m\u0259k\u00e7isi-Prezident Administrasiyas\u0131n\u0131n Xarici siyas\u0259t m\u0259s\u0259l\u0259l\u0259ri \u015f\u00f6b\u0259sinin m\u00fcdiri Hikm\u0259t Hac\u0131yev 12-13 iyun 2024-c\u00fc il tarixl\u0259rind\u0259 Bel\u00e7ikada s\u0259f\u0259rd\u0259 olub. S\u0259f\u0259r \u00e7\u0259r\u00e7iv\u0259sind\u0259 Hikm\u0259t Hac\u0131yev NATO m\u0259nzil-q\u0259rargah\u0131nda m\u00fctt\u0259fiq d\u00f6vl\u0259tl\u0259rin i\u015ftirak\u0131 il\u0259 \u201cNATO+Az\u0259rbaycan\u201d format\u0131nda siyasi dialoqda i\u015ftirak edib. S\u0259f\u0259r \u00e7\u0259r\u00e7iv\u0259sind\u0259 Hikm\u0259t Hac\u0131yev, h\u0259m\u00e7inin NATO Ba\u015f katibinin \u0130nnovasiya, Hibrid v\u0259 Kiber \u00fczr\u0259 k\u00f6m\u0259k\u00e7isinin m\u00fcavini Ceyms Appaturay, NATO Ba\u015f katibinin Qafqaz v\u0259 M\u0259rk\u0259zi Asiya \u00fczr\u0259 x\u00fcsusi n\u00fcmay\u0259nd\u0259si Xavier Kolomina v\u0259 T\u00fcrkiy\u0259nin NATO yan\u0131nda daimi n\u00fcmay\u0259nd\u0259si Zeki Levent G\u00fcmr\u00fck\u00e7\u00fc il\u0259 g\u00f6r\u00fc\u015f ke\u00e7irib. Bu il Az\u0259rbaycan-NATO t\u0259r\u0259fda\u015fl\u0131\u011f\u0131n\u0131n \u0259sas\u0131n\u0131 t\u0259\u015fkil ed\u0259n S\u00fclh Namin\u0259 T\u0259r\u0259fda\u015fl\u0131q (SNT) \u00c7\u0259r\u00e7iv\u0259 S\u0259n\u0259dinin imzalanmas\u0131n\u0131n 30-cu ild\u00f6n\u00fcm\u00fc tamam olur. B\u0259s NATO il\u0259 konkret hans\u0131 formatl\u0131 \u0259m\u0259kda\u015fl\u0131qlar n\u0259z\u0259rd\u0259 tutulur v\u0259 Az\u0259rbaycan\u0131n milli, regional maraqlar\u0131na n\u0259l\u0259r uy\u011fundur? NATO il\u0259 \u0259m\u0259kda\u015fl\u0131\u011f\u0131n d\u0259rinl\u0259\u015fdirilm\u0259si T\u00fcrkiy\u0259 \u00fcz\u0259rind\u0259n h\u0259yata ke\u00e7iril\u0259c\u0259k, yoxsa birba\u015fa \u0259laq\u0259l\u0259r daha effektivdir? \u00dcmumiyy\u0259tl\u0259, Az\u0259rbaycan\u0131n r\u0259hb\u0259rliyi d\u0259f\u0259l\u0259rl\u0259 b\u0259yan edib ki, onlar n\u0259inki NATO-ya \u00fczv olma\u011fa, h\u0259tta Avropa Birliyi il\u0259 assosiativ sazi\u015f imzalama\u011fa bel\u0259 niyy\u0259tl\u0259ri yoxdur. Az\u0259rbaycan\u0131n NATO il\u0259 \u0259m\u0259kda\u015fl\u0131\u011f\u0131 f\u0259rdi t\u0259r\u0259fda\u015fl\u0131q proqram\u0131 \u00e7\u0259r\u00e7iv\u0259sind\u0259 qal\u0131b. \u0130ll\u0259rdir Az\u0259rbaycan NATO il\u0259 f\u0259rdi t\u0259r\u0259fda\u015fl\u0131q proqram\u0131 \u00e7\u0259r\u00e7iv\u0259sind\u0259 t\u0259r\u0259fda\u015fl\u0131q edir. \u00d6lk\u0259miz 1997-ci ilin iyulunda NATO-nun Avroatlantika \u018fm\u0259kda\u015fl\u0131q \u015euras\u0131 adl\u0131 qurumuna da qo\u015fulub. H\u0259min il Az\u0259rbaycan NATO-nun Br\u00fcsseld\u0259ki m\u0259nzil-q\u0259rargah\u0131nda \u00f6z diplomatik n\u00fcmay\u0259nd\u0259liyini a\u00e7\u0131b. \u0130ki il sonra is\u0259 Az\u0259rbaycan NATO-nun r\u0259hb\u0259rliyi il\u0259 Kosovoda apar\u0131lan s\u00fclhm\u0259raml\u0131 \u0259m\u0259liyyatlara yard\u0131m\u00e7\u0131 olmaq m\u0259qs\u0259dil\u0259 h\u0259rbi b\u00f6lm\u0259 g\u00f6nd\u0259rib. H\u0259min vaxtdan ba\u015flayaraq, Az\u0259rbaycan\u0131n bu n\u00fcfuzlu qurumla m\u00fcnasib\u0259tl\u0259ri getdikc\u0259 yax\u015f\u0131la\u015f\u0131b.<\/p>\n<p><img loading=\"lazy\" src=\"https:\/\/gdb.voanews.com\/09690000-0a00-0242-93ee-08da6586e996_w1200_r1.jpg\" alt=\"Azad \u0130sazad\u0259: M\u00fcharib\u0259 i\u015ftirak\u00e7\u0131lar\u0131n\u0131n \u0259sas \u015fikay\u0259ti bel\u0259dir: &quot;Bizi  dinl\u0259m\u0259k ist\u0259mirl\u0259r&quot;\" width=\"978\" height=\"550\" \/><\/p>\n<p><strong>Azad \u0130sazad\u0259<\/strong><\/p>\n<p><strong>H\u0259rbi ekspert Azad \u0130sazad\u0259nin \u201cYeni M\u00fcsavat\u201da bildirdiyin\u0259 g\u00f6r\u0259, indi alyans \u00fczv\u00fc olmaq ist\u0259s\u0259k d\u0259 m\u00fcmk\u00fcn deyil, s\u0259b\u0259b bunun uzunm\u00fcdd\u0259tli v\u0259 m\u00fcr\u0259kk\u0259b proses olmas\u0131d\u0131r: \u201c\u0130nanm\u0131ram ki, birinci biz ist\u0259y\u0259k, ona da inanm\u0131ram ki, bizi tezlikl\u0259 \u00fczv q\u0259bul ed\u0259l\u0259r. Az\u0259rbaycan\u0131n NATO d\u00f6vl\u0259tl\u0259ri il\u0259 strateji m\u00f6vqel\u0259ri \u00fcst-\u00fcst\u0259 d\u00fc\u015f\u00fcr, maraqlar uy\u011funla\u015f\u0131r. Biz NATO ordusu olan T\u00fcrkiy\u0259 il\u0259 birg\u0259 ordu qurmaqday\u0131q. Az\u0259rbaycan ordusu NATO standartlar\u0131na getdikc\u0259 yax\u0131nla\u015f\u0131r. Amma siyasi aspektd\u0259n alyansa qo\u015fulma\u011fa g\u0259l\u0259c\u0259kd\u0259 bax\u0131la bil\u0259r\u201d. H\u0259rbi analitikin fikrinc\u0259, Erm\u0259nistanla s\u00fclh m\u00fcqavil\u0259si imzalanmay\u0131b v\u0259 NATO-ya qo\u015fulmaq kimi bir ist\u0259k d\u0259 g\u00fcnd\u0259md\u0259 deyil:<\/strong>\u00a0\u201cNATO C\u0259nubi Qafqaz \u00f6lk\u0259l\u0259rini birg\u0259 q\u0259bul etm\u0259k ist\u0259y\u0259c\u0259k, ya da g\u0259l\u0259c\u0259kd\u0259 bunu hans\u0131sa formada realla\u015fd\u0131rma\u011f\u0131 n\u0259z\u0259rd\u0259n ke\u00e7ir\u0259c\u0259k. Haz\u0131rda bizim strategiyam\u0131z NATO-ya \u00fczvl\u00fck niyy\u0259ti ortaya qoymadan, bu blok s\u0259viyy\u0259sind\u0259 ordu formala\u015fd\u0131rmaqd\u0131r\u201d.<\/p>\n<p><img loading=\"lazy\" src=\"https:\/\/konkret.az\/cloud\/uploads\/2021\/04\/elxansahinoglu.jpg\" alt=\"Elxan \u015eahino\u011flu son \u00e7\u0131x\u0131\u015f\u0131 il\u0259 \u00f6z\u00fcn\u00fc v\u0259 \u201ca\u011falar\u0131n\u0131\u201d bel\u0259 \u0259l\u0259 verdi -  \u018fTRAFLI | KONKRET\" width=\"851\" height=\"586\" \/><\/p>\n<p><strong>Elxan \u015eahino\u011flu<\/strong><\/p>\n<p><strong>\u201cAtlas\u201d Ara\u015fd\u0131rmalar M\u0259rk\u0259zinin r\u0259hb\u0259ri Elxan \u015eahino\u011flunun fikrinc\u0259, Az\u0259rbaycan h\u0259rbi bloklara qo\u015fulmasa da, NATO il\u0259 \u0259m\u0259kda\u015fl\u0131\u011f\u0131n davam\u0131nda maraql\u0131d\u0131r:<\/strong>\u00a0\u201c\u00c7\u00fcnki Az\u0259rbaycan Ordusu T\u00fcrkiy\u0259 v\u0259 dem\u0259li, NATO standartlar\u0131n\u0131 m\u0259nims\u0259m\u0259yi qar\u015f\u0131s\u0131na m\u0259qs\u0259d qoyub. Az\u0259rbaycan Prezidenti \u0130lham \u018fliyevin &#8220;Az\u0259rbaycan Ordusu T\u00fcrkiy\u0259 Ordusunun ki\u00e7ik modelin\u0259 \u00e7evrilm\u0259lidir&#8221; tezisi buna d\u0259lal\u0259t edir. Az\u0259rbaycan Ordusunun Ba\u015f Q\u0259rargah r\u0259isi K\u0259rim V\u0259liyev \u00f6lk\u0259mizd\u0259 s\u0259f\u0259rd\u0259 olan NATO-nun Birg\u0259 Q\u00fcvv\u0259l\u0259r Komandanl\u0131\u011f\u0131n\u0131n q\u0259rargah r\u0259isinin m\u00fcavini general-mayor Stefan Fiksl\u0259 g\u00f6r\u00fc\u015f\u00fcb. Bu g\u00f6r\u00fc\u015fd\u0259 veril\u0259n isti mesajlar bir daha onu g\u00f6st\u0259rir ki, \u0259m\u0259kda\u015fl\u0131\u011f\u0131n inki\u015faf\u0131nda h\u0259r iki t\u0259r\u0259f maraql\u0131d\u0131r&#8221;. Politoloq hesab edir ki, Az\u0259rbaycan\u0131n NATO \u00fczvl\u00fcy\u00fc kimi h\u0259d\u0259fi yoxdur, bu, do\u011fru strategiyad\u0131r: \u201cBel\u0259 bir h\u0259d\u0259fi qoysaq bel\u0259, \u015eimali Atlantika Blokuna \u00fczv olmayaca\u011f\u0131m\u0131z bir yana, \u015fimal v\u0259 c\u0259nub istiqam\u0259tind\u0259n artan t\u0259zyiql\u0259 \u00fczl\u0259\u015f\u0259c\u0259yik. Bu biz\u0259 laz\u0131m deyil. Az\u0259rbaycan \u00fc\u00e7\u00fcn NATO-nun h\u0259rbi g\u00fcc\u00fcn\u0259 g\u00f6r\u0259 ikinci \u0259n b\u00f6y\u00fck d\u00f6vl\u0259ti olan T\u00fcrkiy\u0259 il\u0259 h\u0259rbi strateji m\u00fctt\u0259fiqliyi g\u00fccl\u0259ndirm\u0259k kifay\u0259tdir. Buna is\u0259 he\u00e7 kim etiraz ed\u0259 bilm\u0259z, bu reall\u0131\u011f\u0131 Rusiya v\u0259 \u0130ran da q\u0259bul edib\u201d.<\/p>\n<p><strong>Emil SALAMO\u011eLU,<\/strong><br \/>\n<strong>\u201cYeni M\u00fcsavat\u201d<\/strong><\/p>\n","protected":false},"excerpt":{"rendered":"<p>Alyans general\u0131 Bak\u0131dad\u0131r, O\u2019Brayn is\u0259 \u00f6lk\u0259mizi NATO sammitin\u0259 d\u0259v\u0259t edib; Az\u0259rbaycan\u0131n bloka \u00fczvl\u00fck h\u0259d\u0259fi yoxdur v\u0259 do\u011fru strategiyad\u0131r &#8211; siyasi v\u0259 h\u0259rbi analitikl\u0259rin r\u0259yi\u00a0 Az\u0259rbaycanla NATO \u0259laq\u0259l\u0259ri \u00f6z\u00fcn\u00fcn yeni m\u0259rh\u0259l\u0259sin\u0259 q\u0259d\u0259m qoyub. NATO-nun Ba\u015f katibi Yens Stoltenberq martda Az\u0259rbaycanda s\u0259f\u0259rd\u0259 olark\u0259n bununla ba\u011fl\u0131 anons verilmi\u015fdi. Art\u0131q bu istiqam\u0259td\u0259 praktiki f\u0259aliyy\u0259t\u0259 start verilib. NATO-nun Brunssum Birg\u0259 Q\u00fcvv\u0259l\u0259r Komandanl\u0131\u011f\u0131n\u0131n q\u0259rargah r\u0259isinin m\u00fcavini general-mayor Stefan Fiks \u00f6lk\u0259miz\u0259 s\u0259f\u0259r edib. \u0130yulun 2-d\u0259 m\u00fcdafi\u0259 nazirinin birinci m\u00fcavini &#8211; Az\u0259rbaycan Ordusunun Ba\u015f Q\u0259rargah r\u0259isi general-polkovnik K\u0259rim V\u0259liyev Stefan Fiksl\u0259 g\u00f6r\u00fc\u015f\u00fcb. T\u0259r\u0259fl\u0259r regional t\u0259hl\u00fck\u0259sizlik, habel\u0259 Az\u0259rbaycan-NATO \u0259m\u0259kda\u015fl\u0131\u011f\u0131n\u0131n&hellip;<\/p>\n","protected":false},"author":2,"featured_media":734557,"comment_status":"closed","ping_status":"closed","sticky":false,"template":"","format":"standard","meta":{"om_disable_all_campaigns":false,"_monsterinsights_skip_tracking":false,"_monsterinsights_sitenote_active":false,"_monsterinsights_sitenote_note":"","_monsterinsights_sitenote_category":0},"categories":[4],"tags":[],"aioseo_notices":[],"gutentor_comment":0,"rttpg_featured_image_url":{"full":["https:\/\/arantv.az\/wp-content\/uploads\/2024\/07\/f93aa01dffca8f8e2ed2b693a218b458.jpg",721,500,false],"landscape":["https:\/\/arantv.az\/wp-content\/uploads\/2024\/07\/f93aa01dffca8f8e2ed2b693a218b458.jpg",721,500,false],"portraits":["https:\/\/arantv.az\/wp-content\/uploads\/2024\/07\/f93aa01dffca8f8e2ed2b693a218b458.jpg",721,500,false],"thumbnail":["https:\/\/arantv.az\/wp-content\/uploads\/2024\/07\/f93aa01dffca8f8e2ed2b693a218b458-500x280.jpg",500,280,true],"medium":["https:\/\/arantv.az\/wp-content\/uploads\/2024\/07\/f93aa01dffca8f8e2ed2b693a218b458-526x365.jpg",526,365,true],"large":["https:\/\/arantv.az\/wp-content\/uploads\/2024\/07\/f93aa01dffca8f8e2ed2b693a218b458.jpg",640,444,false],"1536x1536":["https:\/\/arantv.az\/wp-content\/uploads\/2024\/07\/f93aa01dffca8f8e2ed2b693a218b458.jpg",721,500,false],"2048x2048":["https:\/\/arantv.az\/wp-content\/uploads\/2024\/07\/f93aa01dffca8f8e2ed2b693a218b458.jpg",721,500,false],"post-thumbnail":["https:\/\/arantv.az\/wp-content\/uploads\/2024\/07\/f93aa01dffca8f8e2ed2b693a218b458-240x172.jpg",240,172,true],"advps-thumb-one":["https:\/\/arantv.az\/wp-content\/uploads\/2024\/07\/f93aa01dffca8f8e2ed2b693a218b458.jpg",721,500,false]},"rttpg_author":{"display_name":"V\u00fcsal Rafiqo\u011flu","author_link":"https:\/\/arantv.az\/?author=2"},"rttpg_comment":0,"rttpg_category":"<a href=\"https:\/\/arantv.az\/?cat=4\" rel=\"category\">Siyas\u0259t<\/a>","rttpg_excerpt":"Alyans general\u0131 Bak\u0131dad\u0131r, O\u2019Brayn is\u0259 \u00f6lk\u0259mizi NATO sammitin\u0259 d\u0259v\u0259t edib; Az\u0259rbaycan\u0131n bloka \u00fczvl\u00fck h\u0259d\u0259fi yoxdur v\u0259 do\u011fru strategiyad\u0131r &#8211; siyasi v\u0259 h\u0259rbi analitikl\u0259rin r\u0259yi\u00a0 Az\u0259rbaycanla NATO \u0259laq\u0259l\u0259ri \u00f6z\u00fcn\u00fcn yeni m\u0259rh\u0259l\u0259sin\u0259 q\u0259d\u0259m qoyub. NATO-nun Ba\u015f katibi Yens Stoltenberq martda Az\u0259rbaycanda s\u0259f\u0259rd\u0259 olark\u0259n bununla ba\u011fl\u0131 anons verilmi\u015fdi. Art\u0131q bu istiqam\u0259td\u0259 praktiki f\u0259aliyy\u0259t\u0259 start verilib. NATO-nun Brunssum Birg\u0259&hellip;","_links":{"self":[{"href":"https:\/\/arantv.az\/index.php?rest_route=\/wp\/v2\/posts\/734556"}],"collection":[{"href":"https:\/\/arantv.az\/index.php?rest_route=\/wp\/v2\/posts"}],"about":[{"href":"https:\/\/arantv.az\/index.php?rest_route=\/wp\/v2\/types\/post"}],"author":[{"embeddable":true,"href":"https:\/\/arantv.az\/index.php?rest_route=\/wp\/v2\/users\/2"}],"replies":[{"embeddable":true,"href":"https:\/\/arantv.az\/index.php?rest_route=%2Fwp%2Fv2%2Fcomments&post=734556"}],"version-history":[{"count":0,"href":"https:\/\/arantv.az\/index.php?rest_route=\/wp\/v2\/posts\/734556\/revisions"}],"wp:featuredmedia":[{"embeddable":true,"href":"https:\/\/arantv.az\/index.php?rest_route=\/wp\/v2\/media\/734557"}],"wp:attachment":[{"href":"https:\/\/arantv.az\/index.php?rest_route=%2Fwp%2Fv2%2Fmedia&parent=734556"}],"wp:term":[{"taxonomy":"category","embeddable":true,"href":"https:\/\/arantv.az\/index.php?rest_route=%2Fwp%2Fv2%2Fcategories&post=734556"},{"taxonomy":"post_tag","embeddable":true,"href":"https:\/\/arantv.az\/index.php?rest_route=%2Fwp%2Fv2%2Ftags&post=734556"}],"curies":[{"name":"wp","href":"https:\/\/api.w.org\/{rel}","templated":true}]}}