{"id":734560,"date":"2024-07-04T12:42:09","date_gmt":"2024-07-04T08:42:09","guid":{"rendered":"https:\/\/arantv.az\/?p=734560"},"modified":"2024-07-04T12:42:09","modified_gmt":"2024-07-04T08:42:09","slug":"az%c9%99rbaycanda-elektrobus-istehsalina-baslanilir-xarici-bazarlara-cixa-bil%c9%99c%c9%99kmi","status":"publish","type":"post","link":"https:\/\/arantv.az\/?p=734560","title":{"rendered":"Az\u0259rbaycanda elektrobus istehsal\u0131na ba\u015flan\u0131l\u0131r &#8211; xarici bazarlara \u00e7\u0131xa bil\u0259c\u0259kmi?"},"content":{"rendered":"<h3><strong>Fikr\u0259t Yusifov: \u201cMDB m\u0259kan\u0131nda elektrik m\u00fch\u0259rrikli avtobuslar\u0131n\u00a0 al\u0131c\u0131lar\u0131 yet\u0259rinc\u0259 olacaq\u201d<\/strong><\/h3>\n<p><strong>\u0130qtisadiyyat Nazirliyind\u0259n veril\u0259n m\u0259lumata g\u00f6r\u0259, Az\u0259rbaycanda g\u0259l\u0259n il elektrik m\u00fch\u0259rrikli avtobuslar\u0131n istehsal\u0131 zavodu tikil\u0259c\u0259k.<\/strong><\/p>\n<p>X\u0259b\u0259rd\u0259 bildirilir ki, ba\u015f nazirin m\u00fcavini \u015eahin Mustafayevin i\u015ftirak\u0131 il\u0259 ke\u00e7iril\u0259n g\u00f6r\u00fc\u015fd\u0259 \u00f6lk\u0259mizd\u0259 avtobus park\u0131n\u0131n yerli istehsal hesab\u0131na t\u0259min edilm\u0259si m\u0259qs\u0259dil\u0259 \u00c7inin \u201cBYD Company Limited\u201d (BYD) \u015firk\u0259ti il\u0259 \u00e7\u0259r\u00e7iv\u0259 sazi\u015fi imzalan\u0131b. \u00c7\u0259r\u00e7iv\u0259 sazi\u015fi elektrik m\u00fch\u0259rrikli avtobuslar\u0131n al\u0131nmas\u0131n\u0131, onlara xidm\u0259tin g\u00f6st\u0259rilm\u0259sini, \u00f6lk\u0259mizd\u0259 istehsal\u0131n qurulmas\u0131n\u0131 v\u0259 lokalla\u015fd\u0131r\u0131lmas\u0131n\u0131 n\u0259z\u0259rd\u0259 tutur. Sazi\u015fin m\u0259qs\u0259di \u00f6lk\u0259mizd\u0259 elektrik n\u0259qliyyat\u0131 infrastrukturunun inki\u015faf\u0131, s\u0259rni\u015finl\u0259rin rahatl\u0131\u011f\u0131n\u0131n t\u0259min edilm\u0259si v\u0259 \u0259traf m\u00fchit\u0259 z\u0259r\u0259rli t\u0259sirin azald\u0131lmas\u0131, habel\u0259 \u00f6lk\u0259nin ekoloji v\u0259ziyy\u0259tinin yax\u015f\u0131la\u015fd\u0131r\u0131lmas\u0131d\u0131r.<\/p>\n<p>\u00c7\u0259r\u00e7iv\u0259 sazi\u015fin\u0259 \u0259sas\u0259n yarad\u0131lacaq birg\u0259 m\u00fc\u0259ssis\u0259 t\u0259r\u0259find\u0259n Sumqay\u0131t Kimya S\u0259naye Park\u0131nda 2025-ci ild\u0259 elektrik m\u00fch\u0259rrikli avtobuslar\u0131n istehsal\u0131 zavodu tikil\u0259c\u0259k. \u0130nvestisiya h\u0259cmi 34 mln. dollar olan layih\u0259 \u00e7\u0259r\u00e7iv\u0259sind\u0259 800 yeni i\u015f yerinin yarad\u0131lmas\u0131 planla\u015fd\u0131r\u0131l\u0131r. Bununla yana\u015f\u0131, ehtiyat hiss\u0259l\u0259rinin m\u0259rh\u0259l\u0259li \u015f\u0259kild\u0259 lokalla\u015fd\u0131r\u0131lmas\u0131 n\u0259z\u0259rd\u0259 tutulur. Az\u0259rbaycanda avtobus istehsal\u0131 m\u00fc\u0259ssis\u0259si f\u0259aliyy\u0259t\u0259 ba\u015flayanad\u0259k \u015firk\u0259td\u0259n elektrik avtobuslar\u0131 al\u0131nacaq.<\/p>\n<p>Xat\u0131rladaq ki, R\u0259q\u0259msal \u0130nki\u015faf v\u0259 N\u0259qliyyat Nazirliyi yan\u0131nda Az\u0259rbaycan Yer\u00fcst\u00fc N\u0259qliyyat Agentliyinin (AYNA) \u0130dar\u0259 Hey\u0259tinin s\u0259dri Anar Rzayev bir m\u00fcdd\u0259t \u00f6nc\u0259 a\u00e7\u0131qlamalar\u0131nda birind\u0259 bildirmi\u015fdi ki, Az\u0259rbaycan\u0131n ictimai n\u0259qliyyat\u0131nda avtobuslar\u0131n say\u0131n\u0131n art\u0131r\u0131lmas\u0131 h\u0259d\u0259fl\u0259nir.<\/p>\n<p>\u201c\u0130ctimai n\u0259qliyyatda d\u0259yi\u015fiklikl\u0259r olacaq. \u00d6lk\u0259y\u0259 elektrik m\u00fch\u0259rrikli avtobuslar g\u0259tirilib. Mar\u015frutlarda avtobuslar\u0131n yerl\u0259rini d\u0259yi\u015fdirm\u0259kl\u0259 biz avtobuslar\u0131n y\u00fckl\u00fcl\u00fcy\u00fcn\u00fcn azalmas\u0131na nail olmu\u015fuq. Haz\u0131rda avtobuslar\u0131n daxilind\u0259 yer var. Bak\u0131n\u0131n yeni mar\u015frut \u015f\u0259b\u0259k\u0259si haz\u0131rd\u0131r. Biz onu r\u0259q\u0259msal \u0259kiz\u0259 \u00f6t\u00fcrm\u00fc\u015f\u00fck. Mar\u015frut x\u0259tl\u0259rinin say\u0131 azalacaq, mar\u015frutlarda avtobuslar\u0131n say\u0131 artacaq. Bir-birini t\u0259krarlayan mar\u015frutlar d\u0259yi\u015fdiril\u0259c\u0259k. M\u0259qs\u0259d odur ki, f\u0259rdi n\u0259qliyyat vasit\u0259l\u0259rind\u0259n avtobuslara ke\u00e7id olsun v\u0259 s\u0131xl\u0131q azals\u0131n. Bak\u0131n\u0131n avtomobill\u0259rd\u0259n daha \u00e7ox piyada y\u00f6n\u00fcml\u00fc olmas\u0131 \u00fc\u00e7\u00fcn add\u0131mlar at\u0131l\u0131r\u201d, &#8211; dey\u0259 o qeyd edib.<\/p>\n<p>Onu da qeyd etm\u0259k yerin\u0259 d\u00fc\u015f\u0259r ki, Avropada t\u0259miz, alternativ yanacaql\u0131 avtobuslar\u0131n geni\u015fmiqyasl\u0131 t\u0259tbiqini t\u0259\u015fviq etm\u0259k \u00fc\u00e7\u00fcn T\u0259miz Avtobus B\u0259yannam\u0259si (BUS 2025) imzalan\u0131b. Bel\u0259 ki, d\u00fcnya yollar\u0131nda h\u0259r\u0259k\u0259t ed\u0259n avtobuslar\u0131n t\u0259qrib\u0259n yar\u0131s\u0131 n\u00f6vb\u0259ti 5 il \u0259rzind\u0259 tamamil\u0259 elektrik avtobuslara ke\u00e7idi planla\u015fd\u0131r\u0131l\u0131r.<\/p>\n<p><img loading=\"lazy\" src=\"https:\/\/cdn.musavat.com\/news\/thumbnails\/74a5697eff0a0a4675e215ca6554b53f.jpg\" alt=\"fikret.jpeg (167 KB)\" width=\"800\" height=\"500\" \/><\/p>\n<p><strong>Sabiq maliyy\u0259 naziri, professor Fikr\u0259t Yusifov \u201cYeni M\u00fcsavat\u201da a\u00e7\u0131qlamas\u0131nda bildirdi ki, elektrik m\u00fch\u0259rrikli avtobuslar\u0131n istehsal\u0131 zavodu i\u015f\u0259 d\u00fc\u015f\u0259nd\u0259n sonra t\u0259kc\u0259 yerli t\u0259l\u0259bat\u0131 deyil, ixrac\u0131 da n\u0259z\u0259r\u0259 almaq laz\u0131md\u0131r:<\/strong>\u00a0\u201cD\u00fcnyan\u0131n enerji balans\u0131 s\u00fcr\u0259tl\u0259 d\u0259yi\u015fir. Bu s\u0131rada dayanan \u0259sas m\u0259s\u0259l\u0259l\u0259rd\u0259n biri d\u0259 yanacaqla i\u015fl\u0259y\u0259n avtomobill\u0259rin elektromobill\u0259rl\u0259 \u0259v\u0259z edilm\u0259sidir. Bu proses art\u0131q b\u00f6y\u00fck bir s\u00fcr\u0259tl\u0259 ir\u0259lil\u0259m\u0259kd\u0259dir. Son 10 ild\u0259 d\u00fcnyada elektromobill\u0259rin say\u0131 140 d\u0259f\u0259d\u0259n \u00e7ox art\u0131b. Bu g\u00fcn d\u00fcnyada 26 milyondan \u00e7ox elektromobil h\u0259r\u0259k\u0259t edir v\u0259 bu say durmadan, s\u00fcr\u0259tl\u0259 art\u0131r. D\u00fcnyan\u0131n \u0259n apar\u0131c\u0131 avtomobil istehsal\u0131 m\u00fc\u0259ssis\u0259l\u0259ri 2035-ci ild\u0259n sonra yanacaq m\u00fch\u0259rriki il\u0259 i\u015fl\u0259y\u0259n avtomobill\u0259rin istehsal\u0131n\u0131 dayand\u0131racaq v\u0259 yaln\u0131z elektromobill\u0259r istehsal ed\u0259c\u0259kl\u0259r.<\/p>\n<p>Beyn\u0259lxalq m\u00fcst\u0259vid\u0259 ba\u015f ver\u0259n bu prosesl\u0259r\u0259 Az\u0259rbaycan h\u00f6kum\u0259ti d\u0259 adekvat cavablar verm\u0259kd\u0259dir. Biz \u00f6lk\u0259miz\u0259 idxal olunan v\u0259 son 3 ild\u0259 istehsal edilmi\u015f elektromobill\u0259rin idxal\u0131n\u0131 g\u00f6mr\u00fck r\u00fcsumlar\u0131ndan v\u0259 \u0259lav\u0259 d\u0259y\u0259r vergisind\u0259n azad etmi\u015fik. M\u0259qs\u0259d bel\u0259 avtomobill\u0259rin idxal\u0131n\u0131 stimulla\u015fd\u0131rmaqd\u0131r. N\u0259tic\u0259l\u0259r is\u0259 g\u00f6z qaba\u011f\u0131ndad\u0131r. Son 3 ild\u0259 Az\u0259rbaycana elektromobill\u0259rin idxal\u0131 16 d\u0259f\u0259y\u0259 q\u0259d\u0259r art\u0131b. Elektrik m\u00fch\u0259rrikli avtobuslar\u0131n Az\u0259rbaycanda istehsal\u0131na g\u0259linc\u0259, bunu alq\u0131\u015flamaq laz\u0131md\u0131r. Bel\u0259 bir zavodun tikintisi m\u00fcasir \u00e7a\u011f\u0131r\u0131\u015flara cavab ver\u0259n \u0259n m\u00fch\u00fcm bir add\u0131m olacaq. T\u0259bii ki, biz bu zavodu yaradark\u0259n onun m\u0259hsullar\u0131n\u0131n yaln\u0131z daxili bazar\u0131n ehtiyaclar\u0131n\u0131 \u00f6d\u0259m\u0259sini deyil, ixrac edilm\u0259sini d\u0259 n\u0259z\u0259rd\u0259 tutmal\u0131y\u0131q. \u00c7\u00fcnki bu m\u0259hsullara t\u0259labat b\u00f6y\u00fckd\u00fcr v\u0259 \u0259n az\u0131ndan MDB m\u0259kan\u0131nda onun al\u0131c\u0131lar\u0131 yet\u0259rinc\u0259 olacaq. Bu is\u0259 real sektordan ixrac\u0131m\u0131z\u0131n h\u0259cminin artmas\u0131na bir d\u0259st\u0259k ola bil\u0259r&#8221;.<\/p>\n<p>Qeyd ed\u0259k ki, \u00c7inin \u201cBYD Company Limited\u201d (BYD) \u015firk\u0259ti il\u0259 \u00e7\u0259r\u00e7iv\u0259 sazi\u015fi \u00e7\u0259r\u00e7iv\u0259sind\u0259 \u201cBakuBus\u201d MMC t\u0259r\u0259find\u0259n \u015firk\u0259td\u0259n 160 \u0259d\u0259d elektrik m\u00fch\u0259rrikli avtobus v\u0259 100 \u0259d\u0259d enerjidoldurma aparat\u0131 al\u0131nacaq. Avtobuslar\u0131n 31 oktyabr 2024-c\u00fc il tarixin\u0259d\u0259k m\u0259rh\u0259l\u0259li \u015f\u0259kild\u0259 g\u0259tiril\u0259r\u0259k Bak\u0131 \u015f\u0259h\u0259rind\u0259 mar\u015frut x\u0259ttin\u0259 \u00e7\u0131xar\u0131lmas\u0131 planla\u015fd\u0131r\u0131l\u0131r.<\/p>\n<p>R\u0259q\u0259msal \u0130nki\u015faf v\u0259 N\u0259qliyyat Nazirliyi yan\u0131nda Az\u0259rbaycan Yer\u00fcst\u00fc N\u0259qliyyat Agentliyi (AYNA) t\u0259r\u0259find\u0259n icras\u0131na ba\u015flanan n\u00f6vb\u0259ti layih\u0259 \u00e7\u0259r\u00e7iv\u0259sind\u0259 is\u0259 \u201cKoro\u011flu\u201d metrostansiyas\u0131n\u0131n \u00e7\u0131x\u0131\u015f\u0131nda avtobus, metro, d\u0259mir yolu stansiyas\u0131, taksi duraca\u011f\u0131, ictimai v\u0259 f\u0259rdi n\u0259qliyyat qov\u015fa\u011f\u0131n\u0131 \u0259laq\u0259l\u0259ndir\u0259c\u0259k multimodal HUB-\u0131n yarad\u0131lmas\u0131na ba\u015flan\u0131l\u0131b. Elektrik m\u00fch\u0259rrikli avtobuslar \u00fc\u00e7\u00fcn dolum m\u0259nt\u0259q\u0259l\u0259ri d\u0259 burada qura\u015fd\u0131r\u0131lacaq.<\/p>\n<p><strong>Nigar H\u018fS\u018fNL\u0130,<\/strong><br \/>\n<strong>\u201cYeni M\u00fcsavat\u201d<\/strong><\/p>\n<p><strong>\u00a0<\/strong><\/p>\n","protected":false},"excerpt":{"rendered":"<p>Fikr\u0259t Yusifov: \u201cMDB m\u0259kan\u0131nda elektrik m\u00fch\u0259rrikli avtobuslar\u0131n\u00a0 al\u0131c\u0131lar\u0131 yet\u0259rinc\u0259 olacaq\u201d \u0130qtisadiyyat Nazirliyind\u0259n veril\u0259n m\u0259lumata g\u00f6r\u0259, Az\u0259rbaycanda g\u0259l\u0259n il elektrik m\u00fch\u0259rrikli avtobuslar\u0131n istehsal\u0131 zavodu tikil\u0259c\u0259k. X\u0259b\u0259rd\u0259 bildirilir ki, ba\u015f nazirin m\u00fcavini \u015eahin Mustafayevin i\u015ftirak\u0131 il\u0259 ke\u00e7iril\u0259n g\u00f6r\u00fc\u015fd\u0259 \u00f6lk\u0259mizd\u0259 avtobus park\u0131n\u0131n yerli istehsal hesab\u0131na t\u0259min edilm\u0259si m\u0259qs\u0259dil\u0259 \u00c7inin \u201cBYD Company Limited\u201d (BYD) \u015firk\u0259ti il\u0259 \u00e7\u0259r\u00e7iv\u0259 sazi\u015fi imzalan\u0131b. \u00c7\u0259r\u00e7iv\u0259 sazi\u015fi elektrik m\u00fch\u0259rrikli avtobuslar\u0131n al\u0131nmas\u0131n\u0131, onlara xidm\u0259tin g\u00f6st\u0259rilm\u0259sini, \u00f6lk\u0259mizd\u0259 istehsal\u0131n qurulmas\u0131n\u0131 v\u0259 lokalla\u015fd\u0131r\u0131lmas\u0131n\u0131 n\u0259z\u0259rd\u0259 tutur. Sazi\u015fin m\u0259qs\u0259di \u00f6lk\u0259mizd\u0259 elektrik n\u0259qliyyat\u0131 infrastrukturunun inki\u015faf\u0131, s\u0259rni\u015finl\u0259rin rahatl\u0131\u011f\u0131n\u0131n t\u0259min edilm\u0259si v\u0259 \u0259traf m\u00fchit\u0259 z\u0259r\u0259rli t\u0259sirin azald\u0131lmas\u0131, habel\u0259 \u00f6lk\u0259nin&hellip;<\/p>\n","protected":false},"author":2,"featured_media":734561,"comment_status":"closed","ping_status":"closed","sticky":false,"template":"","format":"standard","meta":{"om_disable_all_campaigns":false,"_monsterinsights_skip_tracking":false,"_monsterinsights_sitenote_active":false,"_monsterinsights_sitenote_note":"","_monsterinsights_sitenote_category":0},"categories":[1],"tags":[],"aioseo_notices":[],"gutentor_comment":0,"rttpg_featured_image_url":{"full":["https:\/\/arantv.az\/wp-content\/uploads\/2024\/07\/edae1cb606e953d2e4ad640b43ff29de.jpg",660,424,false],"landscape":["https:\/\/arantv.az\/wp-content\/uploads\/2024\/07\/edae1cb606e953d2e4ad640b43ff29de.jpg",660,424,false],"portraits":["https:\/\/arantv.az\/wp-content\/uploads\/2024\/07\/edae1cb606e953d2e4ad640b43ff29de.jpg",660,424,false],"thumbnail":["https:\/\/arantv.az\/wp-content\/uploads\/2024\/07\/edae1cb606e953d2e4ad640b43ff29de-500x280.jpg",500,280,true],"medium":["https:\/\/arantv.az\/wp-content\/uploads\/2024\/07\/edae1cb606e953d2e4ad640b43ff29de-568x365.jpg",568,365,true],"large":["https:\/\/arantv.az\/wp-content\/uploads\/2024\/07\/edae1cb606e953d2e4ad640b43ff29de.jpg",640,411,false],"1536x1536":["https:\/\/arantv.az\/wp-content\/uploads\/2024\/07\/edae1cb606e953d2e4ad640b43ff29de.jpg",660,424,false],"2048x2048":["https:\/\/arantv.az\/wp-content\/uploads\/2024\/07\/edae1cb606e953d2e4ad640b43ff29de.jpg",660,424,false],"post-thumbnail":["https:\/\/arantv.az\/wp-content\/uploads\/2024\/07\/edae1cb606e953d2e4ad640b43ff29de-240x172.jpg",240,172,true],"advps-thumb-one":["https:\/\/arantv.az\/wp-content\/uploads\/2024\/07\/edae1cb606e953d2e4ad640b43ff29de.jpg",660,424,false]},"rttpg_author":{"display_name":"V\u00fcsal Rafiqo\u011flu","author_link":"https:\/\/arantv.az\/?author=2"},"rttpg_comment":0,"rttpg_category":"<a href=\"https:\/\/arantv.az\/?cat=1\" rel=\"category\">C\u0259miyy\u0259t<\/a>","rttpg_excerpt":"Fikr\u0259t Yusifov: \u201cMDB m\u0259kan\u0131nda elektrik m\u00fch\u0259rrikli avtobuslar\u0131n\u00a0 al\u0131c\u0131lar\u0131 yet\u0259rinc\u0259 olacaq\u201d \u0130qtisadiyyat Nazirliyind\u0259n veril\u0259n m\u0259lumata g\u00f6r\u0259, Az\u0259rbaycanda g\u0259l\u0259n il elektrik m\u00fch\u0259rrikli avtobuslar\u0131n istehsal\u0131 zavodu tikil\u0259c\u0259k. X\u0259b\u0259rd\u0259 bildirilir ki, ba\u015f nazirin m\u00fcavini \u015eahin Mustafayevin i\u015ftirak\u0131 il\u0259 ke\u00e7iril\u0259n g\u00f6r\u00fc\u015fd\u0259 \u00f6lk\u0259mizd\u0259 avtobus park\u0131n\u0131n yerli istehsal hesab\u0131na t\u0259min edilm\u0259si m\u0259qs\u0259dil\u0259 \u00c7inin \u201cBYD Company Limited\u201d (BYD) \u015firk\u0259ti il\u0259 \u00e7\u0259r\u00e7iv\u0259 sazi\u015fi imzalan\u0131b.&hellip;","_links":{"self":[{"href":"https:\/\/arantv.az\/index.php?rest_route=\/wp\/v2\/posts\/734560"}],"collection":[{"href":"https:\/\/arantv.az\/index.php?rest_route=\/wp\/v2\/posts"}],"about":[{"href":"https:\/\/arantv.az\/index.php?rest_route=\/wp\/v2\/types\/post"}],"author":[{"embeddable":true,"href":"https:\/\/arantv.az\/index.php?rest_route=\/wp\/v2\/users\/2"}],"replies":[{"embeddable":true,"href":"https:\/\/arantv.az\/index.php?rest_route=%2Fwp%2Fv2%2Fcomments&post=734560"}],"version-history":[{"count":0,"href":"https:\/\/arantv.az\/index.php?rest_route=\/wp\/v2\/posts\/734560\/revisions"}],"wp:featuredmedia":[{"embeddable":true,"href":"https:\/\/arantv.az\/index.php?rest_route=\/wp\/v2\/media\/734561"}],"wp:attachment":[{"href":"https:\/\/arantv.az\/index.php?rest_route=%2Fwp%2Fv2%2Fmedia&parent=734560"}],"wp:term":[{"taxonomy":"category","embeddable":true,"href":"https:\/\/arantv.az\/index.php?rest_route=%2Fwp%2Fv2%2Fcategories&post=734560"},{"taxonomy":"post_tag","embeddable":true,"href":"https:\/\/arantv.az\/index.php?rest_route=%2Fwp%2Fv2%2Ftags&post=734560"}],"curies":[{"name":"wp","href":"https:\/\/api.w.org\/{rel}","templated":true}]}}