{"id":734563,"date":"2024-07-04T12:42:48","date_gmt":"2024-07-04T08:42:48","guid":{"rendered":"https:\/\/arantv.az\/?p=734563"},"modified":"2024-07-04T12:42:48","modified_gmt":"2024-07-04T08:42:48","slug":"t%c9%99cili-m%c9%99kt%c9%99bl%c9%99rd%c9%99-muhum-d%c9%99yisiklik-r%c9%99smi","status":"publish","type":"post","link":"https:\/\/arantv.az\/?p=734563","title":{"rendered":"T\u018fC\u0130L\u0130! M\u0259kt\u0259bl\u0259rd\u0259 m\u00fch\u00fcm D\u018fY\u0130\u015e\u0130KL\u0130K &#8211; R\u018fSM\u0130"},"content":{"rendered":"<p><strong>2026-c\u0131 ilin sonuna q\u0259d\u0259r m\u0259kt\u0259bl\u0259rd\u0259 adamba\u015f\u0131na maliyy\u0259 sistemin\u0259 ke\u00e7id edil\u0259c\u0259k.<\/strong><\/p>\n<p><strong>ARANTV.AZ <\/strong>\u00a0Day.Az-a istinadla x\u0259b\u0259r verir ki, bu bar\u0259d\u0259 jurnalistl\u0259r\u0259 a\u00e7\u0131qlamas\u0131nda elm v\u0259 t\u0259hsil nazirinin m\u00fc\u015faviri Elnur \u018fliyev deyib.<\/p>\n<p>&#8220;Adamba\u015f\u0131na maliyy\u0259l\u0259\u015fm\u0259 m\u0259kt\u0259bl\u0259r\u0259 v\u0259saitin \u015fagirdl\u0259r\u0259 uy\u011fun verilm\u0259sidir. Bu o dem\u0259kdir ki, m\u0259kt\u0259bl\u0259rd\u0259 hesabatl\u0131l\u0131\u011f art\u0131r. \u015eagird m\u0259kt\u0259bi d\u0259yi\u015fs\u0259 ona d\u00fc\u015f\u0259n v\u0259saiti d\u0259 getdiyi yen\u0259 m\u0259kt\u0259b\u0259 apar\u0131r&#8221;,- o deyib.<\/p>\n<p>O qeyd edib ki, m\u0259kt\u0259bl\u0259rd\u0259 idar\u0259etm\u0259 mexanizml\u0259ri d\u0259 m\u00fc\u0259yy\u0259n q\u0259d\u0259r d\u0259yi\u015f\u0259c\u0259k: &#8220;Bu haz\u0131rda pilot layih\u0259dir. Bir qrup m\u0259kt\u0259bl\u0259rd\u0259 h\u0259yata ke\u00e7iril\u0259c\u0259k. Bu il bir ne\u00e7\u0259 m\u0259kt\u0259bd\u0259 layih\u0259y\u0259 start veril\u0259c\u0259k, lakin 2026-c\u0131 il\u0259 q\u0259d\u0259r 100 m\u0259kt\u0259b\u0259 \u015famil olunacaq. Art\u0131q m\u0259kt\u0259b maraql\u0131 olacaq ki, \u015fagird c\u0259lb etsin. Bu layih\u0259nin m\u00fc\u0259lliml\u0259rin maa\u015f\u0131nda t\u0259siri il\u0259 ba\u011fl\u0131 dan\u0131\u015fmaq is\u0259 h\u0259l\u0259 tezdir&#8221;.<\/p>\n<p>&nbsp;<\/p>\n","protected":false},"excerpt":{"rendered":"<p>2026-c\u0131 ilin sonuna q\u0259d\u0259r m\u0259kt\u0259bl\u0259rd\u0259 adamba\u015f\u0131na maliyy\u0259 sistemin\u0259 ke\u00e7id edil\u0259c\u0259k. ARANTV.AZ \u00a0Day.Az-a istinadla x\u0259b\u0259r verir ki, bu bar\u0259d\u0259 jurnalistl\u0259r\u0259 a\u00e7\u0131qlamas\u0131nda elm v\u0259 t\u0259hsil nazirinin m\u00fc\u015faviri Elnur \u018fliyev deyib. &#8220;Adamba\u015f\u0131na maliyy\u0259l\u0259\u015fm\u0259 m\u0259kt\u0259bl\u0259r\u0259 v\u0259saitin \u015fagirdl\u0259r\u0259 uy\u011fun verilm\u0259sidir. Bu o dem\u0259kdir ki, m\u0259kt\u0259bl\u0259rd\u0259 hesabatl\u0131l\u0131\u011f art\u0131r. \u015eagird m\u0259kt\u0259bi d\u0259yi\u015fs\u0259 ona d\u00fc\u015f\u0259n v\u0259saiti d\u0259 getdiyi yen\u0259 m\u0259kt\u0259b\u0259 apar\u0131r&#8221;,- o deyib. O qeyd edib ki, m\u0259kt\u0259bl\u0259rd\u0259 idar\u0259etm\u0259 mexanizml\u0259ri d\u0259 m\u00fc\u0259yy\u0259n q\u0259d\u0259r d\u0259yi\u015f\u0259c\u0259k: &#8220;Bu haz\u0131rda pilot layih\u0259dir. Bir qrup m\u0259kt\u0259bl\u0259rd\u0259 h\u0259yata ke\u00e7iril\u0259c\u0259k. Bu il bir ne\u00e7\u0259 m\u0259kt\u0259bd\u0259 layih\u0259y\u0259 start veril\u0259c\u0259k, lakin 2026-c\u0131 il\u0259 q\u0259d\u0259r 100 m\u0259kt\u0259b\u0259 \u015famil&hellip;<\/p>\n","protected":false},"author":2,"featured_media":734564,"comment_status":"closed","ping_status":"closed","sticky":false,"template":"","format":"standard","meta":{"om_disable_all_campaigns":false,"_monsterinsights_skip_tracking":false,"_monsterinsights_sitenote_active":false,"_monsterinsights_sitenote_note":"","_monsterinsights_sitenote_category":0},"categories":[23],"tags":[],"aioseo_notices":[],"gutentor_comment":0,"rttpg_featured_image_url":{"full":["https:\/\/arantv.az\/wp-content\/uploads\/2024\/07\/86d7cf0732804f95abad89f954d6f51c.jpg",687,406,false],"landscape":["https:\/\/arantv.az\/wp-content\/uploads\/2024\/07\/86d7cf0732804f95abad89f954d6f51c.jpg",687,406,false],"portraits":["https:\/\/arantv.az\/wp-content\/uploads\/2024\/07\/86d7cf0732804f95abad89f954d6f51c.jpg",687,406,false],"thumbnail":["https:\/\/arantv.az\/wp-content\/uploads\/2024\/07\/86d7cf0732804f95abad89f954d6f51c-500x280.jpg",500,280,true],"medium":["https:\/\/arantv.az\/wp-content\/uploads\/2024\/07\/86d7cf0732804f95abad89f954d6f51c-618x365.jpg",618,365,true],"large":["https:\/\/arantv.az\/wp-content\/uploads\/2024\/07\/86d7cf0732804f95abad89f954d6f51c.jpg",640,378,false],"1536x1536":["https:\/\/arantv.az\/wp-content\/uploads\/2024\/07\/86d7cf0732804f95abad89f954d6f51c.jpg",687,406,false],"2048x2048":["https:\/\/arantv.az\/wp-content\/uploads\/2024\/07\/86d7cf0732804f95abad89f954d6f51c.jpg",687,406,false],"post-thumbnail":["https:\/\/arantv.az\/wp-content\/uploads\/2024\/07\/86d7cf0732804f95abad89f954d6f51c-240x172.jpg",240,172,true],"advps-thumb-one":["https:\/\/arantv.az\/wp-content\/uploads\/2024\/07\/86d7cf0732804f95abad89f954d6f51c.jpg",687,406,false]},"rttpg_author":{"display_name":"V\u00fcsal Rafiqo\u011flu","author_link":"https:\/\/arantv.az\/?author=2"},"rttpg_comment":0,"rttpg_category":"<a href=\"https:\/\/arantv.az\/?cat=23\" rel=\"category\">T\u0259hsil<\/a>","rttpg_excerpt":"2026-c\u0131 ilin sonuna q\u0259d\u0259r m\u0259kt\u0259bl\u0259rd\u0259 adamba\u015f\u0131na maliyy\u0259 sistemin\u0259 ke\u00e7id edil\u0259c\u0259k. ARANTV.AZ \u00a0Day.Az-a istinadla x\u0259b\u0259r verir ki, bu bar\u0259d\u0259 jurnalistl\u0259r\u0259 a\u00e7\u0131qlamas\u0131nda elm v\u0259 t\u0259hsil nazirinin m\u00fc\u015faviri Elnur \u018fliyev deyib. &#8220;Adamba\u015f\u0131na maliyy\u0259l\u0259\u015fm\u0259 m\u0259kt\u0259bl\u0259r\u0259 v\u0259saitin \u015fagirdl\u0259r\u0259 uy\u011fun verilm\u0259sidir. Bu o dem\u0259kdir ki, m\u0259kt\u0259bl\u0259rd\u0259 hesabatl\u0131l\u0131\u011f art\u0131r. \u015eagird m\u0259kt\u0259bi d\u0259yi\u015fs\u0259 ona d\u00fc\u015f\u0259n v\u0259saiti d\u0259 getdiyi yen\u0259 m\u0259kt\u0259b\u0259 apar\u0131r&#8221;,- o deyib.&hellip;","_links":{"self":[{"href":"https:\/\/arantv.az\/index.php?rest_route=\/wp\/v2\/posts\/734563"}],"collection":[{"href":"https:\/\/arantv.az\/index.php?rest_route=\/wp\/v2\/posts"}],"about":[{"href":"https:\/\/arantv.az\/index.php?rest_route=\/wp\/v2\/types\/post"}],"author":[{"embeddable":true,"href":"https:\/\/arantv.az\/index.php?rest_route=\/wp\/v2\/users\/2"}],"replies":[{"embeddable":true,"href":"https:\/\/arantv.az\/index.php?rest_route=%2Fwp%2Fv2%2Fcomments&post=734563"}],"version-history":[{"count":0,"href":"https:\/\/arantv.az\/index.php?rest_route=\/wp\/v2\/posts\/734563\/revisions"}],"wp:featuredmedia":[{"embeddable":true,"href":"https:\/\/arantv.az\/index.php?rest_route=\/wp\/v2\/media\/734564"}],"wp:attachment":[{"href":"https:\/\/arantv.az\/index.php?rest_route=%2Fwp%2Fv2%2Fmedia&parent=734563"}],"wp:term":[{"taxonomy":"category","embeddable":true,"href":"https:\/\/arantv.az\/index.php?rest_route=%2Fwp%2Fv2%2Fcategories&post=734563"},{"taxonomy":"post_tag","embeddable":true,"href":"https:\/\/arantv.az\/index.php?rest_route=%2Fwp%2Fv2%2Ftags&post=734563"}],"curies":[{"name":"wp","href":"https:\/\/api.w.org\/{rel}","templated":true}]}}