{"id":734566,"date":"2024-07-04T12:43:40","date_gmt":"2024-07-04T08:43:40","guid":{"rendered":"https:\/\/arantv.az\/?p=734566"},"modified":"2024-07-04T12:43:40","modified_gmt":"2024-07-04T08:43:40","slug":"qarabag-g%c9%99ncl%c9%99r-m%c9%99kanina-cevril%c9%99-bil%c9%99r-realliq-v%c9%99-imkanlar","status":"publish","type":"post","link":"https:\/\/arantv.az\/?p=734566","title":{"rendered":"Qaraba\u011f g\u0259ncl\u0259r m\u0259kan\u0131na \u00e7evril\u0259 bil\u0259r &#8211; reall\u0131q v\u0259 imkanlar"},"content":{"rendered":"<p><strong>Akif Na\u011f\u0131: \u201cParlament s\u0259viyy\u0259sind\u0259 g\u0259ncl\u0259rin quruculuq i\u015fl\u0259rin\u0259 c\u0259lb olunmas\u0131 \u00fc\u00e7\u00fcn x\u00fcsusi m\u00fczakir\u0259l\u0259r t\u0259\u015fkil edilm\u0259lidir\u201d<\/strong><\/p>\n<p>\u201cG\u0259ncl\u0259r b\u00fct\u00fcn d\u00f6vrl\u0259rd\u0259 \u0259n vacib i\u015fl\u0259rin \u00f6n\u00fcnd\u0259 dayan\u0131blar. Buna g\u00f6r\u0259 d\u0259 g\u0259ncl\u0259r\u0259 h\u0259r zaman x\u00fcsusi \u00f6n\u0259m verilib. Az\u0259rbaycan\u0131n b\u00fct\u00fcn g\u00f6rk\u0259mli \u015f\u0259xsiyy\u0259tl\u0259ri daim g\u0259ncl\u0259r\u0259 m\u00fcraci\u0259t edibl\u0259r. Bu, g\u0259ncliyin apar\u0131c\u0131 q\u00fcvv\u0259 olmas\u0131 il\u0259, eyni zamanda g\u0259ncliyin mill\u0259tin v\u0259 d\u00f6vl\u0259tin g\u0259l\u0259c\u0259yi olmas\u0131 il\u0259 ba\u011fl\u0131d\u0131r. Bu g\u00fcn g\u0259nclik \u00f6z enerjisi, g\u00fcc\u00fc, a\u011fl\u0131 il\u0259 bir \u00e7ox m\u0259s\u0259l\u0259l\u0259ri h\u0259ll edir. Buna g\u00f6r\u0259 d\u0259 g\u0259ncliyi h\u0259r zamanda \u00f6n planda g\u00f6rm\u0259k ist\u0259yirik\u201d.<\/p>\n<p><strong>Bu fikirl\u0259ri \u201cYeni M\u00fcsavat\u201da Azad V\u0259t\u0259n Partiyas\u0131n\u0131n s\u0259dri Akif Na\u011f\u0131 bildirib. Partiya s\u0259dri xat\u0131rlad\u0131b ki, Birinci Qaraba\u011f m\u00fcharib\u0259si ba\u015flayanda Az\u0259rbaycan g\u0259ncliyi d\u00f6y\u00fc\u015f meydan\u0131nda olub:<\/strong>\u00a0\u201cAz\u0259rbaycan g\u0259ncl\u0259ri \u0259n a\u011f\u0131r d\u00f6y\u00fc\u015fl\u0259rd\u0259 i\u015ftirak edib, \u015f\u0259hidliyi \u00f6z\u00fcn\u0259 \u015f\u0259r\u0259f bilib. \u0130kinci Qaraba\u011f m\u00fcharib\u0259sind\u0259 d\u0259 bir \u00e7ox m\u0259s\u0259l\u0259nin n\u0259tic\u0259si \u0259sas\u0259n g\u0259ncl\u0259rd\u0259n as\u0131l\u0131 oldu. G\u0259ncl\u0259r d\u00fcnyaya c\u0259sur, qorxmaz, q\u0259l\u0259b\u0259y\u0259 inaml\u0131 Az\u0259rbaycan xalq\u0131n\u0131 t\u0259qdim etdil\u0259r. \u015e\u0259hidliyi \u00e7ox b\u00f6y\u00fck y\u00fcks\u0259kliy\u0259 qald\u0131rd\u0131lar. D\u00fcnya Az\u0259rbaycan g\u0259ncliyinin q\u0259hr\u0259manl\u0131\u011f\u0131na heyran qald\u0131. Buna g\u00f6r\u0259 d\u0259 g\u0259ncl\u0259rimiz h\u0259r zaman \u00f6nd\u0259 olmal\u0131d\u0131rlar. Bu g\u00fcn Qaraba\u011fda, \u015e\u0259rqi Z\u0259ng\u0259zurda b\u00f6y\u00fck quruculuq, b\u0259rpa i\u015fl\u0259ri h\u0259yata ke\u00e7irilir. Bu prosesd\u0259 g\u0259ncl\u0259rin imkanlar\u0131ndan geni\u015f \u015f\u0259kild\u0259 istifad\u0259 olunmal\u0131d\u0131r. Bununla Qaraba\u011f m\u00fcharib\u0259sind\u0259 \u00f6nd\u0259 olan g\u0259ncl\u0259rin haqq\u0131n\u0131 vermi\u015f olar\u0131q. Q\u0259l\u0259b\u0259ni \u0259ld\u0259 ed\u0259n g\u0259ncl\u0259r\u0259 h\u0259m karyera v\u0259 inki\u015faf bax\u0131m\u0131ndan, h\u0259m d\u0259 dolan\u0131\u015f\u0131\u011f\u0131 t\u0259min etm\u0259k bax\u0131m\u0131ndan \u015f\u0259rait yarad\u0131lmal\u0131d\u0131r. G\u0259ncl\u0259r harada varsa, orada u\u011fur var. Az\u0259rbaycan g\u0259ncliyi y\u00fcks\u0259k s\u0259viyy\u0259d\u0259 inki\u015faf edib. G\u0259ncl\u0259rimiz elm, idman, m\u0259d\u0259niyy\u0259t v\u0259 bir \u00e7ox ba\u015fqa sah\u0259d\u0259 h\u0259m fiziki c\u0259h\u0259td\u0259n, h\u0259m d\u0259 \u0259qli c\u0259h\u0259td\u0259n u\u011furlar\u0131 il\u0259 se\u00e7ilirl\u0259r. Bu bax\u0131mdan onlar\u0131n potensial\u0131ndan geni\u015f \u015f\u0259kild\u0259 istifad\u0259 olunmal\u0131d\u0131r. G\u0259ncl\u0259rin bilik v\u0259 bacar\u0131\u011f\u0131na uy\u011fun i\u015fl\u0259 t\u0259min olunmas\u0131 h\u0259r k\u0259sin xeyrin\u0259dir. M\u0259lumdur ki, Az\u0259rbaycanda \u201cY\u00fcks\u0259li\u015f\u201d m\u00fcsabiq\u0259sinin qalibl\u0259ri m\u00fcxt\u0259lif qurumlarda m\u00fch\u00fcm v\u0259zif\u0259l\u0259r\u0259 t\u0259yinat almaq \u015fans\u0131 qazan\u0131rlar. Siyasi r\u0259hb\u0259rlik d\u0259 g\u0259ncliy\u0259 x\u00fcsusi \u0259h\u0259miyy\u0259t verir. Kadr d\u0259yi\u015fiklikl\u0259ri zaman\u0131 g\u0259ncl\u0259r\u0259 \u00fcst\u00fcnl\u00fck verilir. Prezident v\u0259 birinci vitse-prezidentin bu siyas\u0259ti h\u0259r k\u0259s t\u0259r\u0259find\u0259n t\u0259qdir olunur. H\u0259m y\u00fcks\u0259k s\u0259viyy\u0259d\u0259 t\u0259hsil alm\u0131\u015f g\u0259ncl\u0259rd\u0259n, h\u0259m d\u0259 bacar\u0131ql\u0131, a\u011f\u0131ll\u0131 g\u0259ncl\u0259rd\u0259n istifad\u0259 olunur&#8221;.<\/p>\n<p><img src=\"https:\/\/files.modern.az\/articles\/2022\/09\/07\/1662551973_1660656719_akifakifqat.jpg\" alt=\"Akif Na\u011f\u0131: \u201c\u018fsas meyar din deyil, milliy\u0259t\u00e7ilikdir\u201d\" \/><\/p>\n<p><strong>Akif Na\u011f\u0131<\/strong><\/p>\n<p><strong>A.Na\u011f\u0131n\u0131n fikrinc\u0259, Qaraba\u011fda h\u0259m g\u0259ncl\u0259rin bacar\u0131qlar\u0131na uy\u011fun \u015f\u0259rait yarad\u0131lmal\u0131d\u0131r, eyni zamanda onlara m\u00fc\u0259yy\u0259n imtiyazlar verilm\u0259lidir:<\/strong>\u00a0\u201cHesab edir\u0259m ki, x\u00fcsusil\u0259 m\u00fcharib\u0259d\u0259n qay\u0131dan g\u0259ncl\u0259r\u0259, sa\u011flaml\u0131\u011f\u0131n\u0131n bir hiss\u0259sini itir\u0259n qazil\u0259r\u0259 x\u00fcsusi imtiyazlar verilm\u0259lidir. D\u00f6y\u00fc\u015f meydan\u0131nda torpaqlar\u0131m\u0131z\u0131 i\u015f\u011faldan azad ed\u0259n g\u0259ncl\u0259r quruculuq meydan\u0131nda da bacar\u0131qlar\u0131n\u0131 g\u00f6st\u0259rm\u0259lidirl\u0259r. Eyni zamanda quruculuq prosesind\u0259 t\u0259\u015f\u0259bb\u00fcskarl\u0131q da yerin\u0259 d\u00fc\u015f\u0259r. G\u0259ncl\u0259r t\u0259\u015f\u0259bb\u00fcskarl\u0131\u011fa meylli olurlar, yeni ideyalar ir\u0259li s\u00fcrm\u0259kd\u0259 x\u00fcsusil\u0259 se\u00e7ilirl\u0259r. Bu bax\u0131mdan g\u0259ncl\u0259rin fikirl\u0259rini realla\u015fd\u0131rmaq \u00fc\u00e7\u00fcn \u015f\u0259rait yarad\u0131lmal\u0131d\u0131r. Dig\u0259r t\u0259r\u0259fd\u0259n, b\u0259rpa i\u015fl\u0259rind\u0259 h\u0259m y\u00fcks\u0259k v\u0259zif\u0259l\u0259rd\u0259 \u00e7al\u0131\u015fanlar var, h\u0259m d\u0259 s\u0131ravi hey\u0259tin t\u0259rkibind\u0259 yer alanlar var. Onlar i\u015fl\u0259rini vicdanla, bacar\u0131qla yerin\u0259 yetirirl\u0259r. Eyni zamanda Qaraba\u011f \u0259razisind\u0259 \u00e7al\u0131\u015fmaq g\u0259l\u0259c\u0259kd\u0259 ail\u0259 qurub, orada ya\u015famaq \u00fc\u00e7\u00fcn stimul yarad\u0131r. Qaraba\u011f g\u0259ncl\u0259r m\u0259kan\u0131na \u00e7evril\u0259 bil\u0259r. \u0130\u015f\u011faldan azad edil\u0259n \u0259razil\u0259rimiz c\u0259nn\u0259t\u0259 \u00e7evril\u0259c\u0259k. Hesab edir\u0259m ki, bu \u0259razil\u0259rin \u0259sas sakinl\u0259ri g\u0259ncl\u0259r olmal\u0131d\u0131r. Az\u0259rbaycan n\u0259h\u0259ng tikinti meydan\u00e7as\u0131na \u00e7evril\u0259c\u0259k. Bu da o dem\u0259kdir ki, \u00f6lk\u0259nin b\u00fct\u00fcn b\u00f6lg\u0259l\u0259rind\u0259n g\u0259ncl\u0259r Qaraba\u011fa ax\u0131\u015facaq. D\u00f6vl\u0259t siyas\u0259tind\u0259 d\u0259 m\u00fc\u0259yy\u0259n proqram n\u0259z\u0259rd\u0259 tutulub, amma bu m\u0259s\u0259l\u0259y\u0259 \u0259lav\u0259 diqq\u0259t yetirilm\u0259si m\u0259qs\u0259d\u0259uy\u011fun olar. Parlament s\u0259viyy\u0259sind\u0259 d\u0259 g\u0259ncl\u0259rin quruculuq i\u015fl\u0259rin\u0259 c\u0259lb olunmas\u0131 \u00fc\u00e7\u00fcn x\u00fcsusi m\u00fczakir\u0259l\u0259r t\u0259\u015fkil edilm\u0259lidir. Bu prosesin h\u0259m qanunvericilik bazas\u0131 t\u0259min olunmal\u0131d\u0131r, h\u0259m d\u0259 planlar\u0131n praktiki \u015f\u0259kild\u0259 h\u0259yata ke\u00e7irilm\u0259si t\u0259min olunmal\u0131d\u0131r\u201d.<\/p>\n<p>&nbsp;<\/p>\n","protected":false},"excerpt":{"rendered":"<p>Akif Na\u011f\u0131: \u201cParlament s\u0259viyy\u0259sind\u0259 g\u0259ncl\u0259rin quruculuq i\u015fl\u0259rin\u0259 c\u0259lb olunmas\u0131 \u00fc\u00e7\u00fcn x\u00fcsusi m\u00fczakir\u0259l\u0259r t\u0259\u015fkil edilm\u0259lidir\u201d \u201cG\u0259ncl\u0259r b\u00fct\u00fcn d\u00f6vrl\u0259rd\u0259 \u0259n vacib i\u015fl\u0259rin \u00f6n\u00fcnd\u0259 dayan\u0131blar. Buna g\u00f6r\u0259 d\u0259 g\u0259ncl\u0259r\u0259 h\u0259r zaman x\u00fcsusi \u00f6n\u0259m verilib. Az\u0259rbaycan\u0131n b\u00fct\u00fcn g\u00f6rk\u0259mli \u015f\u0259xsiyy\u0259tl\u0259ri daim g\u0259ncl\u0259r\u0259 m\u00fcraci\u0259t edibl\u0259r. Bu, g\u0259ncliyin apar\u0131c\u0131 q\u00fcvv\u0259 olmas\u0131 il\u0259, eyni zamanda g\u0259ncliyin mill\u0259tin v\u0259 d\u00f6vl\u0259tin g\u0259l\u0259c\u0259yi olmas\u0131 il\u0259 ba\u011fl\u0131d\u0131r. Bu g\u00fcn g\u0259nclik \u00f6z enerjisi, g\u00fcc\u00fc, a\u011fl\u0131 il\u0259 bir \u00e7ox m\u0259s\u0259l\u0259l\u0259ri h\u0259ll edir. Buna g\u00f6r\u0259 d\u0259 g\u0259ncliyi h\u0259r zamanda \u00f6n planda g\u00f6rm\u0259k ist\u0259yirik\u201d. Bu fikirl\u0259ri \u201cYeni M\u00fcsavat\u201da Azad V\u0259t\u0259n Partiyas\u0131n\u0131n s\u0259dri Akif Na\u011f\u0131 bildirib. Partiya&hellip;<\/p>\n","protected":false},"author":2,"featured_media":734567,"comment_status":"closed","ping_status":"closed","sticky":false,"template":"","format":"standard","meta":{"om_disable_all_campaigns":false,"_monsterinsights_skip_tracking":false,"_monsterinsights_sitenote_active":false,"_monsterinsights_sitenote_note":"","_monsterinsights_sitenote_category":0},"categories":[4],"tags":[],"aioseo_notices":[],"gutentor_comment":0,"rttpg_featured_image_url":{"full":["https:\/\/arantv.az\/wp-content\/uploads\/2024\/07\/df50de0067cbc7e293d715590eda229f.jpg",850,500,false],"landscape":["https:\/\/arantv.az\/wp-content\/uploads\/2024\/07\/df50de0067cbc7e293d715590eda229f.jpg",850,500,false],"portraits":["https:\/\/arantv.az\/wp-content\/uploads\/2024\/07\/df50de0067cbc7e293d715590eda229f.jpg",850,500,false],"thumbnail":["https:\/\/arantv.az\/wp-content\/uploads\/2024\/07\/df50de0067cbc7e293d715590eda229f-500x280.jpg",500,280,true],"medium":["https:\/\/arantv.az\/wp-content\/uploads\/2024\/07\/df50de0067cbc7e293d715590eda229f-621x365.jpg",621,365,true],"large":["https:\/\/arantv.az\/wp-content\/uploads\/2024\/07\/df50de0067cbc7e293d715590eda229f-840x494.jpg",640,376,true],"1536x1536":["https:\/\/arantv.az\/wp-content\/uploads\/2024\/07\/df50de0067cbc7e293d715590eda229f.jpg",850,500,false],"2048x2048":["https:\/\/arantv.az\/wp-content\/uploads\/2024\/07\/df50de0067cbc7e293d715590eda229f.jpg",850,500,false],"post-thumbnail":["https:\/\/arantv.az\/wp-content\/uploads\/2024\/07\/df50de0067cbc7e293d715590eda229f-240x172.jpg",240,172,true],"advps-thumb-one":["https:\/\/arantv.az\/wp-content\/uploads\/2024\/07\/df50de0067cbc7e293d715590eda229f.jpg",850,500,false]},"rttpg_author":{"display_name":"V\u00fcsal Rafiqo\u011flu","author_link":"https:\/\/arantv.az\/?author=2"},"rttpg_comment":0,"rttpg_category":"<a href=\"https:\/\/arantv.az\/?cat=4\" rel=\"category\">Siyas\u0259t<\/a>","rttpg_excerpt":"Akif Na\u011f\u0131: \u201cParlament s\u0259viyy\u0259sind\u0259 g\u0259ncl\u0259rin quruculuq i\u015fl\u0259rin\u0259 c\u0259lb olunmas\u0131 \u00fc\u00e7\u00fcn x\u00fcsusi m\u00fczakir\u0259l\u0259r t\u0259\u015fkil edilm\u0259lidir\u201d \u201cG\u0259ncl\u0259r b\u00fct\u00fcn d\u00f6vrl\u0259rd\u0259 \u0259n vacib i\u015fl\u0259rin \u00f6n\u00fcnd\u0259 dayan\u0131blar. Buna g\u00f6r\u0259 d\u0259 g\u0259ncl\u0259r\u0259 h\u0259r zaman x\u00fcsusi \u00f6n\u0259m verilib. Az\u0259rbaycan\u0131n b\u00fct\u00fcn g\u00f6rk\u0259mli \u015f\u0259xsiyy\u0259tl\u0259ri daim g\u0259ncl\u0259r\u0259 m\u00fcraci\u0259t edibl\u0259r. Bu, g\u0259ncliyin apar\u0131c\u0131 q\u00fcvv\u0259 olmas\u0131 il\u0259, eyni zamanda g\u0259ncliyin mill\u0259tin v\u0259 d\u00f6vl\u0259tin g\u0259l\u0259c\u0259yi olmas\u0131 il\u0259 ba\u011fl\u0131d\u0131r.&hellip;","_links":{"self":[{"href":"https:\/\/arantv.az\/index.php?rest_route=\/wp\/v2\/posts\/734566"}],"collection":[{"href":"https:\/\/arantv.az\/index.php?rest_route=\/wp\/v2\/posts"}],"about":[{"href":"https:\/\/arantv.az\/index.php?rest_route=\/wp\/v2\/types\/post"}],"author":[{"embeddable":true,"href":"https:\/\/arantv.az\/index.php?rest_route=\/wp\/v2\/users\/2"}],"replies":[{"embeddable":true,"href":"https:\/\/arantv.az\/index.php?rest_route=%2Fwp%2Fv2%2Fcomments&post=734566"}],"version-history":[{"count":0,"href":"https:\/\/arantv.az\/index.php?rest_route=\/wp\/v2\/posts\/734566\/revisions"}],"wp:featuredmedia":[{"embeddable":true,"href":"https:\/\/arantv.az\/index.php?rest_route=\/wp\/v2\/media\/734567"}],"wp:attachment":[{"href":"https:\/\/arantv.az\/index.php?rest_route=%2Fwp%2Fv2%2Fmedia&parent=734566"}],"wp:term":[{"taxonomy":"category","embeddable":true,"href":"https:\/\/arantv.az\/index.php?rest_route=%2Fwp%2Fv2%2Fcategories&post=734566"},{"taxonomy":"post_tag","embeddable":true,"href":"https:\/\/arantv.az\/index.php?rest_route=%2Fwp%2Fv2%2Ftags&post=734566"}],"curies":[{"name":"wp","href":"https:\/\/api.w.org\/{rel}","templated":true}]}}