{"id":734570,"date":"2024-07-04T12:44:57","date_gmt":"2024-07-04T08:44:57","guid":{"rendered":"https:\/\/arantv.az\/?p=734570"},"modified":"2024-07-04T12:44:57","modified_gmt":"2024-07-04T08:44:57","slug":"ilham-%c9%99liyev-astanadaki-must%c9%99qillik-sarayinda","status":"publish","type":"post","link":"https:\/\/arantv.az\/?p=734570","title":{"rendered":"\u0130lham \u018fliyev Astanadak\u0131 &#8220;M\u00fcst\u0259qillik&#8221; Saray\u0131nda"},"content":{"rendered":"<div class=\"post-detail-content-inner resize-area\">\n<p>\u0130yulun 4-d\u0259 Az\u0259rbaycan Respublikas\u0131n\u0131n Prezidenti\u00a0<strong>\u0130lham \u018fliyev<\/strong>\u00a0Qazax\u0131stan\u0131n paytaxt\u0131 Astana \u015f\u0259h\u0259rind\u0259 &#8220;\u015e\u018fT plus&#8221; format\u0131nda ke\u00e7iril\u0259n g\u00f6r\u00fc\u015fd\u0259 i\u015ftirak etm\u0259k \u00fc\u00e7\u00fcn &#8220;M\u00fcst\u0259qillik&#8221; Saray\u0131na gedib.<\/p>\n<p><a href=\"https:\/\/azertag.az\/xeber\/prezident_ilham_eliyev_astanada_set_plus_formatinda_kechirilen_gorusde_istirak_etmek_uchun_musteqillik_sarayina_gelib-3081446\" target=\"_blank\" rel=\"nofollow noopener\">AZ\u018fRTAC<\/a>\u00a0x\u0259b\u0259r verir ki, Qazax\u0131stan Respublikas\u0131n\u0131n Prezidenti Kas\u0131m-Jomart Tokayev d\u00f6vl\u0259timizin ba\u015f\u00e7\u0131s\u0131n\u0131 qar\u015f\u0131lay\u0131b.<\/p>\n<p>&nbsp;<\/p>\n<div class=\"player-area ratio ratio-16x9\"><img src=\"https:\/\/img.youtube.com\/vi\/h4uc_7YMfEM\/sddefault.jpg\" alt=\"\" \/><\/div>\n<p>&nbsp;<\/p>\n<\/div>\n<div class=\"tag-area tag-area-slide tag-area--slider\">\n<div class=\"swiper swiper-initialized swiper-horizontal swiper-pointer-events swiper-free-mode swiper-watch-progress swiper-backface-hidden\">\n<div id=\"swiper-wrapper-5ba9637e4b10dcd37\" class=\"swiper-wrapper\" aria-live=\"polite\">\n<div class=\"swiper-slide swiper-slide-visible swiper-slide-active\" role=\"group\" aria-label=\"1 \/ 2\">\n<div class=\"tag-item\"><\/div>\n<\/div>\n<\/div>\n<\/div>\n<\/div>\n","protected":false},"excerpt":{"rendered":"<p>\u0130yulun 4-d\u0259 Az\u0259rbaycan Respublikas\u0131n\u0131n Prezidenti\u00a0\u0130lham \u018fliyev\u00a0Qazax\u0131stan\u0131n paytaxt\u0131 Astana \u015f\u0259h\u0259rind\u0259 &#8220;\u015e\u018fT plus&#8221; format\u0131nda ke\u00e7iril\u0259n g\u00f6r\u00fc\u015fd\u0259 i\u015ftirak etm\u0259k \u00fc\u00e7\u00fcn &#8220;M\u00fcst\u0259qillik&#8221; Saray\u0131na gedib. AZ\u018fRTAC\u00a0x\u0259b\u0259r verir ki, Qazax\u0131stan Respublikas\u0131n\u0131n Prezidenti Kas\u0131m-Jomart Tokayev d\u00f6vl\u0259timizin ba\u015f\u00e7\u0131s\u0131n\u0131 qar\u015f\u0131lay\u0131b. &nbsp; &nbsp;<\/p>\n","protected":false},"author":2,"featured_media":734571,"comment_status":"closed","ping_status":"closed","sticky":false,"template":"","format":"standard","meta":{"om_disable_all_campaigns":false,"_monsterinsights_skip_tracking":false,"_monsterinsights_sitenote_active":false,"_monsterinsights_sitenote_note":"","_monsterinsights_sitenote_category":0},"categories":[4],"tags":[],"aioseo_notices":[],"gutentor_comment":0,"rttpg_featured_image_url":{"full":["https:\/\/arantv.az\/wp-content\/uploads\/2024\/07\/4yi3ig45a6_01.jpg",1200,608,false],"landscape":["https:\/\/arantv.az\/wp-content\/uploads\/2024\/07\/4yi3ig45a6_01.jpg",1200,608,false],"portraits":["https:\/\/arantv.az\/wp-content\/uploads\/2024\/07\/4yi3ig45a6_01.jpg",1200,608,false],"thumbnail":["https:\/\/arantv.az\/wp-content\/uploads\/2024\/07\/4yi3ig45a6_01-500x280.jpg",500,280,true],"medium":["https:\/\/arantv.az\/wp-content\/uploads\/2024\/07\/4yi3ig45a6_01-660x334.jpg",660,334,true],"large":["https:\/\/arantv.az\/wp-content\/uploads\/2024\/07\/4yi3ig45a6_01-840x426.jpg",640,325,true],"1536x1536":["https:\/\/arantv.az\/wp-content\/uploads\/2024\/07\/4yi3ig45a6_01.jpg",1200,608,false],"2048x2048":["https:\/\/arantv.az\/wp-content\/uploads\/2024\/07\/4yi3ig45a6_01.jpg",1200,608,false],"post-thumbnail":["https:\/\/arantv.az\/wp-content\/uploads\/2024\/07\/4yi3ig45a6_01-240x172.jpg",240,172,true],"advps-thumb-one":["https:\/\/arantv.az\/wp-content\/uploads\/2024\/07\/4yi3ig45a6_01.jpg",1200,608,false]},"rttpg_author":{"display_name":"V\u00fcsal Rafiqo\u011flu","author_link":"https:\/\/arantv.az\/?author=2"},"rttpg_comment":0,"rttpg_category":"<a href=\"https:\/\/arantv.az\/?cat=4\" rel=\"category\">Siyas\u0259t<\/a>","rttpg_excerpt":"\u0130yulun 4-d\u0259 Az\u0259rbaycan Respublikas\u0131n\u0131n Prezidenti\u00a0\u0130lham \u018fliyev\u00a0Qazax\u0131stan\u0131n paytaxt\u0131 Astana \u015f\u0259h\u0259rind\u0259 &#8220;\u015e\u018fT plus&#8221; format\u0131nda ke\u00e7iril\u0259n g\u00f6r\u00fc\u015fd\u0259 i\u015ftirak etm\u0259k \u00fc\u00e7\u00fcn &#8220;M\u00fcst\u0259qillik&#8221; Saray\u0131na gedib. AZ\u018fRTAC\u00a0x\u0259b\u0259r verir ki, Qazax\u0131stan Respublikas\u0131n\u0131n Prezidenti Kas\u0131m-Jomart Tokayev d\u00f6vl\u0259timizin ba\u015f\u00e7\u0131s\u0131n\u0131 qar\u015f\u0131lay\u0131b. &nbsp; &nbsp;","_links":{"self":[{"href":"https:\/\/arantv.az\/index.php?rest_route=\/wp\/v2\/posts\/734570"}],"collection":[{"href":"https:\/\/arantv.az\/index.php?rest_route=\/wp\/v2\/posts"}],"about":[{"href":"https:\/\/arantv.az\/index.php?rest_route=\/wp\/v2\/types\/post"}],"author":[{"embeddable":true,"href":"https:\/\/arantv.az\/index.php?rest_route=\/wp\/v2\/users\/2"}],"replies":[{"embeddable":true,"href":"https:\/\/arantv.az\/index.php?rest_route=%2Fwp%2Fv2%2Fcomments&post=734570"}],"version-history":[{"count":0,"href":"https:\/\/arantv.az\/index.php?rest_route=\/wp\/v2\/posts\/734570\/revisions"}],"wp:featuredmedia":[{"embeddable":true,"href":"https:\/\/arantv.az\/index.php?rest_route=\/wp\/v2\/media\/734571"}],"wp:attachment":[{"href":"https:\/\/arantv.az\/index.php?rest_route=%2Fwp%2Fv2%2Fmedia&parent=734570"}],"wp:term":[{"taxonomy":"category","embeddable":true,"href":"https:\/\/arantv.az\/index.php?rest_route=%2Fwp%2Fv2%2Fcategories&post=734570"},{"taxonomy":"post_tag","embeddable":true,"href":"https:\/\/arantv.az\/index.php?rest_route=%2Fwp%2Fv2%2Ftags&post=734570"}],"curies":[{"name":"wp","href":"https:\/\/api.w.org\/{rel}","templated":true}]}}