{"id":734666,"date":"2024-07-04T16:08:09","date_gmt":"2024-07-04T12:08:09","guid":{"rendered":"https:\/\/arantv.az\/?p=734666"},"modified":"2024-07-04T16:08:09","modified_gmt":"2024-07-04T12:08:09","slug":"nazir-r%c9%99is-muavinini-v%c9%99-direktoru-isd%c9%99n-cixardi","status":"publish","type":"post","link":"https:\/\/arantv.az\/?p=734666","title":{"rendered":"Nazir r\u0259is m\u00fcavinini v\u0259 direktoru i\u015fd\u0259n \u00e7\u0131xard\u0131"},"content":{"rendered":"<p>F\u00f6vq\u0259lad\u0259 Hallar Nazirliyinin X\u0259z\u0259r H\u00f6vz\u0259 Q\u0259za Xilasetm\u0259 Xidm\u0259tinin r\u0259is m\u00fcavini i\u015fd\u0259n \u00e7\u0131xar\u0131l\u0131b.<\/p>\n<p>Qaynarinfo-nun m\u0259lumat\u0131na g\u00f6r\u0259, X\u0259z\u0259r H\u00f6vz\u0259 Q\u0259za-xilasetm\u0259 Xidm\u0259tinin Xilasetm\u0259 v\u0259 sualt\u0131 texniki i\u015fl\u0259r \u00fczr\u0259 r\u0259is m\u00fcavini Quliyev Eldar F\u0259rhadovi\u00e7 s\u00f6z\u00fcged\u0259n v\u0259zif\u0259sind\u0259n azad olunub.<\/p>\n<p>&nbsp;<\/p>\n<p>Bununla ba\u011fl\u0131 f\u00f6vq\u0259lad\u0259 hallar naziri general-polkovnik K\u0259mal\u0259ddin Heyd\u0259rov m\u00fcvafiq \u0259mr imzalay\u0131b.<\/p>\n<p>Qeyd ed\u0259k ki, bu ilin may ay\u0131nda X\u0259z\u0259r H\u00f6vz\u0259 Q\u0259za Xilasetm\u0259 Xidm\u0259tinin r\u0259isi Fuad Ramiz o\u011flu Ba\u011f\u0131rov v\u0259zif\u0259sind\u0259n azad edilmi\u015f, yerin\u0259 \u018fkr\u0259m Xanlar o\u011flu Q\u0259hr\u0259manov t\u0259yin edilmi\u015fdi.<\/p>\n<p>Nazir\u00a0 bundan ba\u015fqa &#8220;\u018fm\u0259kdar h\u0259kimi&#8221; t\u0259qa\u00fcd\u0259 g\u00f6nd\u0259rib.<\/p>\n<p>Onun m\u00fcvafiq \u0259mri il\u0259 Aslanov Fikr\u0259t \u018fh\u0259d o\u011flu FHN-nin n\u0259zdind\u0259 &#8220;\u0130zotop&#8221; x\u00fcsusi kombinat\u0131n\u0131n direktoru v\u0259zif\u0259sind\u0259n azad edilib.<\/p>\n<p>Qeyd ed\u0259k ki, Fikr\u0259t Aslanov 2020-ci ilin dekabr ay\u0131nda \u00f6lk\u0259 ba\u015f\u00e7\u0131s\u0131n\u0131n m\u00fcvafiq s\u0259r\u0259ncam\u0131 il\u0259 &#8220;\u018fm\u0259kdar h\u0259kim&#8221; f\u0259xri ad\u0131na layiq g\u00f6r\u00fcl\u00fcb.<\/p>\n<p>Xat\u0131rladaq ki, &#8220;\u0130zotop&#8221; x\u00fcsusi kombinat\u0131 radioaktiv m\u0259nb\u0259l\u0259rin v\u0259 tullant\u0131lar\u0131n q\u0259bulu, z\u0259r\u0259rsizl\u0259\u015fdirilm\u0259si, uzunm\u00fcdd\u0259tli saxlan\u0131lmas\u0131 v\u0259 basd\u0131r\u0131lmas\u0131, radioaktiv m\u0259nb\u0259l\u0259rin, materiallar\u0131n v\u0259 radioizotoplu cihazlar\u0131n n\u0259qli, x\u00fcsusi geyiml\u0259rin v\u0259 f\u0259rdi m\u00fchafiz\u0259 vasit\u0259l\u0259rinin dezaktivasiyas\u0131, \u0259razil\u0259rd\u0259, t\u0259\u015fkilatlarda v\u0259 radiasiya qur\u011fular\u0131n\u0131 istismar ed\u0259n m\u00fc\u0259ssis\u0259l\u0259rd\u0259 radioloji monitorinq v\u0259 dezaktivasiya, radioekoloji monitorinq \u00fczr\u0259 f\u0259aliyy\u0259t g\u00f6st\u0259rir.<\/p>\n","protected":false},"excerpt":{"rendered":"<p>F\u00f6vq\u0259lad\u0259 Hallar Nazirliyinin X\u0259z\u0259r H\u00f6vz\u0259 Q\u0259za Xilasetm\u0259 Xidm\u0259tinin r\u0259is m\u00fcavini i\u015fd\u0259n \u00e7\u0131xar\u0131l\u0131b. Qaynarinfo-nun m\u0259lumat\u0131na g\u00f6r\u0259, X\u0259z\u0259r H\u00f6vz\u0259 Q\u0259za-xilasetm\u0259 Xidm\u0259tinin Xilasetm\u0259 v\u0259 sualt\u0131 texniki i\u015fl\u0259r \u00fczr\u0259 r\u0259is m\u00fcavini Quliyev Eldar F\u0259rhadovi\u00e7 s\u00f6z\u00fcged\u0259n v\u0259zif\u0259sind\u0259n azad olunub. &nbsp; Bununla ba\u011fl\u0131 f\u00f6vq\u0259lad\u0259 hallar naziri general-polkovnik K\u0259mal\u0259ddin Heyd\u0259rov m\u00fcvafiq \u0259mr imzalay\u0131b. Qeyd ed\u0259k ki, bu ilin may ay\u0131nda X\u0259z\u0259r H\u00f6vz\u0259 Q\u0259za Xilasetm\u0259 Xidm\u0259tinin r\u0259isi Fuad Ramiz o\u011flu Ba\u011f\u0131rov v\u0259zif\u0259sind\u0259n azad edilmi\u015f, yerin\u0259 \u018fkr\u0259m Xanlar o\u011flu Q\u0259hr\u0259manov t\u0259yin edilmi\u015fdi. Nazir\u00a0 bundan ba\u015fqa &#8220;\u018fm\u0259kdar h\u0259kimi&#8221; t\u0259qa\u00fcd\u0259 g\u00f6nd\u0259rib. Onun m\u00fcvafiq \u0259mri il\u0259 Aslanov Fikr\u0259t \u018fh\u0259d o\u011flu FHN-nin n\u0259zdind\u0259&hellip;<\/p>\n","protected":false},"author":2,"featured_media":734667,"comment_status":"closed","ping_status":"closed","sticky":false,"template":"","format":"standard","meta":{"om_disable_all_campaigns":false,"_monsterinsights_skip_tracking":false,"_monsterinsights_sitenote_active":false,"_monsterinsights_sitenote_note":"","_monsterinsights_sitenote_category":0},"categories":[1],"tags":[],"aioseo_notices":[],"gutentor_comment":0,"rttpg_featured_image_url":{"full":["https:\/\/arantv.az\/wp-content\/uploads\/2024\/07\/1720091876_1720090563_646e2033733e9f821c1e4e41d27002d6untitled-1-jpg.jpg",770,415,false],"landscape":["https:\/\/arantv.az\/wp-content\/uploads\/2024\/07\/1720091876_1720090563_646e2033733e9f821c1e4e41d27002d6untitled-1-jpg.jpg",770,415,false],"portraits":["https:\/\/arantv.az\/wp-content\/uploads\/2024\/07\/1720091876_1720090563_646e2033733e9f821c1e4e41d27002d6untitled-1-jpg.jpg",770,415,false],"thumbnail":["https:\/\/arantv.az\/wp-content\/uploads\/2024\/07\/1720091876_1720090563_646e2033733e9f821c1e4e41d27002d6untitled-1-jpg-500x280.jpg",500,280,true],"medium":["https:\/\/arantv.az\/wp-content\/uploads\/2024\/07\/1720091876_1720090563_646e2033733e9f821c1e4e41d27002d6untitled-1-jpg-660x356.jpg",660,356,true],"large":["https:\/\/arantv.az\/wp-content\/uploads\/2024\/07\/1720091876_1720090563_646e2033733e9f821c1e4e41d27002d6untitled-1-jpg.jpg",640,345,false],"1536x1536":["https:\/\/arantv.az\/wp-content\/uploads\/2024\/07\/1720091876_1720090563_646e2033733e9f821c1e4e41d27002d6untitled-1-jpg.jpg",770,415,false],"2048x2048":["https:\/\/arantv.az\/wp-content\/uploads\/2024\/07\/1720091876_1720090563_646e2033733e9f821c1e4e41d27002d6untitled-1-jpg.jpg",770,415,false],"post-thumbnail":["https:\/\/arantv.az\/wp-content\/uploads\/2024\/07\/1720091876_1720090563_646e2033733e9f821c1e4e41d27002d6untitled-1-jpg-240x172.jpg",240,172,true],"advps-thumb-one":["https:\/\/arantv.az\/wp-content\/uploads\/2024\/07\/1720091876_1720090563_646e2033733e9f821c1e4e41d27002d6untitled-1-jpg.jpg",770,415,false]},"rttpg_author":{"display_name":"V\u00fcsal Rafiqo\u011flu","author_link":"https:\/\/arantv.az\/?author=2"},"rttpg_comment":0,"rttpg_category":"<a href=\"https:\/\/arantv.az\/?cat=1\" rel=\"category\">C\u0259miyy\u0259t<\/a>","rttpg_excerpt":"F\u00f6vq\u0259lad\u0259 Hallar Nazirliyinin X\u0259z\u0259r H\u00f6vz\u0259 Q\u0259za Xilasetm\u0259 Xidm\u0259tinin r\u0259is m\u00fcavini i\u015fd\u0259n \u00e7\u0131xar\u0131l\u0131b. Qaynarinfo-nun m\u0259lumat\u0131na g\u00f6r\u0259, X\u0259z\u0259r H\u00f6vz\u0259 Q\u0259za-xilasetm\u0259 Xidm\u0259tinin Xilasetm\u0259 v\u0259 sualt\u0131 texniki i\u015fl\u0259r \u00fczr\u0259 r\u0259is m\u00fcavini Quliyev Eldar F\u0259rhadovi\u00e7 s\u00f6z\u00fcged\u0259n v\u0259zif\u0259sind\u0259n azad olunub. &nbsp; Bununla ba\u011fl\u0131 f\u00f6vq\u0259lad\u0259 hallar naziri general-polkovnik K\u0259mal\u0259ddin Heyd\u0259rov m\u00fcvafiq \u0259mr imzalay\u0131b. Qeyd ed\u0259k ki, bu ilin may ay\u0131nda X\u0259z\u0259r H\u00f6vz\u0259&hellip;","_links":{"self":[{"href":"https:\/\/arantv.az\/index.php?rest_route=\/wp\/v2\/posts\/734666"}],"collection":[{"href":"https:\/\/arantv.az\/index.php?rest_route=\/wp\/v2\/posts"}],"about":[{"href":"https:\/\/arantv.az\/index.php?rest_route=\/wp\/v2\/types\/post"}],"author":[{"embeddable":true,"href":"https:\/\/arantv.az\/index.php?rest_route=\/wp\/v2\/users\/2"}],"replies":[{"embeddable":true,"href":"https:\/\/arantv.az\/index.php?rest_route=%2Fwp%2Fv2%2Fcomments&post=734666"}],"version-history":[{"count":0,"href":"https:\/\/arantv.az\/index.php?rest_route=\/wp\/v2\/posts\/734666\/revisions"}],"wp:featuredmedia":[{"embeddable":true,"href":"https:\/\/arantv.az\/index.php?rest_route=\/wp\/v2\/media\/734667"}],"wp:attachment":[{"href":"https:\/\/arantv.az\/index.php?rest_route=%2Fwp%2Fv2%2Fmedia&parent=734666"}],"wp:term":[{"taxonomy":"category","embeddable":true,"href":"https:\/\/arantv.az\/index.php?rest_route=%2Fwp%2Fv2%2Fcategories&post=734666"},{"taxonomy":"post_tag","embeddable":true,"href":"https:\/\/arantv.az\/index.php?rest_route=%2Fwp%2Fv2%2Ftags&post=734666"}],"curies":[{"name":"wp","href":"https:\/\/api.w.org\/{rel}","templated":true}]}}