{"id":734684,"date":"2024-07-04T18:01:34","date_gmt":"2024-07-04T14:01:34","guid":{"rendered":"https:\/\/arantv.az\/?p=734684"},"modified":"2024-07-04T18:01:34","modified_gmt":"2024-07-04T14:01:34","slug":"astanada-prezident-ilham-%c9%99liyevin-istirak-etdiyi-ziyaf%c9%99td%c9%99-ey-v%c9%99t%c9%99n-mahnisi-ifa-olundu","status":"publish","type":"post","link":"https:\/\/arantv.az\/?p=734684","title":{"rendered":"Astanada Prezident \u0130lham \u018fliyevin i\u015ftirak etdiyi ziyaf\u0259td\u0259 &#8220;Ey V\u0259t\u0259n&#8221; mahn\u0131s\u0131 ifa olundu"},"content":{"rendered":"<p>Bu g\u00fcn Qazax\u0131stan\u0131n Astana \u015f\u0259h\u0259rind\u0259 \u015eanxay \u018fm\u0259kda\u015fl\u0131q T\u0259\u015fkilat\u0131n\u0131n (\u015e\u018fT) Zirv\u0259 toplant\u0131s\u0131 ke\u00e7irilir.<\/p>\n<p><strong>ARANTV.AZ<\/strong>\u00a0 <a title=\"xeberler son xeberler 2024\" href=\"https:\/\/big.az\/\" target=\"_blank\" rel=\"noopener\">x\u0259b\u0259r<\/a>\u00a0verir ki, iyulun d\u00f6rd\u00fcnd\u0259 toplant\u0131n\u0131n i\u015ftirak\u00e7\u0131lar\u0131n\u0131n \u015f\u0259r\u0259fin\u0259 r\u0259smi ziyaf\u0259t verilib. Az\u0259rbaycan Respublikas\u0131n\u0131n Prezidenti \u0130lham \u018fliyev d\u0259 t\u0259dbird\u0259 i\u015ftirak edib.<\/p>\n<p>Ziyaf\u0259td\u0259n yay\u0131lan kadrlarda maraql\u0131 m\u0259qam diqq\u0259t \u00e7\u0259kib. Bel\u0259 ki, ziyaf\u0259t zaman\u0131 s\u00f6zl\u0259ri Aslan Abdullayev, musiqisi Elza \u0130brahimovaya m\u0259xsus &#8220;Ey V\u0259t\u0259n&#8221; mahn\u0131s\u0131 ifa edilib.<br \/>\n<iframe loading=\"lazy\" id=\"telegram-post-oxuaze-98127\" src=\"https:\/\/t.me\/oxuaze\/98127?embed=1&amp;userpic=true\" width=\"100%\" height=\"\" frameborder=\"0\" scrolling=\"no\" data-mce-fragment=\"1\"><\/iframe><\/p>\n<div class=\"AdviadNativeVideo\"><\/div>\n","protected":false},"excerpt":{"rendered":"<p>Bu g\u00fcn Qazax\u0131stan\u0131n Astana \u015f\u0259h\u0259rind\u0259 \u015eanxay \u018fm\u0259kda\u015fl\u0131q T\u0259\u015fkilat\u0131n\u0131n (\u015e\u018fT) Zirv\u0259 toplant\u0131s\u0131 ke\u00e7irilir. ARANTV.AZ\u00a0 x\u0259b\u0259r\u00a0verir ki, iyulun d\u00f6rd\u00fcnd\u0259 toplant\u0131n\u0131n i\u015ftirak\u00e7\u0131lar\u0131n\u0131n \u015f\u0259r\u0259fin\u0259 r\u0259smi ziyaf\u0259t verilib. Az\u0259rbaycan Respublikas\u0131n\u0131n Prezidenti \u0130lham \u018fliyev d\u0259 t\u0259dbird\u0259 i\u015ftirak edib. Ziyaf\u0259td\u0259n yay\u0131lan kadrlarda maraql\u0131 m\u0259qam diqq\u0259t \u00e7\u0259kib. Bel\u0259 ki, ziyaf\u0259t zaman\u0131 s\u00f6zl\u0259ri Aslan Abdullayev, musiqisi Elza \u0130brahimovaya m\u0259xsus &#8220;Ey V\u0259t\u0259n&#8221; mahn\u0131s\u0131 ifa edilib.<\/p>\n","protected":false},"author":2,"featured_media":734685,"comment_status":"closed","ping_status":"closed","sticky":false,"template":"","format":"standard","meta":{"om_disable_all_campaigns":false,"_monsterinsights_skip_tracking":false,"_monsterinsights_sitenote_active":false,"_monsterinsights_sitenote_note":"","_monsterinsights_sitenote_category":0},"categories":[4],"tags":[],"aioseo_notices":[],"gutentor_comment":0,"rttpg_featured_image_url":{"full":["https:\/\/arantv.az\/wp-content\/uploads\/2024\/07\/ooo_91720094518.png",649,387,false],"landscape":["https:\/\/arantv.az\/wp-content\/uploads\/2024\/07\/ooo_91720094518.png",649,387,false],"portraits":["https:\/\/arantv.az\/wp-content\/uploads\/2024\/07\/ooo_91720094518.png",649,387,false],"thumbnail":["https:\/\/arantv.az\/wp-content\/uploads\/2024\/07\/ooo_91720094518-500x280.png",500,280,true],"medium":["https:\/\/arantv.az\/wp-content\/uploads\/2024\/07\/ooo_91720094518-612x365.png",612,365,true],"large":["https:\/\/arantv.az\/wp-content\/uploads\/2024\/07\/ooo_91720094518.png",640,382,false],"1536x1536":["https:\/\/arantv.az\/wp-content\/uploads\/2024\/07\/ooo_91720094518.png",649,387,false],"2048x2048":["https:\/\/arantv.az\/wp-content\/uploads\/2024\/07\/ooo_91720094518.png",649,387,false],"post-thumbnail":["https:\/\/arantv.az\/wp-content\/uploads\/2024\/07\/ooo_91720094518-240x172.png",240,172,true],"advps-thumb-one":["https:\/\/arantv.az\/wp-content\/uploads\/2024\/07\/ooo_91720094518.png",649,387,false]},"rttpg_author":{"display_name":"V\u00fcsal Rafiqo\u011flu","author_link":"https:\/\/arantv.az\/?author=2"},"rttpg_comment":0,"rttpg_category":"<a href=\"https:\/\/arantv.az\/?cat=4\" rel=\"category\">Siyas\u0259t<\/a>","rttpg_excerpt":"Bu g\u00fcn Qazax\u0131stan\u0131n Astana \u015f\u0259h\u0259rind\u0259 \u015eanxay \u018fm\u0259kda\u015fl\u0131q T\u0259\u015fkilat\u0131n\u0131n (\u015e\u018fT) Zirv\u0259 toplant\u0131s\u0131 ke\u00e7irilir. ARANTV.AZ\u00a0 x\u0259b\u0259r\u00a0verir ki, iyulun d\u00f6rd\u00fcnd\u0259 toplant\u0131n\u0131n i\u015ftirak\u00e7\u0131lar\u0131n\u0131n \u015f\u0259r\u0259fin\u0259 r\u0259smi ziyaf\u0259t verilib. Az\u0259rbaycan Respublikas\u0131n\u0131n Prezidenti \u0130lham \u018fliyev d\u0259 t\u0259dbird\u0259 i\u015ftirak edib. Ziyaf\u0259td\u0259n yay\u0131lan kadrlarda maraql\u0131 m\u0259qam diqq\u0259t \u00e7\u0259kib. Bel\u0259 ki, ziyaf\u0259t zaman\u0131 s\u00f6zl\u0259ri Aslan Abdullayev, musiqisi Elza \u0130brahimovaya m\u0259xsus &#8220;Ey V\u0259t\u0259n&#8221; mahn\u0131s\u0131 ifa edilib.","_links":{"self":[{"href":"https:\/\/arantv.az\/index.php?rest_route=\/wp\/v2\/posts\/734684"}],"collection":[{"href":"https:\/\/arantv.az\/index.php?rest_route=\/wp\/v2\/posts"}],"about":[{"href":"https:\/\/arantv.az\/index.php?rest_route=\/wp\/v2\/types\/post"}],"author":[{"embeddable":true,"href":"https:\/\/arantv.az\/index.php?rest_route=\/wp\/v2\/users\/2"}],"replies":[{"embeddable":true,"href":"https:\/\/arantv.az\/index.php?rest_route=%2Fwp%2Fv2%2Fcomments&post=734684"}],"version-history":[{"count":0,"href":"https:\/\/arantv.az\/index.php?rest_route=\/wp\/v2\/posts\/734684\/revisions"}],"wp:featuredmedia":[{"embeddable":true,"href":"https:\/\/arantv.az\/index.php?rest_route=\/wp\/v2\/media\/734685"}],"wp:attachment":[{"href":"https:\/\/arantv.az\/index.php?rest_route=%2Fwp%2Fv2%2Fmedia&parent=734684"}],"wp:term":[{"taxonomy":"category","embeddable":true,"href":"https:\/\/arantv.az\/index.php?rest_route=%2Fwp%2Fv2%2Fcategories&post=734684"},{"taxonomy":"post_tag","embeddable":true,"href":"https:\/\/arantv.az\/index.php?rest_route=%2Fwp%2Fv2%2Ftags&post=734684"}],"curies":[{"name":"wp","href":"https:\/\/api.w.org\/{rel}","templated":true}]}}