{"id":734700,"date":"2024-07-04T19:37:58","date_gmt":"2024-07-04T15:37:58","guid":{"rendered":"https:\/\/arantv.az\/?p=734700"},"modified":"2024-07-04T19:37:58","modified_gmt":"2024-07-04T15:37:58","slug":"ali-m%c9%99kt%c9%99bl%c9%99rd%c9%99-ballar-asagi-dus%c9%99c%c9%99k-buna-gor%c9%99","status":"publish","type":"post","link":"https:\/\/arantv.az\/?p=734700","title":{"rendered":"Ali m\u0259kt\u0259bl\u0259rd\u0259 ballar a\u015fa\u011f\u0131 d\u00fc\u015f\u0259c\u0259k &#8211; Buna g\u00f6r\u0259&#8230;"},"content":{"rendered":"<p><strong>Q\u0259bul imtahanlar\u0131n\u0131n ikinci c\u0259hdin\u0259 say\u0131l\u0131 g\u00fcnl\u0259r qal\u0131b. Builki abituriyentl\u0259ri ke\u00e7\u0259nilki abituyentl\u0259rd\u0259n n\u0259 f\u0259rql\u0259ndirir? Bu il abituriyentl\u0259r \u00fc\u00e7\u00fcn hans\u0131 \u0259lav\u0259 \u015fanslar var?<\/strong><\/p>\n<p>M\u00f6vzu il\u0259 ba\u011fl\u0131 Modern.az-a dan\u0131\u015fan t\u0259hsil eksperti El\u00e7in S\u00fcleymanov bildirib ki, elmi statistik g\u00f6st\u0259ricil\u0259r h\u0259l\u0259 elan olunmasa da, burax\u0131l\u0131\u015f v\u0259 q\u0259bul imtahanlar\u0131nda maksimal n\u0259tic\u0259 \u0259ld\u0259 ed\u0259nl\u0259rin say\u0131n\u0131n ke\u00e7\u0259n il\u0259 nisb\u0259t\u0259n art\u0131q oldu\u011funu g\u00f6r\u00fcr\u00fck:<\/p>\n<p>\u201cBu il d\u00f6vl\u0259t sifari\u015fli yerl\u0259rin art\u0131r\u0131lmas\u0131 fonunda y\u0259qin ki, bir \u00e7ox istisasda ballar a\u015fa\u011f\u0131 d\u00fc\u015f\u0259c\u0259k. \u00c7\u00fcnki magistratura imtahan\u0131nda da bunun \u015fahidi olduq. Bu imtahanda bir \u00e7ox ixtisas \u00fczr\u0259 ballar \u0259vv\u0259lki il\u0259 g\u00f6r\u0259 enmi\u015fdi. Bunun \u0259sas s\u0259b\u0259bi plan yerl\u0259rinin art\u0131r\u0131lmas\u0131 il\u0259 ba\u011fl\u0131d\u0131r. Amma ke\u00e7\u0259n il v\u0259 bu il aras\u0131nda bir-birind\u0259n ciddi \u015f\u0259kild\u0259 f\u0259rql\u0259n\u0259n n\u00fcans var, dem\u0259zdim\u201d.<\/p>\n<p>Ekspertin s\u00f6zl\u0259rin\u0259 g\u00f6r\u0259, sad\u0259c\u0259 700 bal toplanmas\u0131 m\u0259s\u0259l\u0259si c\u0259miyy\u0259td\u0259 m\u00fc\u0259yy\u0259n q\u0259d\u0259r \u00e7ox m\u00fczakir\u0259 olunur:<\/p>\n<p>\u201cD\u00fc\u015f\u00fcn\u00fcr\u0259m ki, bu, d\u00fczg\u00fcn yana\u015fma deyil. Burada bal aral\u0131\u011f\u0131na bax\u0131lmal\u0131d\u0131r. 2024-c\u00fc ill\u0259 2023-c\u00fc ilin m\u00fcqayis\u0259si daha uy\u011fundur. Bir sual\u0131n s\u0259hv yaz\u0131lmas\u0131, \u00fcmumi kontekstd\u0259 n\u0259tic\u0259nin geril\u0259m\u0259si dem\u0259k deyil. M\u0259s\u0259l\u0259n, 200 baldan a\u015fa\u011f\u0131 toplayanlar\u0131n say\u0131na 500 baldan yuxar\u0131 toplayanlar\u0131n say\u0131 kimi qrupla\u015fd\u0131r\u0131b baxmaq laz\u0131md\u0131r. Bununla ba\u011fl\u0131 \u0259trafl\u0131 t\u0259hlili D\u00f6vl\u0259t \u0130mtahan M\u0259rk\u0259zi (D\u0130M) bir ne\u00e7\u0259 ay sonra a\u00e7\u0131qlayacaq. Abituriyentl\u0259rin say\u0131 v\u0259 ayr\u0131lan plan yerl\u0259rini diqq\u0259t\u0259 alsaq, ballarda m\u00fc\u0259yy\u0259n q\u0259d\u0259r azalma olacaq\u201d.<\/p>\n<p>E.S\u00fcleymanov qeyd edib ki, bu il abituriyentl\u0259rin se\u00e7imin\u0259 t\u0259sir ed\u0259n ba\u015fqa bir n\u00fcans is\u0259 2 yeni universitetin f\u0259aliyy\u0259t\u0259 ba\u015flamas\u0131d\u0131r:<\/p>\n<p>\u201cXank\u0259ndid\u0259 a\u00e7\u0131lacaq Qaraba\u011f Universiteti kifay\u0259t q\u0259d\u0259r g\u00fccl\u00fc t\u0259bli\u011fat\u0131 il\u0259 c\u0259miyy\u0259td\u0259 m\u00fcsb\u0259t qar\u015f\u0131lan\u0131r. Orada t\u0259l\u0259b\u0259l\u0259r\u0259 m\u00fc\u0259yy\u0259n g\u00fcz\u0259\u015ftl\u0259r v\u0259 dig\u0259r \u015f\u0259kild\u0259 d\u0259st\u0259kl\u0259r veril\u0259c\u0259k. Dolay\u0131s\u0131yla art\u0131q proses\u0259 ciddi bir oyun\u00e7u da qo\u015fulur. Eyni zamanda Az\u0259rbaycan-T\u00fcrkiy\u0259 Universiteti d\u0259 bu il ilk d\u0259f\u0259 \u00f6z qap\u0131lar\u0131n\u0131 t\u0259l\u0259b\u0259l\u0259l\u0259r \u00fc\u00e7\u00fcn a\u00e7acaq. Ona g\u00f6r\u0259 d\u0259 universitetl\u0259r aras\u0131nda m\u00fc\u0259yy\u0259n r\u0259qab\u0259t m\u00fchiti formala\u015facaq. Bunun ballara nec\u0259 t\u0259sir g\u00f6st\u0259r\u0259c\u0259yini yax\u0131n g\u00fcnl\u0259rd\u0259 bil\u0259c\u0259yik\u201d.<\/p>\n","protected":false},"excerpt":{"rendered":"<p>Q\u0259bul imtahanlar\u0131n\u0131n ikinci c\u0259hdin\u0259 say\u0131l\u0131 g\u00fcnl\u0259r qal\u0131b. Builki abituriyentl\u0259ri ke\u00e7\u0259nilki abituyentl\u0259rd\u0259n n\u0259 f\u0259rql\u0259ndirir? Bu il abituriyentl\u0259r \u00fc\u00e7\u00fcn hans\u0131 \u0259lav\u0259 \u015fanslar var? M\u00f6vzu il\u0259 ba\u011fl\u0131 Modern.az-a dan\u0131\u015fan t\u0259hsil eksperti El\u00e7in S\u00fcleymanov bildirib ki, elmi statistik g\u00f6st\u0259ricil\u0259r h\u0259l\u0259 elan olunmasa da, burax\u0131l\u0131\u015f v\u0259 q\u0259bul imtahanlar\u0131nda maksimal n\u0259tic\u0259 \u0259ld\u0259 ed\u0259nl\u0259rin say\u0131n\u0131n ke\u00e7\u0259n il\u0259 nisb\u0259t\u0259n art\u0131q oldu\u011funu g\u00f6r\u00fcr\u00fck: \u201cBu il d\u00f6vl\u0259t sifari\u015fli yerl\u0259rin art\u0131r\u0131lmas\u0131 fonunda y\u0259qin ki, bir \u00e7ox istisasda ballar a\u015fa\u011f\u0131 d\u00fc\u015f\u0259c\u0259k. \u00c7\u00fcnki magistratura imtahan\u0131nda da bunun \u015fahidi olduq. Bu imtahanda bir \u00e7ox ixtisas \u00fczr\u0259 ballar \u0259vv\u0259lki il\u0259 g\u00f6r\u0259 enmi\u015fdi. Bunun \u0259sas s\u0259b\u0259bi&hellip;<\/p>\n","protected":false},"author":2,"featured_media":734701,"comment_status":"closed","ping_status":"closed","sticky":false,"template":"","format":"standard","meta":{"om_disable_all_campaigns":false,"_monsterinsights_skip_tracking":false,"_monsterinsights_sitenote_active":false,"_monsterinsights_sitenote_note":"","_monsterinsights_sitenote_category":0},"categories":[23],"tags":[],"aioseo_notices":[],"gutentor_comment":0,"rttpg_featured_image_url":{"full":["https:\/\/arantv.az\/wp-content\/uploads\/2024\/07\/dee509e6a472f067fd1313651a9fdd8a.jpg",750,422,false],"landscape":["https:\/\/arantv.az\/wp-content\/uploads\/2024\/07\/dee509e6a472f067fd1313651a9fdd8a.jpg",750,422,false],"portraits":["https:\/\/arantv.az\/wp-content\/uploads\/2024\/07\/dee509e6a472f067fd1313651a9fdd8a.jpg",750,422,false],"thumbnail":["https:\/\/arantv.az\/wp-content\/uploads\/2024\/07\/dee509e6a472f067fd1313651a9fdd8a-500x280.jpg",500,280,true],"medium":["https:\/\/arantv.az\/wp-content\/uploads\/2024\/07\/dee509e6a472f067fd1313651a9fdd8a-649x365.jpg",649,365,true],"large":["https:\/\/arantv.az\/wp-content\/uploads\/2024\/07\/dee509e6a472f067fd1313651a9fdd8a.jpg",640,360,false],"1536x1536":["https:\/\/arantv.az\/wp-content\/uploads\/2024\/07\/dee509e6a472f067fd1313651a9fdd8a.jpg",750,422,false],"2048x2048":["https:\/\/arantv.az\/wp-content\/uploads\/2024\/07\/dee509e6a472f067fd1313651a9fdd8a.jpg",750,422,false],"post-thumbnail":["https:\/\/arantv.az\/wp-content\/uploads\/2024\/07\/dee509e6a472f067fd1313651a9fdd8a-240x172.jpg",240,172,true],"advps-thumb-one":["https:\/\/arantv.az\/wp-content\/uploads\/2024\/07\/dee509e6a472f067fd1313651a9fdd8a.jpg",750,422,false]},"rttpg_author":{"display_name":"V\u00fcsal Rafiqo\u011flu","author_link":"https:\/\/arantv.az\/?author=2"},"rttpg_comment":0,"rttpg_category":"<a href=\"https:\/\/arantv.az\/?cat=23\" rel=\"category\">T\u0259hsil<\/a>","rttpg_excerpt":"Q\u0259bul imtahanlar\u0131n\u0131n ikinci c\u0259hdin\u0259 say\u0131l\u0131 g\u00fcnl\u0259r qal\u0131b. Builki abituriyentl\u0259ri ke\u00e7\u0259nilki abituyentl\u0259rd\u0259n n\u0259 f\u0259rql\u0259ndirir? Bu il abituriyentl\u0259r \u00fc\u00e7\u00fcn hans\u0131 \u0259lav\u0259 \u015fanslar var? M\u00f6vzu il\u0259 ba\u011fl\u0131 Modern.az-a dan\u0131\u015fan t\u0259hsil eksperti El\u00e7in S\u00fcleymanov bildirib ki, elmi statistik g\u00f6st\u0259ricil\u0259r h\u0259l\u0259 elan olunmasa da, burax\u0131l\u0131\u015f v\u0259 q\u0259bul imtahanlar\u0131nda maksimal n\u0259tic\u0259 \u0259ld\u0259 ed\u0259nl\u0259rin say\u0131n\u0131n ke\u00e7\u0259n il\u0259 nisb\u0259t\u0259n art\u0131q oldu\u011funu g\u00f6r\u00fcr\u00fck: \u201cBu&hellip;","_links":{"self":[{"href":"https:\/\/arantv.az\/index.php?rest_route=\/wp\/v2\/posts\/734700"}],"collection":[{"href":"https:\/\/arantv.az\/index.php?rest_route=\/wp\/v2\/posts"}],"about":[{"href":"https:\/\/arantv.az\/index.php?rest_route=\/wp\/v2\/types\/post"}],"author":[{"embeddable":true,"href":"https:\/\/arantv.az\/index.php?rest_route=\/wp\/v2\/users\/2"}],"replies":[{"embeddable":true,"href":"https:\/\/arantv.az\/index.php?rest_route=%2Fwp%2Fv2%2Fcomments&post=734700"}],"version-history":[{"count":0,"href":"https:\/\/arantv.az\/index.php?rest_route=\/wp\/v2\/posts\/734700\/revisions"}],"wp:featuredmedia":[{"embeddable":true,"href":"https:\/\/arantv.az\/index.php?rest_route=\/wp\/v2\/media\/734701"}],"wp:attachment":[{"href":"https:\/\/arantv.az\/index.php?rest_route=%2Fwp%2Fv2%2Fmedia&parent=734700"}],"wp:term":[{"taxonomy":"category","embeddable":true,"href":"https:\/\/arantv.az\/index.php?rest_route=%2Fwp%2Fv2%2Fcategories&post=734700"},{"taxonomy":"post_tag","embeddable":true,"href":"https:\/\/arantv.az\/index.php?rest_route=%2Fwp%2Fv2%2Ftags&post=734700"}],"curies":[{"name":"wp","href":"https:\/\/api.w.org\/{rel}","templated":true}]}}