{"id":734711,"date":"2024-07-04T20:32:34","date_gmt":"2024-07-04T16:32:34","guid":{"rendered":"https:\/\/arantv.az\/?p=734711"},"modified":"2024-07-04T20:32:34","modified_gmt":"2024-07-04T16:32:34","slug":"kurd%c9%99mird%c9%99ki-d%c9%99hs%c9%99tli-q%c9%99zanin-t%c9%99f%c9%99rruati-masin-15-d%c9%99f%c9%99-firlanaraq-asdi","status":"publish","type":"post","link":"https:\/\/arantv.az\/?p=734711","title":{"rendered":"K\u00fcrd\u0259mird\u0259ki d\u0259h\u015f\u0259tli q\u0259zan\u0131n T\u018fF\u018fRR\u00dcATI: &#8220;Ma\u015f\u0131n 15 d\u0259f\u0259 f\u0131rlanaraq a\u015fd\u0131&#8221;"},"content":{"rendered":"<p>K\u00fcrd\u0259mir rayonunda ba\u015f ver\u0259n a\u011f\u0131r yol-n\u0259qliyyat hadis\u0259sinin detallar\u0131 m\u0259lum olub.<\/p>\n<p>Hadis\u0259 \u015fahidi Nem\u0259t Mahmudovun bildirib ki, q\u0259za zaman\u0131 arxadak\u0131 ma\u015f\u0131nda olub:<\/p>\n<p>&#8220;M\u0259n \u0259yl\u0259c\u0259 basd\u0131m, &#8220;Toyota Prius&#8221; markal\u0131 avtomobil is\u0259 15 d\u0259f\u0259 f\u0131rlanaraq a\u015fd\u0131&#8221;.<\/p>\n<p>Qeyd ed\u0259k ki, q\u0259za n\u0259tic\u0259sind\u0259 \u00f6l\u0259n s\u0259rni\u015fin Pakistan v\u0259t\u0259nda\u015f\u0131, 1977-ci il t\u0259v\u0259ll\u00fcdl\u00fc Xan Kamran Malikdir.<\/p>\n<p>X\u0259sar\u0259t alanlar is\u0259 G\u00f6yg\u00f6l sakini, 1991-ci il t\u0259v\u0259ll\u00fcdl\u00fc Ayxan Qabil o\u011flu C\u0259f\u0259rov v\u0259 Pakistan v\u0259t\u0259nda\u015f\u0131, X.K.Malikin h\u0259yat yolda\u015f\u0131 Amin Rabia Pakistanidir.<\/p>\n<p>X.K.Malikin meyiti aidiyy\u0259ti \u00fczr\u0259 t\u0259hvil verilib.<\/p>\n<p>\u018ftrafl\u0131 Baku TV-nin s\u00fcjetind\u0259:<\/p>\n<div class=\"embed-responsive embed-responsive-16by9\"><iframe loading=\"lazy\" id=\"nmqembedid\" class=\"embed-responsive-item\" title=\"video player\" src=\"https:\/\/www.youtube.com\/embed\/5X1dohyl9H4?rel=0&amp;wmode=transparent\" width=\"600\" height=\"340\" frameborder=\"0\" scrolling=\"no\" allowfullscreen=\"allowfullscreen\" data-mce-fragment=\"1\"><\/iframe><\/div>\n<div class=\"AdviadNativeVideo\"><\/div>\n","protected":false},"excerpt":{"rendered":"<p>K\u00fcrd\u0259mir rayonunda ba\u015f ver\u0259n a\u011f\u0131r yol-n\u0259qliyyat hadis\u0259sinin detallar\u0131 m\u0259lum olub. Hadis\u0259 \u015fahidi Nem\u0259t Mahmudovun bildirib ki, q\u0259za zaman\u0131 arxadak\u0131 ma\u015f\u0131nda olub: &#8220;M\u0259n \u0259yl\u0259c\u0259 basd\u0131m, &#8220;Toyota Prius&#8221; markal\u0131 avtomobil is\u0259 15 d\u0259f\u0259 f\u0131rlanaraq a\u015fd\u0131&#8221;. Qeyd ed\u0259k ki, q\u0259za n\u0259tic\u0259sind\u0259 \u00f6l\u0259n s\u0259rni\u015fin Pakistan v\u0259t\u0259nda\u015f\u0131, 1977-ci il t\u0259v\u0259ll\u00fcdl\u00fc Xan Kamran Malikdir. X\u0259sar\u0259t alanlar is\u0259 G\u00f6yg\u00f6l sakini, 1991-ci il t\u0259v\u0259ll\u00fcdl\u00fc Ayxan Qabil o\u011flu C\u0259f\u0259rov v\u0259 Pakistan v\u0259t\u0259nda\u015f\u0131, X.K.Malikin h\u0259yat yolda\u015f\u0131 Amin Rabia Pakistanidir. X.K.Malikin meyiti aidiyy\u0259ti \u00fczr\u0259 t\u0259hvil verilib. \u018ftrafl\u0131 Baku TV-nin s\u00fcjetind\u0259:<\/p>\n","protected":false},"author":2,"featured_media":734712,"comment_status":"closed","ping_status":"closed","sticky":false,"template":"","format":"standard","meta":{"om_disable_all_campaigns":false,"_monsterinsights_skip_tracking":false,"_monsterinsights_sitenote_active":false,"_monsterinsights_sitenote_note":"","_monsterinsights_sitenote_category":0},"categories":[5],"tags":[],"aioseo_notices":[],"gutentor_comment":0,"rttpg_featured_image_url":{"full":["https:\/\/arantv.az\/wp-content\/uploads\/2024\/07\/qeza_11720110338.png",650,426,false],"landscape":["https:\/\/arantv.az\/wp-content\/uploads\/2024\/07\/qeza_11720110338.png",650,426,false],"portraits":["https:\/\/arantv.az\/wp-content\/uploads\/2024\/07\/qeza_11720110338.png",650,426,false],"thumbnail":["https:\/\/arantv.az\/wp-content\/uploads\/2024\/07\/qeza_11720110338-500x280.png",500,280,true],"medium":["https:\/\/arantv.az\/wp-content\/uploads\/2024\/07\/qeza_11720110338-557x365.png",557,365,true],"large":["https:\/\/arantv.az\/wp-content\/uploads\/2024\/07\/qeza_11720110338.png",640,419,false],"1536x1536":["https:\/\/arantv.az\/wp-content\/uploads\/2024\/07\/qeza_11720110338.png",650,426,false],"2048x2048":["https:\/\/arantv.az\/wp-content\/uploads\/2024\/07\/qeza_11720110338.png",650,426,false],"post-thumbnail":["https:\/\/arantv.az\/wp-content\/uploads\/2024\/07\/qeza_11720110338-240x172.png",240,172,true],"advps-thumb-one":["https:\/\/arantv.az\/wp-content\/uploads\/2024\/07\/qeza_11720110338.png",650,426,false]},"rttpg_author":{"display_name":"V\u00fcsal Rafiqo\u011flu","author_link":"https:\/\/arantv.az\/?author=2"},"rttpg_comment":0,"rttpg_category":"<a href=\"https:\/\/arantv.az\/?cat=5\" rel=\"category\">Hadis\u0259<\/a>","rttpg_excerpt":"K\u00fcrd\u0259mir rayonunda ba\u015f ver\u0259n a\u011f\u0131r yol-n\u0259qliyyat hadis\u0259sinin detallar\u0131 m\u0259lum olub. Hadis\u0259 \u015fahidi Nem\u0259t Mahmudovun bildirib ki, q\u0259za zaman\u0131 arxadak\u0131 ma\u015f\u0131nda olub: &#8220;M\u0259n \u0259yl\u0259c\u0259 basd\u0131m, &#8220;Toyota Prius&#8221; markal\u0131 avtomobil is\u0259 15 d\u0259f\u0259 f\u0131rlanaraq a\u015fd\u0131&#8221;. Qeyd ed\u0259k ki, q\u0259za n\u0259tic\u0259sind\u0259 \u00f6l\u0259n s\u0259rni\u015fin Pakistan v\u0259t\u0259nda\u015f\u0131, 1977-ci il t\u0259v\u0259ll\u00fcdl\u00fc Xan Kamran Malikdir. X\u0259sar\u0259t alanlar is\u0259 G\u00f6yg\u00f6l sakini, 1991-ci il&hellip;","_links":{"self":[{"href":"https:\/\/arantv.az\/index.php?rest_route=\/wp\/v2\/posts\/734711"}],"collection":[{"href":"https:\/\/arantv.az\/index.php?rest_route=\/wp\/v2\/posts"}],"about":[{"href":"https:\/\/arantv.az\/index.php?rest_route=\/wp\/v2\/types\/post"}],"author":[{"embeddable":true,"href":"https:\/\/arantv.az\/index.php?rest_route=\/wp\/v2\/users\/2"}],"replies":[{"embeddable":true,"href":"https:\/\/arantv.az\/index.php?rest_route=%2Fwp%2Fv2%2Fcomments&post=734711"}],"version-history":[{"count":0,"href":"https:\/\/arantv.az\/index.php?rest_route=\/wp\/v2\/posts\/734711\/revisions"}],"wp:featuredmedia":[{"embeddable":true,"href":"https:\/\/arantv.az\/index.php?rest_route=\/wp\/v2\/media\/734712"}],"wp:attachment":[{"href":"https:\/\/arantv.az\/index.php?rest_route=%2Fwp%2Fv2%2Fmedia&parent=734711"}],"wp:term":[{"taxonomy":"category","embeddable":true,"href":"https:\/\/arantv.az\/index.php?rest_route=%2Fwp%2Fv2%2Fcategories&post=734711"},{"taxonomy":"post_tag","embeddable":true,"href":"https:\/\/arantv.az\/index.php?rest_route=%2Fwp%2Fv2%2Ftags&post=734711"}],"curies":[{"name":"wp","href":"https:\/\/api.w.org\/{rel}","templated":true}]}}