{"id":734714,"date":"2024-07-04T20:34:43","date_gmt":"2024-07-04T16:34:43","guid":{"rendered":"https:\/\/arantv.az\/?p=734714"},"modified":"2024-07-04T20:34:43","modified_gmt":"2024-07-04T16:34:43","slug":"putin-s%c9%99t-sammitind%c9%99-onunla-alti-d%c9%99f%c9%99-danisib","status":"publish","type":"post","link":"https:\/\/arantv.az\/?p=734714","title":{"rendered":"Putin \u015e\u018fT sammitind\u0259 onunla alt\u0131 d\u0259f\u0259 dan\u0131\u015f\u0131b"},"content":{"rendered":"<p><strong>Rusiya v\u0259 Belarus prezidentl\u0259ri Vladimir Putin v\u0259 Aleksandr Luka\u015fenko iyulun 4-d\u0259 \u015eanxay \u018fm\u0259kda\u015fl\u0131q T\u0259\u015fkilat\u0131n\u0131n (\u015e\u018fT) sammiti \u00e7\u0259r\u00e7iv\u0259sind\u0259 alt\u0131 d\u0259f\u0259 dan\u0131\u015f\u0131blar.<\/strong><\/p>\n<p>Bu bar\u0259d\u0259 Belarus d\u00f6vl\u0259t ba\u015f\u00e7\u0131s\u0131n\u0131n m\u0259tbuat xidm\u0259tin\u0259 yax\u0131n &#8220;Pul&#8221; teleqram kanal\u0131 m\u0259lumat yay\u0131b.<\/p>\n<p>&#8220;Belarus v\u0259 Rusiya prezidentl\u0259rinin d\u00fcn\u0259n \u0259trafl\u0131 s\u00f6hb\u0259ti olub, bu g\u00fcn d\u0259 davam edib. Astanan\u0131n g\u0259rgin g\u00fcnd\u0259mi he\u00e7 bir m\u00fcdaxil\u0259 etm\u0259yib &#8211; liderl\u0259r art\u0131q g\u00fcn \u0259rzind\u0259 alt\u0131 d\u0259f\u0259 dan\u0131\u015f\u0131blar&#8221;, &#8211; m\u0259lumatda deyilir.<\/p>\n<p>Qeyd ed\u0259k ki, iyulun 3-d\u0259n 4-d\u0259k Astanada \u015e\u018fT sammiti ke\u00e7irilir.\/qafqazinfo<\/p>\n","protected":false},"excerpt":{"rendered":"<p>Rusiya v\u0259 Belarus prezidentl\u0259ri Vladimir Putin v\u0259 Aleksandr Luka\u015fenko iyulun 4-d\u0259 \u015eanxay \u018fm\u0259kda\u015fl\u0131q T\u0259\u015fkilat\u0131n\u0131n (\u015e\u018fT) sammiti \u00e7\u0259r\u00e7iv\u0259sind\u0259 alt\u0131 d\u0259f\u0259 dan\u0131\u015f\u0131blar. Bu bar\u0259d\u0259 Belarus d\u00f6vl\u0259t ba\u015f\u00e7\u0131s\u0131n\u0131n m\u0259tbuat xidm\u0259tin\u0259 yax\u0131n &#8220;Pul&#8221; teleqram kanal\u0131 m\u0259lumat yay\u0131b. &#8220;Belarus v\u0259 Rusiya prezidentl\u0259rinin d\u00fcn\u0259n \u0259trafl\u0131 s\u00f6hb\u0259ti olub, bu g\u00fcn d\u0259 davam edib. Astanan\u0131n g\u0259rgin g\u00fcnd\u0259mi he\u00e7 bir m\u00fcdaxil\u0259 etm\u0259yib &#8211; liderl\u0259r art\u0131q g\u00fcn \u0259rzind\u0259 alt\u0131 d\u0259f\u0259 dan\u0131\u015f\u0131blar&#8221;, &#8211; m\u0259lumatda deyilir. Qeyd ed\u0259k ki, iyulun 3-d\u0259n 4-d\u0259k Astanada \u015e\u018fT sammiti ke\u00e7irilir.\/qafqazinfo<\/p>\n","protected":false},"author":2,"featured_media":734715,"comment_status":"closed","ping_status":"closed","sticky":false,"template":"","format":"standard","meta":{"om_disable_all_campaigns":false,"_monsterinsights_skip_tracking":false,"_monsterinsights_sitenote_active":false,"_monsterinsights_sitenote_note":"","_monsterinsights_sitenote_category":0},"categories":[7],"tags":[],"aioseo_notices":[],"gutentor_comment":0,"rttpg_featured_image_url":{"full":["https:\/\/arantv.az\/wp-content\/uploads\/2024\/07\/91034bb606e844d4db5776a13537022c.jpg",637,400,false],"landscape":["https:\/\/arantv.az\/wp-content\/uploads\/2024\/07\/91034bb606e844d4db5776a13537022c.jpg",637,400,false],"portraits":["https:\/\/arantv.az\/wp-content\/uploads\/2024\/07\/91034bb606e844d4db5776a13537022c.jpg",637,400,false],"thumbnail":["https:\/\/arantv.az\/wp-content\/uploads\/2024\/07\/91034bb606e844d4db5776a13537022c-500x280.jpg",500,280,true],"medium":["https:\/\/arantv.az\/wp-content\/uploads\/2024\/07\/91034bb606e844d4db5776a13537022c-581x365.jpg",581,365,true],"large":["https:\/\/arantv.az\/wp-content\/uploads\/2024\/07\/91034bb606e844d4db5776a13537022c.jpg",637,400,false],"1536x1536":["https:\/\/arantv.az\/wp-content\/uploads\/2024\/07\/91034bb606e844d4db5776a13537022c.jpg",637,400,false],"2048x2048":["https:\/\/arantv.az\/wp-content\/uploads\/2024\/07\/91034bb606e844d4db5776a13537022c.jpg",637,400,false],"post-thumbnail":["https:\/\/arantv.az\/wp-content\/uploads\/2024\/07\/91034bb606e844d4db5776a13537022c-240x172.jpg",240,172,true],"advps-thumb-one":["https:\/\/arantv.az\/wp-content\/uploads\/2024\/07\/91034bb606e844d4db5776a13537022c.jpg",637,400,false]},"rttpg_author":{"display_name":"V\u00fcsal Rafiqo\u011flu","author_link":"https:\/\/arantv.az\/?author=2"},"rttpg_comment":0,"rttpg_category":"<a href=\"https:\/\/arantv.az\/?cat=7\" rel=\"category\">D\u00fcnya<\/a>","rttpg_excerpt":"Rusiya v\u0259 Belarus prezidentl\u0259ri Vladimir Putin v\u0259 Aleksandr Luka\u015fenko iyulun 4-d\u0259 \u015eanxay \u018fm\u0259kda\u015fl\u0131q T\u0259\u015fkilat\u0131n\u0131n (\u015e\u018fT) sammiti \u00e7\u0259r\u00e7iv\u0259sind\u0259 alt\u0131 d\u0259f\u0259 dan\u0131\u015f\u0131blar. Bu bar\u0259d\u0259 Belarus d\u00f6vl\u0259t ba\u015f\u00e7\u0131s\u0131n\u0131n m\u0259tbuat xidm\u0259tin\u0259 yax\u0131n &#8220;Pul&#8221; teleqram kanal\u0131 m\u0259lumat yay\u0131b. &#8220;Belarus v\u0259 Rusiya prezidentl\u0259rinin d\u00fcn\u0259n \u0259trafl\u0131 s\u00f6hb\u0259ti olub, bu g\u00fcn d\u0259 davam edib. Astanan\u0131n g\u0259rgin g\u00fcnd\u0259mi he\u00e7 bir m\u00fcdaxil\u0259 etm\u0259yib &#8211; liderl\u0259r&hellip;","_links":{"self":[{"href":"https:\/\/arantv.az\/index.php?rest_route=\/wp\/v2\/posts\/734714"}],"collection":[{"href":"https:\/\/arantv.az\/index.php?rest_route=\/wp\/v2\/posts"}],"about":[{"href":"https:\/\/arantv.az\/index.php?rest_route=\/wp\/v2\/types\/post"}],"author":[{"embeddable":true,"href":"https:\/\/arantv.az\/index.php?rest_route=\/wp\/v2\/users\/2"}],"replies":[{"embeddable":true,"href":"https:\/\/arantv.az\/index.php?rest_route=%2Fwp%2Fv2%2Fcomments&post=734714"}],"version-history":[{"count":0,"href":"https:\/\/arantv.az\/index.php?rest_route=\/wp\/v2\/posts\/734714\/revisions"}],"wp:featuredmedia":[{"embeddable":true,"href":"https:\/\/arantv.az\/index.php?rest_route=\/wp\/v2\/media\/734715"}],"wp:attachment":[{"href":"https:\/\/arantv.az\/index.php?rest_route=%2Fwp%2Fv2%2Fmedia&parent=734714"}],"wp:term":[{"taxonomy":"category","embeddable":true,"href":"https:\/\/arantv.az\/index.php?rest_route=%2Fwp%2Fv2%2Fcategories&post=734714"},{"taxonomy":"post_tag","embeddable":true,"href":"https:\/\/arantv.az\/index.php?rest_route=%2Fwp%2Fv2%2Ftags&post=734714"}],"curies":[{"name":"wp","href":"https:\/\/api.w.org\/{rel}","templated":true}]}}