{"id":735280,"date":"2024-07-06T21:20:02","date_gmt":"2024-07-06T17:20:02","guid":{"rendered":"https:\/\/arantv.az\/?p=735280"},"modified":"2024-07-06T21:20:02","modified_gmt":"2024-07-06T17:20:02","slug":"qarabag-universitetind%c9%99-vakansiya-var","status":"publish","type":"post","link":"https:\/\/arantv.az\/?p=735280","title":{"rendered":"Qaraba\u011f Universitetind\u0259 VAKANS\u0130YA VAR"},"content":{"rendered":"<p><strong>Qaraba\u011f Universitetind\u0259 ingilis dili \u00fczr\u0259 m\u00fc\u0259llim vakansiyas\u0131 elan edilib.<\/strong><\/p>\n<p><strong>ARANTV.AZ <\/strong>\u00a0x\u0259b\u0259r verir ki, bu bar\u0259d\u0259 Elm v\u0259 T\u0259hsil Nazirliyinin m\u0259lumat\u0131nda qeyd olunub.<\/p>\n<p>Bildirilib ki, T\u0259l\u0259bl\u0259r\u0259 cavab ver\u0259n namiz\u0259dl\u0259r m\u00fcraci\u0259tl\u0259rini m\u00f6vzu yerin\u0259 \u201cingilis dili m\u00fc\u0259llimi\u201d yazmaqla karabakh@edu.gov.az elektron po\u00e7t \u00fcnvan\u0131na g\u00f6nd\u0259r\u0259 bil\u0259rl\u0259r. Vakansiya \u00fczr\u0259 son m\u00fcraci\u0259t tarixi 21 iyul 2024-c\u00fc ildir. Namiz\u0259dl\u0259r \u0259trafl\u0131 m\u0259lumatla\u00a0<a href=\"https:\/\/t.ly\/7asDT\" target=\"_blank\" rel=\"noopener\">bu elan\u00a0<\/a>vasit\u0259sil\u0259 tan\u0131\u015f ola bil\u0259rl\u0259r.<\/p>\n","protected":false},"excerpt":{"rendered":"<p>Qaraba\u011f Universitetind\u0259 ingilis dili \u00fczr\u0259 m\u00fc\u0259llim vakansiyas\u0131 elan edilib. ARANTV.AZ \u00a0x\u0259b\u0259r verir ki, bu bar\u0259d\u0259 Elm v\u0259 T\u0259hsil Nazirliyinin m\u0259lumat\u0131nda qeyd olunub. Bildirilib ki, T\u0259l\u0259bl\u0259r\u0259 cavab ver\u0259n namiz\u0259dl\u0259r m\u00fcraci\u0259tl\u0259rini m\u00f6vzu yerin\u0259 \u201cingilis dili m\u00fc\u0259llimi\u201d yazmaqla karabakh@edu.gov.az elektron po\u00e7t \u00fcnvan\u0131na g\u00f6nd\u0259r\u0259 bil\u0259rl\u0259r. Vakansiya \u00fczr\u0259 son m\u00fcraci\u0259t tarixi 21 iyul 2024-c\u00fc ildir. Namiz\u0259dl\u0259r \u0259trafl\u0131 m\u0259lumatla\u00a0bu elan\u00a0vasit\u0259sil\u0259 tan\u0131\u015f ola bil\u0259rl\u0259r.<\/p>\n","protected":false},"author":2,"featured_media":735281,"comment_status":"closed","ping_status":"closed","sticky":false,"template":"","format":"standard","meta":{"om_disable_all_campaigns":false,"_monsterinsights_skip_tracking":false,"_monsterinsights_sitenote_active":false,"_monsterinsights_sitenote_note":"","_monsterinsights_sitenote_category":0},"categories":[23],"tags":[],"aioseo_notices":[],"gutentor_comment":0,"rttpg_featured_image_url":{"full":["https:\/\/arantv.az\/wp-content\/uploads\/2024\/07\/b0d12e6a9e7a08f9b514c1cb4d6f4f20.jpg",870,500,false],"landscape":["https:\/\/arantv.az\/wp-content\/uploads\/2024\/07\/b0d12e6a9e7a08f9b514c1cb4d6f4f20.jpg",870,500,false],"portraits":["https:\/\/arantv.az\/wp-content\/uploads\/2024\/07\/b0d12e6a9e7a08f9b514c1cb4d6f4f20.jpg",870,500,false],"thumbnail":["https:\/\/arantv.az\/wp-content\/uploads\/2024\/07\/b0d12e6a9e7a08f9b514c1cb4d6f4f20-500x280.jpg",500,280,true],"medium":["https:\/\/arantv.az\/wp-content\/uploads\/2024\/07\/b0d12e6a9e7a08f9b514c1cb4d6f4f20-635x365.jpg",635,365,true],"large":["https:\/\/arantv.az\/wp-content\/uploads\/2024\/07\/b0d12e6a9e7a08f9b514c1cb4d6f4f20-840x483.jpg",640,368,true],"1536x1536":["https:\/\/arantv.az\/wp-content\/uploads\/2024\/07\/b0d12e6a9e7a08f9b514c1cb4d6f4f20.jpg",870,500,false],"2048x2048":["https:\/\/arantv.az\/wp-content\/uploads\/2024\/07\/b0d12e6a9e7a08f9b514c1cb4d6f4f20.jpg",870,500,false],"post-thumbnail":["https:\/\/arantv.az\/wp-content\/uploads\/2024\/07\/b0d12e6a9e7a08f9b514c1cb4d6f4f20-240x172.jpg",240,172,true],"advps-thumb-one":["https:\/\/arantv.az\/wp-content\/uploads\/2024\/07\/b0d12e6a9e7a08f9b514c1cb4d6f4f20.jpg",870,500,false]},"rttpg_author":{"display_name":"V\u00fcsal Rafiqo\u011flu","author_link":"https:\/\/arantv.az\/?author=2"},"rttpg_comment":0,"rttpg_category":"<a href=\"https:\/\/arantv.az\/?cat=23\" rel=\"category\">T\u0259hsil<\/a>","rttpg_excerpt":"Qaraba\u011f Universitetind\u0259 ingilis dili \u00fczr\u0259 m\u00fc\u0259llim vakansiyas\u0131 elan edilib. ARANTV.AZ \u00a0x\u0259b\u0259r verir ki, bu bar\u0259d\u0259 Elm v\u0259 T\u0259hsil Nazirliyinin m\u0259lumat\u0131nda qeyd olunub. Bildirilib ki, T\u0259l\u0259bl\u0259r\u0259 cavab ver\u0259n namiz\u0259dl\u0259r m\u00fcraci\u0259tl\u0259rini m\u00f6vzu yerin\u0259 \u201cingilis dili m\u00fc\u0259llimi\u201d yazmaqla karabakh@edu.gov.az elektron po\u00e7t \u00fcnvan\u0131na g\u00f6nd\u0259r\u0259 bil\u0259rl\u0259r. Vakansiya \u00fczr\u0259 son m\u00fcraci\u0259t tarixi 21 iyul 2024-c\u00fc ildir. Namiz\u0259dl\u0259r \u0259trafl\u0131 m\u0259lumatla\u00a0bu elan\u00a0vasit\u0259sil\u0259 tan\u0131\u015f&hellip;","_links":{"self":[{"href":"https:\/\/arantv.az\/index.php?rest_route=\/wp\/v2\/posts\/735280"}],"collection":[{"href":"https:\/\/arantv.az\/index.php?rest_route=\/wp\/v2\/posts"}],"about":[{"href":"https:\/\/arantv.az\/index.php?rest_route=\/wp\/v2\/types\/post"}],"author":[{"embeddable":true,"href":"https:\/\/arantv.az\/index.php?rest_route=\/wp\/v2\/users\/2"}],"replies":[{"embeddable":true,"href":"https:\/\/arantv.az\/index.php?rest_route=%2Fwp%2Fv2%2Fcomments&post=735280"}],"version-history":[{"count":0,"href":"https:\/\/arantv.az\/index.php?rest_route=\/wp\/v2\/posts\/735280\/revisions"}],"wp:featuredmedia":[{"embeddable":true,"href":"https:\/\/arantv.az\/index.php?rest_route=\/wp\/v2\/media\/735281"}],"wp:attachment":[{"href":"https:\/\/arantv.az\/index.php?rest_route=%2Fwp%2Fv2%2Fmedia&parent=735280"}],"wp:term":[{"taxonomy":"category","embeddable":true,"href":"https:\/\/arantv.az\/index.php?rest_route=%2Fwp%2Fv2%2Fcategories&post=735280"},{"taxonomy":"post_tag","embeddable":true,"href":"https:\/\/arantv.az\/index.php?rest_route=%2Fwp%2Fv2%2Ftags&post=735280"}],"curies":[{"name":"wp","href":"https:\/\/api.w.org\/{rel}","templated":true}]}}