{"id":735283,"date":"2024-07-06T21:20:33","date_gmt":"2024-07-06T17:20:33","guid":{"rendered":"https:\/\/arantv.az\/?p=735283"},"modified":"2024-07-06T21:20:33","modified_gmt":"2024-07-06T17:20:33","slug":"d%c9%99hs%c9%99t-az%c9%99rbaycanda-ogul-atasini-sus%c9%99-parcasi-il%c9%99-oldurdu","status":"publish","type":"post","link":"https:\/\/arantv.az\/?p=735283","title":{"rendered":"D\u018fH\u015e\u018fT! Az\u0259rbaycanda o\u011ful atas\u0131n\u0131 \u015f\u00fc\u015f\u0259 par\u00e7as\u0131 il\u0259 \u00f6ld\u00fcrd\u00fc"},"content":{"rendered":"<p><strong>\u0130yulun 6-da saat 18:30 rad\u0259l\u0259rind\u0259 Saatl\u0131 rayonu D\u0259d\u0259 Qorqud k\u0259ndind\u0259 1952-ci il t\u0259v\u0259ll\u00fcdl\u00fc A\u011fayev Ramiz G\u00fclabdin o\u011flunun ya\u015fad\u0131\u011f\u0131 evd\u0259 \u015f\u00fc\u015f\u0259 par\u00e7as\u0131 il\u0259 q\u0259tl\u0259 yetirilm\u0259si bar\u0259d\u0259 polis\u0259 m\u0259lumat daxil olub.<\/strong><\/p>\n<p>D\u0130N-in M\u0259tbuat Xidm\u0259tind\u0259n\u00a0<strong>Musavat.com<\/strong>-a bildirilib ki, cinay\u0259t \u0259m\u0259lini t\u00f6r\u0259tm\u0259kd\u0259 \u015f\u00fcbh\u0259li bilin\u0259n, o\u011flu 2000-ci il t\u0259v\u0259ll\u00fcdl\u00fc A\u011fayev Rabil Ramiz o\u011flu polis \u0259m\u0259kda\u015flar\u0131 t\u0259r\u0259find\u0259n ke\u00e7iril\u0259n t\u0259dbirl\u0259rl\u0259 saxlan\u0131laraq istintaqa t\u0259hvil verilib.<\/p>\n<p>Ara\u015fd\u0131rma apar\u0131l\u0131r.<\/p>\n","protected":false},"excerpt":{"rendered":"<p>\u0130yulun 6-da saat 18:30 rad\u0259l\u0259rind\u0259 Saatl\u0131 rayonu D\u0259d\u0259 Qorqud k\u0259ndind\u0259 1952-ci il t\u0259v\u0259ll\u00fcdl\u00fc A\u011fayev Ramiz G\u00fclabdin o\u011flunun ya\u015fad\u0131\u011f\u0131 evd\u0259 \u015f\u00fc\u015f\u0259 par\u00e7as\u0131 il\u0259 q\u0259tl\u0259 yetirilm\u0259si bar\u0259d\u0259 polis\u0259 m\u0259lumat daxil olub. D\u0130N-in M\u0259tbuat Xidm\u0259tind\u0259n\u00a0Musavat.com-a bildirilib ki, cinay\u0259t \u0259m\u0259lini t\u00f6r\u0259tm\u0259kd\u0259 \u015f\u00fcbh\u0259li bilin\u0259n, o\u011flu 2000-ci il t\u0259v\u0259ll\u00fcdl\u00fc A\u011fayev Rabil Ramiz o\u011flu polis \u0259m\u0259kda\u015flar\u0131 t\u0259r\u0259find\u0259n ke\u00e7iril\u0259n t\u0259dbirl\u0259rl\u0259 saxlan\u0131laraq istintaqa t\u0259hvil verilib. Ara\u015fd\u0131rma apar\u0131l\u0131r.<\/p>\n","protected":false},"author":2,"featured_media":735284,"comment_status":"closed","ping_status":"closed","sticky":false,"template":"","format":"standard","meta":{"om_disable_all_campaigns":false,"_monsterinsights_skip_tracking":false,"_monsterinsights_sitenote_active":false,"_monsterinsights_sitenote_note":"","_monsterinsights_sitenote_category":0},"categories":[3],"tags":[],"aioseo_notices":[],"gutentor_comment":0,"rttpg_featured_image_url":{"full":["https:\/\/arantv.az\/wp-content\/uploads\/2024\/07\/fc0b257b9568f7099f3d8d6488fe7cd7.jpg",870,500,false],"landscape":["https:\/\/arantv.az\/wp-content\/uploads\/2024\/07\/fc0b257b9568f7099f3d8d6488fe7cd7.jpg",870,500,false],"portraits":["https:\/\/arantv.az\/wp-content\/uploads\/2024\/07\/fc0b257b9568f7099f3d8d6488fe7cd7.jpg",870,500,false],"thumbnail":["https:\/\/arantv.az\/wp-content\/uploads\/2024\/07\/fc0b257b9568f7099f3d8d6488fe7cd7-500x280.jpg",500,280,true],"medium":["https:\/\/arantv.az\/wp-content\/uploads\/2024\/07\/fc0b257b9568f7099f3d8d6488fe7cd7-635x365.jpg",635,365,true],"large":["https:\/\/arantv.az\/wp-content\/uploads\/2024\/07\/fc0b257b9568f7099f3d8d6488fe7cd7-840x483.jpg",640,368,true],"1536x1536":["https:\/\/arantv.az\/wp-content\/uploads\/2024\/07\/fc0b257b9568f7099f3d8d6488fe7cd7.jpg",870,500,false],"2048x2048":["https:\/\/arantv.az\/wp-content\/uploads\/2024\/07\/fc0b257b9568f7099f3d8d6488fe7cd7.jpg",870,500,false],"post-thumbnail":["https:\/\/arantv.az\/wp-content\/uploads\/2024\/07\/fc0b257b9568f7099f3d8d6488fe7cd7-240x172.jpg",240,172,true],"advps-thumb-one":["https:\/\/arantv.az\/wp-content\/uploads\/2024\/07\/fc0b257b9568f7099f3d8d6488fe7cd7.jpg",870,500,false]},"rttpg_author":{"display_name":"V\u00fcsal Rafiqo\u011flu","author_link":"https:\/\/arantv.az\/?author=2"},"rttpg_comment":0,"rttpg_category":"<a href=\"https:\/\/arantv.az\/?cat=3\" rel=\"category\">Kriminal<\/a>","rttpg_excerpt":"\u0130yulun 6-da saat 18:30 rad\u0259l\u0259rind\u0259 Saatl\u0131 rayonu D\u0259d\u0259 Qorqud k\u0259ndind\u0259 1952-ci il t\u0259v\u0259ll\u00fcdl\u00fc A\u011fayev Ramiz G\u00fclabdin o\u011flunun ya\u015fad\u0131\u011f\u0131 evd\u0259 \u015f\u00fc\u015f\u0259 par\u00e7as\u0131 il\u0259 q\u0259tl\u0259 yetirilm\u0259si bar\u0259d\u0259 polis\u0259 m\u0259lumat daxil olub. D\u0130N-in M\u0259tbuat Xidm\u0259tind\u0259n\u00a0Musavat.com-a bildirilib ki, cinay\u0259t \u0259m\u0259lini t\u00f6r\u0259tm\u0259kd\u0259 \u015f\u00fcbh\u0259li bilin\u0259n, o\u011flu 2000-ci il t\u0259v\u0259ll\u00fcdl\u00fc A\u011fayev Rabil Ramiz o\u011flu polis \u0259m\u0259kda\u015flar\u0131 t\u0259r\u0259find\u0259n ke\u00e7iril\u0259n t\u0259dbirl\u0259rl\u0259 saxlan\u0131laraq istintaqa t\u0259hvil&hellip;","_links":{"self":[{"href":"https:\/\/arantv.az\/index.php?rest_route=\/wp\/v2\/posts\/735283"}],"collection":[{"href":"https:\/\/arantv.az\/index.php?rest_route=\/wp\/v2\/posts"}],"about":[{"href":"https:\/\/arantv.az\/index.php?rest_route=\/wp\/v2\/types\/post"}],"author":[{"embeddable":true,"href":"https:\/\/arantv.az\/index.php?rest_route=\/wp\/v2\/users\/2"}],"replies":[{"embeddable":true,"href":"https:\/\/arantv.az\/index.php?rest_route=%2Fwp%2Fv2%2Fcomments&post=735283"}],"version-history":[{"count":0,"href":"https:\/\/arantv.az\/index.php?rest_route=\/wp\/v2\/posts\/735283\/revisions"}],"wp:featuredmedia":[{"embeddable":true,"href":"https:\/\/arantv.az\/index.php?rest_route=\/wp\/v2\/media\/735284"}],"wp:attachment":[{"href":"https:\/\/arantv.az\/index.php?rest_route=%2Fwp%2Fv2%2Fmedia&parent=735283"}],"wp:term":[{"taxonomy":"category","embeddable":true,"href":"https:\/\/arantv.az\/index.php?rest_route=%2Fwp%2Fv2%2Fcategories&post=735283"},{"taxonomy":"post_tag","embeddable":true,"href":"https:\/\/arantv.az\/index.php?rest_route=%2Fwp%2Fv2%2Ftags&post=735283"}],"curies":[{"name":"wp","href":"https:\/\/api.w.org\/{rel}","templated":true}]}}