{"id":735286,"date":"2024-07-06T21:21:42","date_gmt":"2024-07-06T17:21:42","guid":{"rendered":"https:\/\/arantv.az\/?p=735286"},"modified":"2024-07-06T21:21:42","modified_gmt":"2024-07-06T17:21:42","slug":"viktor-orbanin-az%c9%99rbaycana-s%c9%99f%c9%99ri-basa-catdifoto","status":"publish","type":"post","link":"https:\/\/arantv.az\/?p=735286","title":{"rendered":"Viktor Orban\u0131n Az\u0259rbaycana s\u0259f\u0259ri ba\u015fa \u00e7atd\u0131FOTO"},"content":{"rendered":"<div class=\"text-content\" data-id=\"\" data-url=\"\">\n<p><strong>T\u00fcrk D\u00f6vl\u0259tl\u0259ri T\u0259\u015fkilat\u0131n\u0131n (TDT) d\u00f6vl\u0259t ba\u015f\u00e7\u0131lar\u0131n\u0131n \u015eu\u015fada ke\u00e7iril\u0259n qeyri-r\u0259smi Zirv\u0259 g\u00f6r\u00fc\u015f\u00fcnd\u0259 i\u015ftirak ed\u0259n Macar\u0131stan\u0131n Ba\u015f naziri Viktor Orban\u0131n Az\u0259rbaycana s\u0259f\u0259ri iyulun 6-da ba\u015fa \u00e7at\u0131b.<\/strong><\/p>\n<p><strong>ARANTV.AZ <\/strong>\u00a0x\u0259b\u0259r verir ki, TDT-y\u0259 \u00fczv \u00f6lk\u0259l\u0259rin d\u00f6vl\u0259t bayraqlar\u0131n\u0131n dal\u011faland\u0131\u011f\u0131 F\u00fczuli Beyn\u0259lxalq Hava Liman\u0131nda ali qona\u011f\u0131n \u015f\u0259r\u0259fin\u0259 f\u0259xri qarovul d\u0259st\u0259si d\u00fcz\u00fclm\u00fc\u015fd\u00fc.<\/p>\n<p>Macar\u0131stan\u0131n Ba\u015f naziri Viktor Orban\u0131 hava liman\u0131nda A\u011fdam, F\u00fczuli v\u0259 Xocav\u0259nd rayonlar\u0131nda Az\u0259rbaycan Respublikas\u0131 Prezidentinin x\u00fcsusi n\u00fcmay\u0259nd\u0259si Emin H\u00fcseynov, xarici i\u015fl\u0259r nazirinin m\u00fcavini Samir \u015e\u0259rifov v\u0259 dig\u0259r r\u0259smi \u015f\u0259xsl\u0259r yola sald\u0131lar.<\/p>\n<\/div>\n<div>\n<div class=\"form-group\"><img class=\"img-responsive\" src=\"https:\/\/cdn.musavat.com\/news\/images\/Ayten\/ORBAN%20.png\" \/><\/div>\n<\/div>\n","protected":false},"excerpt":{"rendered":"<p>T\u00fcrk D\u00f6vl\u0259tl\u0259ri T\u0259\u015fkilat\u0131n\u0131n (TDT) d\u00f6vl\u0259t ba\u015f\u00e7\u0131lar\u0131n\u0131n \u015eu\u015fada ke\u00e7iril\u0259n qeyri-r\u0259smi Zirv\u0259 g\u00f6r\u00fc\u015f\u00fcnd\u0259 i\u015ftirak ed\u0259n Macar\u0131stan\u0131n Ba\u015f naziri Viktor Orban\u0131n Az\u0259rbaycana s\u0259f\u0259ri iyulun 6-da ba\u015fa \u00e7at\u0131b. ARANTV.AZ \u00a0x\u0259b\u0259r verir ki, TDT-y\u0259 \u00fczv \u00f6lk\u0259l\u0259rin d\u00f6vl\u0259t bayraqlar\u0131n\u0131n dal\u011faland\u0131\u011f\u0131 F\u00fczuli Beyn\u0259lxalq Hava Liman\u0131nda ali qona\u011f\u0131n \u015f\u0259r\u0259fin\u0259 f\u0259xri qarovul d\u0259st\u0259si d\u00fcz\u00fclm\u00fc\u015fd\u00fc. Macar\u0131stan\u0131n Ba\u015f naziri Viktor Orban\u0131 hava liman\u0131nda A\u011fdam, F\u00fczuli v\u0259 Xocav\u0259nd rayonlar\u0131nda Az\u0259rbaycan Respublikas\u0131 Prezidentinin x\u00fcsusi n\u00fcmay\u0259nd\u0259si Emin H\u00fcseynov, xarici i\u015fl\u0259r nazirinin m\u00fcavini Samir \u015e\u0259rifov v\u0259 dig\u0259r r\u0259smi \u015f\u0259xsl\u0259r yola sald\u0131lar.<\/p>\n","protected":false},"author":2,"featured_media":735287,"comment_status":"closed","ping_status":"closed","sticky":false,"template":"","format":"standard","meta":{"om_disable_all_campaigns":false,"_monsterinsights_skip_tracking":false,"_monsterinsights_sitenote_active":false,"_monsterinsights_sitenote_note":"","_monsterinsights_sitenote_category":0},"categories":[19],"tags":[],"aioseo_notices":[],"gutentor_comment":0,"rttpg_featured_image_url":{"full":["https:\/\/arantv.az\/wp-content\/uploads\/2024\/07\/6a82d5dd8bccec6ae45a26f329da1895.jpg",870,500,false],"landscape":["https:\/\/arantv.az\/wp-content\/uploads\/2024\/07\/6a82d5dd8bccec6ae45a26f329da1895.jpg",870,500,false],"portraits":["https:\/\/arantv.az\/wp-content\/uploads\/2024\/07\/6a82d5dd8bccec6ae45a26f329da1895.jpg",870,500,false],"thumbnail":["https:\/\/arantv.az\/wp-content\/uploads\/2024\/07\/6a82d5dd8bccec6ae45a26f329da1895-500x280.jpg",500,280,true],"medium":["https:\/\/arantv.az\/wp-content\/uploads\/2024\/07\/6a82d5dd8bccec6ae45a26f329da1895-635x365.jpg",635,365,true],"large":["https:\/\/arantv.az\/wp-content\/uploads\/2024\/07\/6a82d5dd8bccec6ae45a26f329da1895-840x483.jpg",640,368,true],"1536x1536":["https:\/\/arantv.az\/wp-content\/uploads\/2024\/07\/6a82d5dd8bccec6ae45a26f329da1895.jpg",870,500,false],"2048x2048":["https:\/\/arantv.az\/wp-content\/uploads\/2024\/07\/6a82d5dd8bccec6ae45a26f329da1895.jpg",870,500,false],"post-thumbnail":["https:\/\/arantv.az\/wp-content\/uploads\/2024\/07\/6a82d5dd8bccec6ae45a26f329da1895-240x172.jpg",240,172,true],"advps-thumb-one":["https:\/\/arantv.az\/wp-content\/uploads\/2024\/07\/6a82d5dd8bccec6ae45a26f329da1895.jpg",870,500,false]},"rttpg_author":{"display_name":"V\u00fcsal Rafiqo\u011flu","author_link":"https:\/\/arantv.az\/?author=2"},"rttpg_comment":0,"rttpg_category":"<a href=\"https:\/\/arantv.az\/?cat=19\" rel=\"category\">G\u00fcnd\u0259m<\/a>","rttpg_excerpt":"T\u00fcrk D\u00f6vl\u0259tl\u0259ri T\u0259\u015fkilat\u0131n\u0131n (TDT) d\u00f6vl\u0259t ba\u015f\u00e7\u0131lar\u0131n\u0131n \u015eu\u015fada ke\u00e7iril\u0259n qeyri-r\u0259smi Zirv\u0259 g\u00f6r\u00fc\u015f\u00fcnd\u0259 i\u015ftirak ed\u0259n Macar\u0131stan\u0131n Ba\u015f naziri Viktor Orban\u0131n Az\u0259rbaycana s\u0259f\u0259ri iyulun 6-da ba\u015fa \u00e7at\u0131b. ARANTV.AZ \u00a0x\u0259b\u0259r verir ki, TDT-y\u0259 \u00fczv \u00f6lk\u0259l\u0259rin d\u00f6vl\u0259t bayraqlar\u0131n\u0131n dal\u011faland\u0131\u011f\u0131 F\u00fczuli Beyn\u0259lxalq Hava Liman\u0131nda ali qona\u011f\u0131n \u015f\u0259r\u0259fin\u0259 f\u0259xri qarovul d\u0259st\u0259si d\u00fcz\u00fclm\u00fc\u015fd\u00fc. Macar\u0131stan\u0131n Ba\u015f naziri Viktor Orban\u0131 hava liman\u0131nda A\u011fdam, F\u00fczuli v\u0259&hellip;","_links":{"self":[{"href":"https:\/\/arantv.az\/index.php?rest_route=\/wp\/v2\/posts\/735286"}],"collection":[{"href":"https:\/\/arantv.az\/index.php?rest_route=\/wp\/v2\/posts"}],"about":[{"href":"https:\/\/arantv.az\/index.php?rest_route=\/wp\/v2\/types\/post"}],"author":[{"embeddable":true,"href":"https:\/\/arantv.az\/index.php?rest_route=\/wp\/v2\/users\/2"}],"replies":[{"embeddable":true,"href":"https:\/\/arantv.az\/index.php?rest_route=%2Fwp%2Fv2%2Fcomments&post=735286"}],"version-history":[{"count":0,"href":"https:\/\/arantv.az\/index.php?rest_route=\/wp\/v2\/posts\/735286\/revisions"}],"wp:featuredmedia":[{"embeddable":true,"href":"https:\/\/arantv.az\/index.php?rest_route=\/wp\/v2\/media\/735287"}],"wp:attachment":[{"href":"https:\/\/arantv.az\/index.php?rest_route=%2Fwp%2Fv2%2Fmedia&parent=735286"}],"wp:term":[{"taxonomy":"category","embeddable":true,"href":"https:\/\/arantv.az\/index.php?rest_route=%2Fwp%2Fv2%2Fcategories&post=735286"},{"taxonomy":"post_tag","embeddable":true,"href":"https:\/\/arantv.az\/index.php?rest_route=%2Fwp%2Fv2%2Ftags&post=735286"}],"curies":[{"name":"wp","href":"https:\/\/api.w.org\/{rel}","templated":true}]}}