{"id":735289,"date":"2024-07-06T21:32:06","date_gmt":"2024-07-06T17:32:06","guid":{"rendered":"https:\/\/arantv.az\/?p=735289"},"modified":"2024-07-06T21:32:06","modified_gmt":"2024-07-06T17:32:06","slug":"el%c9%99-t%c9%99rbiy%c9%99-gormusuk-ki-bel%c9%99-q%c9%99l%c9%99t-etm%c9%99misik-afaq-b%c9%99sirqizi","status":"publish","type":"post","link":"https:\/\/arantv.az\/?p=735289","title":{"rendered":"&#8220;El\u0259 t\u0259rbiy\u0259 g\u00f6rm\u00fc\u015f\u00fck ki, bel\u0259 q\u0259l\u0259t etm\u0259mi\u015fik&#8221; &#8211; Afaq B\u0259\u015firq\u0131z\u0131"},"content":{"rendered":"<p><strong>Xalq artisti Afaq B\u0259\u015firq\u0131z\u0131 apar\u0131c\u0131n\u0131n ona \u00fcnvanlad\u0131\u011f\u0131 suala \u0259s\u0259bil\u0259\u015fib.<\/strong><\/p>\n<p>&#8220;\u015e\u0259n g\u0259nc&#8221; proqram\u0131nda apar\u0131c\u0131 Aysel Novruzova ona &#8220;Tan\u0131nd\u0131\u011f\u0131n\u0131z\u0131 n\u0259 vaxt hiss etdiniz? Bu, n\u0259 zaman, ne\u00e7\u0259 ild\u0259n sonra hiss olundu&#8221; sual\u0131n\u0131 \u00fcnvanlay\u0131b.<\/p>\n<p>\u018fs\u0259bil\u0259\u015f\u0259n aktrisa &#8220;Bu g\u00fcnl\u0259rd\u0259. Bu yax\u0131nlarda. Dem\u0259k olar. Q\u0259fild\u0259n yolda\u015f\u0131m s\u0259h\u0259r oyananda dedi, Afaq, filan \u015feyi g\u0259tir. Bildim tan\u0131y\u0131r m\u0259ni. Q\u0131z\u0131m, biz el\u0259 t\u0259rbiy\u0259 g\u00f6rm\u00fc\u015f\u00fck ki, bel\u0259 q\u0259l\u0259t etm\u0259mi\u015fik: m\u0259n ulduzam, m\u0259\u015fhuram&#8221; cavab\u0131n\u0131 verib. (Ax\u015fam.az)<\/p>\n","protected":false},"excerpt":{"rendered":"<p>Xalq artisti Afaq B\u0259\u015firq\u0131z\u0131 apar\u0131c\u0131n\u0131n ona \u00fcnvanlad\u0131\u011f\u0131 suala \u0259s\u0259bil\u0259\u015fib. &#8220;\u015e\u0259n g\u0259nc&#8221; proqram\u0131nda apar\u0131c\u0131 Aysel Novruzova ona &#8220;Tan\u0131nd\u0131\u011f\u0131n\u0131z\u0131 n\u0259 vaxt hiss etdiniz? Bu, n\u0259 zaman, ne\u00e7\u0259 ild\u0259n sonra hiss olundu&#8221; sual\u0131n\u0131 \u00fcnvanlay\u0131b. \u018fs\u0259bil\u0259\u015f\u0259n aktrisa &#8220;Bu g\u00fcnl\u0259rd\u0259. Bu yax\u0131nlarda. Dem\u0259k olar. Q\u0259fild\u0259n yolda\u015f\u0131m s\u0259h\u0259r oyananda dedi, Afaq, filan \u015feyi g\u0259tir. Bildim tan\u0131y\u0131r m\u0259ni. Q\u0131z\u0131m, biz el\u0259 t\u0259rbiy\u0259 g\u00f6rm\u00fc\u015f\u00fck ki, bel\u0259 q\u0259l\u0259t etm\u0259mi\u015fik: m\u0259n ulduzam, m\u0259\u015fhuram&#8221; cavab\u0131n\u0131 verib. (Ax\u015fam.az)<\/p>\n","protected":false},"author":2,"featured_media":735290,"comment_status":"closed","ping_status":"closed","sticky":false,"template":"","format":"standard","meta":{"om_disable_all_campaigns":false,"_monsterinsights_skip_tracking":false,"_monsterinsights_sitenote_active":false,"_monsterinsights_sitenote_note":"","_monsterinsights_sitenote_category":0},"categories":[1],"tags":[],"aioseo_notices":[],"gutentor_comment":0,"rttpg_featured_image_url":{"full":["https:\/\/arantv.az\/wp-content\/uploads\/2024\/07\/f20ed1b45bca1a67b71bd773305fe91e.jpg",735,462,false],"landscape":["https:\/\/arantv.az\/wp-content\/uploads\/2024\/07\/f20ed1b45bca1a67b71bd773305fe91e.jpg",735,462,false],"portraits":["https:\/\/arantv.az\/wp-content\/uploads\/2024\/07\/f20ed1b45bca1a67b71bd773305fe91e.jpg",735,462,false],"thumbnail":["https:\/\/arantv.az\/wp-content\/uploads\/2024\/07\/f20ed1b45bca1a67b71bd773305fe91e-500x280.jpg",500,280,true],"medium":["https:\/\/arantv.az\/wp-content\/uploads\/2024\/07\/f20ed1b45bca1a67b71bd773305fe91e-581x365.jpg",581,365,true],"large":["https:\/\/arantv.az\/wp-content\/uploads\/2024\/07\/f20ed1b45bca1a67b71bd773305fe91e.jpg",640,402,false],"1536x1536":["https:\/\/arantv.az\/wp-content\/uploads\/2024\/07\/f20ed1b45bca1a67b71bd773305fe91e.jpg",735,462,false],"2048x2048":["https:\/\/arantv.az\/wp-content\/uploads\/2024\/07\/f20ed1b45bca1a67b71bd773305fe91e.jpg",735,462,false],"post-thumbnail":["https:\/\/arantv.az\/wp-content\/uploads\/2024\/07\/f20ed1b45bca1a67b71bd773305fe91e-240x172.jpg",240,172,true],"advps-thumb-one":["https:\/\/arantv.az\/wp-content\/uploads\/2024\/07\/f20ed1b45bca1a67b71bd773305fe91e.jpg",735,462,false]},"rttpg_author":{"display_name":"V\u00fcsal Rafiqo\u011flu","author_link":"https:\/\/arantv.az\/?author=2"},"rttpg_comment":0,"rttpg_category":"<a href=\"https:\/\/arantv.az\/?cat=1\" rel=\"category\">C\u0259miyy\u0259t<\/a>","rttpg_excerpt":"Xalq artisti Afaq B\u0259\u015firq\u0131z\u0131 apar\u0131c\u0131n\u0131n ona \u00fcnvanlad\u0131\u011f\u0131 suala \u0259s\u0259bil\u0259\u015fib. &#8220;\u015e\u0259n g\u0259nc&#8221; proqram\u0131nda apar\u0131c\u0131 Aysel Novruzova ona &#8220;Tan\u0131nd\u0131\u011f\u0131n\u0131z\u0131 n\u0259 vaxt hiss etdiniz? Bu, n\u0259 zaman, ne\u00e7\u0259 ild\u0259n sonra hiss olundu&#8221; sual\u0131n\u0131 \u00fcnvanlay\u0131b. \u018fs\u0259bil\u0259\u015f\u0259n aktrisa &#8220;Bu g\u00fcnl\u0259rd\u0259. Bu yax\u0131nlarda. Dem\u0259k olar. Q\u0259fild\u0259n yolda\u015f\u0131m s\u0259h\u0259r oyananda dedi, Afaq, filan \u015feyi g\u0259tir. Bildim tan\u0131y\u0131r m\u0259ni. Q\u0131z\u0131m, biz el\u0259 t\u0259rbiy\u0259&hellip;","_links":{"self":[{"href":"https:\/\/arantv.az\/index.php?rest_route=\/wp\/v2\/posts\/735289"}],"collection":[{"href":"https:\/\/arantv.az\/index.php?rest_route=\/wp\/v2\/posts"}],"about":[{"href":"https:\/\/arantv.az\/index.php?rest_route=\/wp\/v2\/types\/post"}],"author":[{"embeddable":true,"href":"https:\/\/arantv.az\/index.php?rest_route=\/wp\/v2\/users\/2"}],"replies":[{"embeddable":true,"href":"https:\/\/arantv.az\/index.php?rest_route=%2Fwp%2Fv2%2Fcomments&post=735289"}],"version-history":[{"count":0,"href":"https:\/\/arantv.az\/index.php?rest_route=\/wp\/v2\/posts\/735289\/revisions"}],"wp:featuredmedia":[{"embeddable":true,"href":"https:\/\/arantv.az\/index.php?rest_route=\/wp\/v2\/media\/735290"}],"wp:attachment":[{"href":"https:\/\/arantv.az\/index.php?rest_route=%2Fwp%2Fv2%2Fmedia&parent=735289"}],"wp:term":[{"taxonomy":"category","embeddable":true,"href":"https:\/\/arantv.az\/index.php?rest_route=%2Fwp%2Fv2%2Fcategories&post=735289"},{"taxonomy":"post_tag","embeddable":true,"href":"https:\/\/arantv.az\/index.php?rest_route=%2Fwp%2Fv2%2Ftags&post=735289"}],"curies":[{"name":"wp","href":"https:\/\/api.w.org\/{rel}","templated":true}]}}