{"id":735297,"date":"2024-07-06T22:18:46","date_gmt":"2024-07-06T18:18:46","guid":{"rendered":"https:\/\/arantv.az\/?p=735297"},"modified":"2024-07-06T22:18:46","modified_gmt":"2024-07-06T18:18:46","slug":"susada-imzalanan-qarabag-b%c9%99yannam%c9%99sinin-tam-m%c9%99tni","status":"publish","type":"post","link":"https:\/\/arantv.az\/?p=735297","title":{"rendered":"\u015eu\u015fada imzalanan Qaraba\u011f B\u0259yannam\u0259sinin TAM M\u018fTN\u0130"},"content":{"rendered":"<blockquote><p><a href=\"https:\/\/ikisahil.az\/post\/530240-shushada-qarabag-beyannamesi-imzalanib\">X\u0259b\u0259r verdiyimiz kimi,<\/a>\u00a0iyulun 6-da \u015eu\u015fada \u201cT\u00fcrk D\u00f6vl\u0259tl\u0259ri T\u0259\u015fkilat\u0131n\u0131n qeyri-r\u0259smi Zirv\u0259 g\u00f6r\u00fc\u015f\u00fcn\u00fcn Qaraba\u011f B\u0259yannam\u0259si\u201d imzalan\u0131b.<\/p>\n<p><strong>ARANTV.AZ\u00a0 <\/strong>B\u0259yannam\u0259ni t\u0259qdim edir:<\/p>\n<p><strong>\u201cT\u00fcrk D\u00f6vl\u0259tl\u0259ri T\u0259\u015fkilat\u0131n\u0131n qeyri-r\u0259smi Zirv\u0259 g\u00f6r\u00fc\u015f\u00fcn\u00fcn<\/strong><\/p>\n<p><strong>Qaraba\u011f B\u0259yannam\u0259si<\/strong><\/p>\n<p>T\u00fcrk D\u00f6vl\u0259tl\u0259ri T\u0259\u015fkilat\u0131n\u0131n (bundan sonra TDT adland\u0131r\u0131lacaq) \u201cN\u0259qliyyat, ba\u011flant\u0131 v\u0259 iqlim f\u0259aliyy\u0259ti vasit\u0259sil\u0259 dayan\u0131ql\u0131 g\u0259l\u0259c\u0259yin qurulmas\u0131\u201d m\u00f6vzusunda qeyri-r\u0259smi Zirv\u0259 g\u00f6r\u00fc\u015f\u00fc Az\u0259rbaycan Respublikas\u0131n\u0131n t\u0259\u015f\u0259bb\u00fcs\u00fc il\u0259 2024-c\u00fc il iyulun 6-da \u015eu\u015fada ke\u00e7irilmi\u015fdir.<\/p>\n<p>G\u00f6r\u00fc\u015f\u0259 Az\u0259rbaycan Respublikas\u0131n\u0131n Prezidenti Zati-alil\u0259ri \u0130lham \u018fliyev ev sahibliyi etmi\u015fdir. G\u00f6r\u00fc\u015fd\u0259 Qazax\u0131stan Respublikas\u0131n\u0131n Prezidenti Zati-alil\u0259ri Kas\u0131m-Jomart Tokayev, Q\u0131r\u011f\u0131z Respublikas\u0131n\u0131n Prezidenti Zati-alil\u0259ri Sad\u0131r Japarov, \u00d6zb\u0259kistan Respublikas\u0131n\u0131n Prezidenti Zati-alil\u0259ri \u015eavkat Mirziyoyev, T\u00fcrkiy\u0259 Respublikas\u0131n\u0131n Vitse-prezidenti Zati-alil\u0259ri Cevdet Y\u0131lmaz, Macar\u0131stan\u0131n Ba\u015f naziri Zati-alil\u0259ri Viktor Orban, \u015eimali Kipr T\u00fcrk C\u00fcmhuriyy\u0259tinin Prezidenti Zati-alil\u0259ri Ersin Tatar, el\u0259c\u0259 d\u0259 T\u00fcrk D\u00f6vl\u0259tl\u0259ri T\u0259\u015fkilat\u0131n\u0131n Ba\u015f katibi Zati-alil\u0259ri Kuban\u0131\u00e7bek \u00d6m\u00fcral\u0131yev i\u015ftirak etmi\u015fl\u0259r.<\/p>\n<p><strong>T\u00fcrk D\u00f6vl\u0259tl\u0259ri T\u0259\u015fkilat\u0131n\u0131n d\u00f6vl\u0259t ba\u015f\u00e7\u0131lar\u0131,<\/strong><\/p>\n<p>T\u00fcrk d\u00fcnyas\u0131n\u0131 regionda v\u0259 d\u00fcnyada s\u00fclh, t\u0259hl\u00fck\u0259sizlik, sabitlik, inki\u015faf v\u0259 t\u0259r\u0259qqi ideyalar\u0131na sadiq olan t\u00fcrk xalqlar\u0131n\u0131n ortaq etnik k\u00f6kl\u0259r, tarix, dil, m\u0259d\u0259niyy\u0259t, \u0259n\u0259n\u0259l\u0259r v\u0259 d\u0259y\u0259rl\u0259rin\u0259 s\u00f6yk\u0259n\u0259n ail\u0259 oldu\u011funu hesab ed\u0259r\u0259k;<\/p>\n<p>T\u00fcrk xalqlar\u0131n\u0131n qit\u0259 miqyas\u0131nda t\u00f6hf\u0259l\u0259rini, qlobal siyas\u0259t, iqtisadiyyat v\u0259 sivilizasiyalar\u0131n inki\u015faf\u0131nda tarix boyu oynad\u0131\u011f\u0131 rolunun \u0259n y\u00fcks\u0259k d\u0259y\u0259rini vur\u011fulayaraq;<\/p>\n<p>B\u0259\u015f\u0259riyy\u0259t tarixind\u0259 T\u00fcrk xalqlar\u0131n\u0131n siyasi, iqtisadi v\u0259 b\u0259\u015f\u0259ri nailiyy\u0259tl\u0259rin\u0259 \u0259saslanaraq;<\/p>\n<p>2023-c\u00fc il noyabr\u0131n 3-d\u0259 \u201cT\u00dcRKTIME\u201d \u015f\u00fcar\u0131 alt\u0131nda ke\u00e7irilmi\u015f, TDT-nin g\u0259l\u0259c\u0259k transformasiyas\u0131nda v\u0259 T\u00fcrk d\u00fcnyas\u0131n\u0131n inteqrasiyas\u0131 s\u0259yl\u0259rind\u0259, el\u0259c\u0259 d\u0259 onlar\u0131n xalqlar\u0131n\u0131n birlik v\u0259 rifah\u0131n\u0131n g\u00fccl\u0259ndirilm\u0259sind\u0259 n\u00f6vb\u0259ti m\u00fch\u00fcm m\u0259rh\u0259l\u0259 olan TDT-nin yubiley &#8211; Astana Zirv\u0259 g\u00f6r\u00fc\u015f\u00fcn\u00fcn u\u011furlu t\u0259\u015fkilin\u0259 g\u00f6r\u0259 Qazax\u0131stan Respublikas\u0131n\u0131n s\u0259drliyini d\u0259y\u0259rl\u0259ndir\u0259r\u0259k;<\/p>\n<p>TDT-nin yarad\u0131lmas\u0131na dair Nax\u00e7\u0131van Sazi\u015fin\u0259 uy\u011fun olaraq, D\u00f6vl\u0259t Ba\u015f\u00e7\u0131lar\u0131 \u015euras\u0131n\u0131n (DB\u015e) m\u00fcnt\u0259z\u0259m g\u00f6r\u00fc\u015fl\u0259ri il\u0259 yana\u015f\u0131, ild\u0259 bir d\u0259f\u0259 DB\u015e-nin qeyri-r\u0259smi g\u00f6r\u00fc\u015fl\u0259rinin ke\u00e7irilm\u0259si il\u0259 ba\u011fl\u0131 Az\u0259rbaycan Respublikas\u0131n\u0131n Prezidenti Zati-alil\u0259ri \u0130lham \u018fliyevin t\u0259klifini alq\u0131\u015flayaraq;<\/p>\n<p>Geni\u015f T\u00fcrk d\u00fcnyas\u0131ndan olan xalqlar\u0131n bir araya g\u0259tirilm\u0259sind\u0259 \u015eu\u015fa \u015f\u0259h\u0259rinin m\u0259n\u0259vi \u0259h\u0259miyy\u0259tini q\u0259bul ed\u0259r\u0259k, Az\u0259rbaycan Respublikas\u0131n\u0131n \u0259razi b\u00fct\u00f6vl\u00fcy\u00fcn\u00fcn v\u0259 suverenliyinin tam b\u0259rpas\u0131ndan sonra \u015eu\u015fada ke\u00e7iril\u0259n g\u00f6r\u00fc\u015f\u00fcn T\u00fcrk xalqlar\u0131n\u0131n birliyinin, onlar\u0131n s\u00fclh\u0259 v\u0259 \u0259dal\u0259t\u0259 sadiqliyinin bariz t\u0259zah\u00fcr\u00fc oldu\u011funu b\u0259yan ed\u0259r\u0259k;<\/p>\n<p>Y\u00fcz minl\u0259rl\u0259 az\u0259rbaycanl\u0131 ke\u00e7mi\u015f m\u0259cburi k\u00f6\u00e7k\u00fcn\u00fcn \u00f6z ata-baba yurdlar\u0131na qay\u0131d\u0131\u015f\u0131 \u00fc\u00e7\u00fcn \u015f\u0259rait yaradacaq geni\u015fmiqyasl\u0131 minat\u0259mizl\u0259m\u0259 f\u0259aliyy\u0259ti v\u0259 humanitar minas\u0131zla\u015fd\u0131rma s\u0259yl\u0259ri d\u0259 daxil olmaqla, i\u015f\u011faldan azad edilmi\u015f torpaqlar\u0131n yenid\u0259n qurulmas\u0131 v\u0259 b\u0259rpas\u0131 s\u0259yl\u0259rind\u0259 Az\u0259rbaycan h\u00f6kum\u0259ti v\u0259 xalq\u0131 il\u0259 h\u0259mr\u0259ylikl\u0259rini ifad\u0259 ed\u0259r\u0259k;<\/p>\n<p>T\u00fcrk D\u00f6vl\u0259tl\u0259ri aras\u0131nda sabit v\u0259 \u00e7ox\u015fax\u0259li \u0259laq\u0259l\u0259rin inki\u015faf\u0131na, o c\u00fcml\u0259d\u0259n iqlim f\u0259aliyy\u0259ti vasit\u0259sil\u0259 sa\u011flam planetin qorunmas\u0131na y\u00f6n\u0259lmi\u015f birg\u0259 s\u0259yl\u0259rl\u0259 davaml\u0131 g\u0259l\u0259c\u0259yin m\u00fcmk\u00fcn oldu\u011funu t\u0259sdiq ed\u0259r\u0259k;<\/p>\n<p>D\u00fcnyan\u0131n \u00fczl\u0259\u015fdiyi haz\u0131rk\u0131 geosiyasi v\u0259 t\u0259hl\u00fck\u0259sizlik \u00e7a\u011f\u0131r\u0131\u015flar\u0131n\u0131n t\u00fcrk d\u00f6vl\u0259tl\u0259rinin vahid g\u00fcc kimi \u00e7\u0131x\u0131\u015f etm\u0259sini t\u0259l\u0259b etdiyini v\u0259 qar\u015f\u0131l\u0131ql\u0131 maraq k\u0259sb ed\u0259n regional v\u0259 beyn\u0259lxalq m\u0259s\u0259l\u0259l\u0259rl\u0259 ba\u011fl\u0131 m\u00fct\u0259madi m\u0259sl\u0259h\u0259tl\u0259\u015fm\u0259l\u0259rin apar\u0131lmas\u0131n\u0131n z\u0259ruriliyini etiraf ed\u0259r\u0259k,<\/p>\n<p><strong>B\u0259yan etdil\u0259r ki, onlar:<\/strong><\/p>\n<p>1. TDT-nin qeyri-r\u0259smi Zirv\u0259 g\u00f6r\u00fc\u015f\u00fcn\u00fcn 2023-c\u00fc ild\u0259 \u201cT\u00fcrk d\u00fcnyas\u0131n\u0131n m\u0259d\u0259niyy\u0259t paytaxt\u0131\u201d olmu\u015f \u015eu\u015fa \u015f\u0259h\u0259rind\u0259 ke\u00e7irilm\u0259sinin tarixi d\u0259y\u0259rini vur\u011fulay\u0131rlar;<\/p>\n<p>2. Strateji t\u0259r\u0259fda\u015fl\u0131\u011f\u0131n daha da m\u00f6hk\u0259ml\u0259ndirilm\u0259si v\u0259 d\u0259rinl\u0259\u015fdirilm\u0259si, TDT-nin kollektiv strategiyas\u0131n\u0131n formala\u015fd\u0131r\u0131lmas\u0131 \u00fc\u00e7\u00fcn siyasi, iqtisadi, n\u0259qliyyat, m\u00fcdafi\u0259 s\u0259nayesi, humanitar, t\u0259hsil v\u0259 m\u0259d\u0259niyy\u0259t sah\u0259l\u0259rind\u0259 t\u00fcrk d\u00f6vl\u0259tl\u0259rinin tam potensial\u0131ndan v\u0259 imkanlar\u0131ndan istifad\u0259 edilm\u0259sinin vacibliyini bir daha vur\u011fulay\u0131rlar;<\/p>\n<p>3. T\u00fcrk d\u00f6vl\u0259tl\u0259rinin qlobal miqyasda potensial\u0131 n\u0259z\u0259r\u0259 al\u0131nmaqla daha iddial\u0131 m\u0259qs\u0259dl\u0259rin qar\u015f\u0131ya qoyulmas\u0131n\u0131n, birg\u0259 s\u0259yl\u0259rin art\u0131r\u0131lmas\u0131 v\u0259 strateji \u0259h\u0259miyy\u0259tli regional layih\u0259l\u0259rin h\u0259yata ke\u00e7irilm\u0259si yolu il\u0259 dayan\u0131ql\u0131 g\u0259l\u0259c\u0259yin qurulmas\u0131 bax\u0131m\u0131ndan TDT-nin v\u0259zif\u0259 v\u0259 m\u0259qs\u0259dl\u0259rinin s\u0259m\u0259r\u0259li h\u0259yata ke\u00e7irilm\u0259si \u00fc\u00e7\u00fcn m\u00fcvafiq mexanizm v\u0259 qaydalar\u0131n t\u0259tbiqinin z\u0259ruriliyini qeyd edirl\u0259r;<\/p>\n<p>4. T\u00fcrk d\u00f6vl\u0259tl\u0259rinin regionda v\u0259 d\u00fcnyada qlobal ticar\u0259tin v\u0259 iqtisadiyyat\u0131n inki\u015faf\u0131nda \u0259v\u0259zsiz rolu n\u0259z\u0259r\u0259 al\u0131nmaqla, m\u00fcvafiq n\u0259qliyyat infrastrukturunun v\u0259 s\u0259m\u0259r\u0259li trans-regional d\u0259hlizl\u0259rin yarad\u0131lmas\u0131 yolu il\u0259 t\u00fcrk d\u00f6vl\u0259tl\u0259ri aras\u0131nda ba\u011fl\u0131l\u0131\u011f\u0131n daha da inki\u015faf etdirilm\u0259sinin vacibliyini vur\u011fulay\u0131rlar;<\/p>\n<p>5. Ticar\u0259t h\u0259cml\u0259rini art\u0131rmaq, limanlara, d\u0259mir yollar\u0131na, avtomobil yollar\u0131na v\u0259 logistika qov\u015faqlar\u0131na infrastruktur investisiyalar\u0131n\u0131 c\u0259lb etm\u0259kl\u0259 dayan\u0131ql\u0131 inki\u015faf, iqtisadi rifah v\u0259 beyn\u0259lxalq ticar\u0259t \u00fc\u00e7\u00fcn t\u0259m\u0259l da\u015f\u0131 kimi Avropa-T\u00fcrkiy\u0259-C\u0259nubi Qafqaz-M\u0259rk\u0259zi Asiya-\u00c7ini birl\u0259\u015fdir\u0259n Transx\u0259z\u0259r Beyn\u0259lxalq \u015e\u0259rq-Q\u0259rb Orta D\u0259hlizi vasit\u0259sil\u0259 \u00fczvl\u0259r aras\u0131nda regional \u0259laq\u0259ni v\u0259 inteqrasiyan\u0131 g\u00fccl\u0259ndirm\u0259k, n\u0259qliyyat \u0259m\u0259liyyatlar\u0131n\u0131, g\u00f6mr\u00fck prosedurlar\u0131n\u0131 optimalla\u015fd\u0131rmaq v\u0259 r\u0259q\u0259msalla\u015fman\u0131 \u0259hat\u0259 etm\u0259k \u00fc\u00e7\u00fcn \u00fczv d\u00f6vl\u0259tl\u0259r aras\u0131nda s\u0131x \u0259m\u0259kda\u015fl\u0131\u011fa \u00e7a\u011f\u0131r\u0131rlar;<\/p>\n<p>Bu m\u0259qs\u0259dl\u0259 n\u0259qliyyata m\u0259sul olan nazirl\u0259r\u0259 n\u0259qliyyat v\u0259 tranzit prosedurlar\u0131n\u0131n optimalla\u015fd\u0131r\u0131lmas\u0131 v\u0259 r\u0259q\u0259msalla\u015fd\u0131r\u0131lmas\u0131, daha \u00e7ox y\u00fckda\u015f\u0131ma h\u0259cminin art\u0131r\u0131lmas\u0131 m\u0259qs\u0259dil\u0259 \u00f6z\u0259l sektor \u00fc\u00e7\u00fcn stimulla\u015fd\u0131r\u0131c\u0131 mexanizml\u0259rin t\u0259qdim edilm\u0259si v\u0259 d\u0259hliz boyu m\u00fcnt\u0259z\u0259m n\u0259qliyyat xidm\u0259tl\u0259rinin yarad\u0131lmas\u0131 istiqam\u0259tind\u0259 g\u0259l\u0259c\u0259k add\u0131mlar\u0131n at\u0131lmas\u0131n\u0131 tap\u015f\u0131r\u0131rlar;<\/p>\n<p>6. Bak\u0131-Tbilisi-Qars d\u0259mir yolu x\u0259ttinin modernl\u0259\u015fdirilm\u0259sini, bu yol boyu mal v\u0259 n\u0259qliyyat vasit\u0259l\u0259rin\u0259 g\u00f6mr\u00fck n\u0259zar\u0259tinin s\u00fcr\u0259tl\u0259ndirilm\u0259si il\u0259 ba\u011fl\u0131 Az\u0259rbaycan\u0131n, G\u00fcrc\u00fcstan\u0131n v\u0259 T\u00fcrkiy\u0259nin \u00fc\u00e7t\u0259r\u0259fli s\u0259yl\u0259rini qiym\u0259tl\u0259ndirirl\u0259r;<\/p>\n<p>7. B\u00fct\u00fcn TDT regionunda beyn\u0259lxalq ticar\u0259tin, investisiya v\u0259 tranzit potensial\u0131n\u0131n art\u0131r\u0131lmas\u0131na da t\u00f6hf\u0259 ver\u0259c\u0259k Q\u0131r\u011f\u0131z Respublikas\u0131n\u0131n Nazirl\u0259r Kabineti, \u00c7in Xalq Respublikas\u0131 H\u00f6kum\u0259ti v\u0259 \u00d6zb\u0259kistan Respublikas\u0131 H\u00f6kum\u0259ti aras\u0131nda 2024-c\u00fc il iyunun 6-da imzalanm\u0131\u015f \u00c7in-Q\u0131r\u011f\u0131z\u0131stan-\u00d6zb\u0259kistan d\u0259mir yolu layih\u0259sinin t\u0259\u015fviqi istiqam\u0259tind\u0259 birg\u0259 \u0259m\u0259kda\u015fl\u0131q \u00fczr\u0259 tarixi Sazi\u015fi alq\u0131\u015flay\u0131rlar;<\/p>\n<p>8. Regional ticar\u0259t h\u0259cminin davaml\u0131 artd\u0131\u011f\u0131n\u0131 m\u0259mnunluq hissi il\u0259 qeyd edirl\u0259r, qar\u015f\u0131dan g\u0259l\u0259n ill\u0259rd\u0259 ticar\u0259t h\u0259cminin h\u0259qiqi potensial\u0131na \u00e7atd\u0131r\u0131lmas\u0131 \u00fc\u00e7\u00fcn konkret t\u0259dbirl\u0259rin g\u00f6r\u00fclm\u0259si bar\u0259d\u0259 raz\u0131l\u0131\u011fa g\u0259lirl\u0259r, beyn\u0259lxalq \u00f6hd\u0259likl\u0259r\u0259 riay\u0259t etm\u0259kl\u0259 ticar\u0259td\u0259 texniki mane\u0259l\u0259rin aradan qald\u0131r\u0131lmas\u0131n\u0131n v\u0259 DEPA (R\u0259q\u0259msal \u0130qtisadiyyat \u00fczr\u0259 T\u0259r\u0259fda\u015fl\u0131q Sazi\u015fi) m\u0259tni \u00fczr\u0259 m\u00fczakir\u0259l\u0259rin tamamlanmas\u0131n\u0131n s\u00fcr\u0259tl\u0259ndirilm\u0259sinin vacibliyini vur\u011fulay\u0131rlar;<\/p>\n<p>9. \u0130qlim d\u0259yi\u015fikliyi v\u0259 onun t\u00fcrk d\u00f6vl\u0259tl\u0259rinin dayan\u0131ql\u0131 inki\u015faf\u0131na t\u0259sirl\u0259rin\u0259 birg\u0259 iqlim f\u0259aliyy\u0259ti yolu il\u0259 cavab verilm\u0259sind\u0259 daha s\u0131x \u0259m\u0259kda\u015fl\u0131\u011f\u0131n z\u0259ruriliyini vur\u011fulay\u0131rlar;<\/p>\n<p>10. G\u00fcn\u0259\u015f, k\u00fcl\u0259k v\u0259 su elektrik enerjisi kimi t\u0259miz enerji m\u0259nb\u0259l\u0259rinin inteqrasiyas\u0131na diqq\u0259t yetirm\u0259kl\u0259 dayan\u0131ql\u0131 inki\u015faf\u0131n t\u0259\u015fviq edilm\u0259si v\u0259 r\u0259q\u0259msal infrastruktur, ictimai xidm\u0259tl\u0259r v\u0259 dayan\u0131ql\u0131 t\u0259cr\u00fcb\u0259l\u0259rin t\u0259kmill\u0259\u015fdirilm\u0259si yolu il\u0259 h\u0259yat keyfiyy\u0259tini yax\u015f\u0131la\u015fd\u0131rmaq, iqtisadi art\u0131m\u0131 g\u00fccl\u0259ndirm\u0259k, iqlim f\u0259aliyy\u0259tini d\u0259st\u0259kl\u0259m\u0259k \u00fc\u00e7\u00fcn t\u00fcrk d\u00f6vl\u0259tl\u0259ri \u00e7\u0259r\u00e7iv\u0259sind\u0259 \u201ca\u011f\u0131ll\u0131 \u015f\u0259h\u0259r v\u0259 k\u0259ndl\u0259r\u201d konsepsiyas\u0131n\u0131n iqlim\u0259 davaml\u0131l\u0131\u011f\u0131n\u0131n inki\u015faf\u0131n\u0131 t\u0259\u015fviq edir v\u0259 bu x\u00fcsusda TDT-nin \u0130qlim v\u0259 Ya\u015f\u0131l R\u0259q\u0259msal Platformas\u0131n\u0131n v\u0259 TDT-nin \u0130qlim\u0259 Davaml\u0131 K\u0259ndl\u0259r Forumunun yarad\u0131lmas\u0131 \u00fczr\u0259 m\u00fczakir\u0259l\u0259rin apar\u0131lmas\u0131 t\u0259\u015f\u0259bb\u00fcs\u00fcn\u00fc ir\u0259li s\u00fcr\u00fcrl\u0259r;<\/p>\n<p>11. B\u0259rpaolunan enerji v\u0259 enerji s\u0259m\u0259r\u0259liliyi sah\u0259l\u0259rind\u0259 \u0259m\u0259kda\u015fl\u0131\u011f\u0131n inki\u015faf\u0131 da daxil olmaqla t\u00fcrk d\u00f6vl\u0259tl\u0259ri aras\u0131nda enerji sah\u0259sind\u0259 strateji t\u0259r\u0259fda\u015fl\u0131\u011f\u0131n \u0259h\u0259miyy\u0259tini vur\u011fulay\u0131r v\u0259 Az\u0259rbaycan-Qazax\u0131stan-\u00d6zb\u0259kistan enerji sisteml\u0259rinin qar\u015f\u0131l\u0131ql\u0131 \u0259laq\u0259l\u0259ndirilm\u0259si layih\u0259sind\u0259 (Ya\u015f\u0131l d\u0259hliz) son inki\u015faflar\u0131 alq\u0131\u015flay\u0131rlar;<\/p>\n<p>12. T\u00fcrk d\u00f6vl\u0259tl\u0259rind\u0259 b\u0259rpaolunan geni\u015f enerji potensial\u0131ndan, \u00fczv d\u00f6vl\u0259tl\u0259r aras\u0131nda v\u0259 \u00fc\u00e7\u00fcnc\u00fc \u00f6lk\u0259l\u0259r\u0259 b\u0259rpaolunan m\u0259nb\u0259l\u0259rd\u0259n d\u0259 daxil olmaqla elektrik enerjisinin ixrac\u0131 v\u0259 ticar\u0259ti \u00fc\u00e7\u00fcn geni\u015f enerji sisteml\u0259rinin inki\u015faf\u0131 imkanlar\u0131n\u0131n istifad\u0259si m\u0259qs\u0259dil\u0259 onlar\u0131n enerji sisteml\u0259ri aras\u0131nda enerji inteqrasiyas\u0131 v\u0259 qar\u015f\u0131l\u0131ql\u0131 \u0259laq\u0259si \u00fczr\u0259 s\u0131x \u0259m\u0259kda\u015fl\u0131\u011fa \u00e7a\u011f\u0131r\u0131rlar;<\/p>\n<p>13. T\u0259cr\u00fcb\u0259l\u0259rin \u00f6t\u00fcr\u00fclm\u0259si m\u0259qs\u0259dil\u0259 TDT \u00fczvl\u0259rinin aidiyy\u0259ti qurumlar\u0131 aras\u0131nda ticar\u0259t, enerji, n\u0259qliyyat kimi \u00fcmumi maraq do\u011furan sah\u0259l\u0259rd\u0259 institusional quruculuq mexanizminin (Tvinninq) inki\u015faf\u0131n\u0131 t\u0259\u015fviq edirl\u0259r;<\/p>\n<p>14. TDT \u00f6lk\u0259l\u0259rinin m\u00f6vcud imkanlar\u0131ndan v\u0259 infrastrukturundan istifad\u0259 etm\u0259kl\u0259 Avropa il\u0259 Asiya aras\u0131nda yeni telekommunikasiya magistral mar\u015frutu yaratmaq m\u0259qs\u0259di da\u015f\u0131yan \u201cR\u0259q\u0259msal \u0130p\u0259k Yolu\u201d layih\u0259sinin f\u0259al yerin\u0259 yetirilm\u0259sini alq\u0131\u015flay\u0131rlar;<\/p>\n<p>15. R\u0259q\u0259msal h\u00f6kum\u0259t (e-H\u00f6kum\u0259t) infrastrukturlar\u0131n\u0131n daha da inki\u015faf etdirilm\u0259si \u00fczr\u0259 t\u00fcrk d\u00f6vl\u0259tl\u0259ri aras\u0131nda \u0259m\u0259kda\u015fl\u0131q v\u0259 m\u00fcbadil\u0259l\u0259ri; elektron s\u0259n\u0259d m\u00fcbadil\u0259si \u00fc\u00e7\u00fcn e-imza\/r\u0259q\u0259msal imza mexanizml\u0259rinin uy\u011funla\u015fd\u0131r\u0131lmas\u0131n\u0131 v\u0259 onlayn d\u00f6vl\u0259t xidm\u0259tl\u0259rinin inteqrasiyas\u0131n\u0131; kiberinsidentl\u0259r\u0259 v\u0259 kiberh\u00fccumlara qar\u015f\u0131 \u00fcmumi kibert\u0259hl\u00fck\u0259sizliyin qorunmas\u0131 t\u0259dbirl\u0259rini; s\u00fcni intellekt \u00fczr\u0259 siyas\u0259tl\u0259rin, t\u0259limatlar\u0131n v\u0259 t\u0259r\u0259fda\u015fl\u0131qlar\u0131n qurulmas\u0131n\u0131; m\u0259lumat m\u0259rk\u0259zl\u0259rinin v\u0259 bulud infrastrukturlar\u0131n\u0131n yarad\u0131lmas\u0131 \u00fczr\u0259 siyas\u0259t v\u0259 \u0259n yax\u015f\u0131 t\u0259cr\u00fcb\u0259l\u0259rin inki\u015faf etdirilm\u0259sini t\u0259\u015fviq edirl\u0259r;<\/p>\n<p>16. S\u00fcni intellekt layih\u0259l\u0259rinin u\u011furlu inki\u015faf\u0131 \u00fc\u00e7\u00fcn \u00fczv d\u00f6vl\u0259tl\u0259rin b\u00f6y\u00fck dil modelinin yarad\u0131lmas\u0131n\u0131n v\u0259 m\u0259d\u0259niyy\u0259tl\u0259raras\u0131 \u00fcnsiyy\u0259ti asanla\u015fd\u0131rmaq, t\u0259hsil platformalar\u0131n\u0131 inki\u015faf etdirm\u0259k, s\u0259hiyy\u0259 texnologiyalar\u0131n\u0131 t\u0259kmill\u0259\u015fdirm\u0259k v\u0259 iqtisadi inteqrasiyan\u0131 t\u0259\u015fviq etm\u0259k \u00fc\u00e7\u00fcn b\u00f6y\u00fck dil modeli formas\u0131nda \u00fcmumi platformadan istifad\u0259nin vacibliyini qeyd edirl\u0259r;<\/p>\n<p>17. Milli kosmik proqramlar\u0131n potensial\u0131n\u0131n v\u0259 r\u0259qab\u0259t qabiliyy\u0259tinin art\u0131r\u0131lmas\u0131 m\u0259qs\u0259dil\u0259 kosmik layih\u0259l\u0259rin birg\u0259 inki\u015faf\u0131 \u00fc\u00e7\u00fcn s\u0259yl\u0259rin birl\u0259\u015fdirilm\u0259sinin, texnoloji inki\u015faf s\u0259viyy\u0259sinin v\u0259 birg\u0259 layih\u0259l\u0259rin r\u0259qab\u0259t qabiliyy\u0259tinin art\u0131r\u0131lmas\u0131 \u00fc\u00e7\u00fcn kosmik texnologiyalar sah\u0259sind\u0259 kompleks inki\u015faf\u0131n vacibliyini qeyd edirl\u0259r;<\/p>\n<p>18. \u0130qlim d\u0259yi\u015fikliyi \u00e7a\u011f\u0131r\u0131\u015flar\u0131na regional v\u0259 qlobal reaksiyan\u0131n g\u00fccl\u0259ndirilm\u0259si \u00fc\u00e7\u00fcn \u0259traf m\u00fchitin m\u00fchafiz\u0259si v\u0259 iqlim g\u00fcnd\u0259liyi sah\u0259sind\u0259 \u0259m\u0259kda\u015fl\u0131q etm\u0259k m\u0259qs\u0259dil\u0259 \u00fczv v\u0259 m\u00fc\u015fahid\u0259\u00e7i d\u00f6vl\u0259tl\u0259rin m\u00fcvafiq orqanlar\u0131n\u0131n \u0259m\u0259kda\u015fl\u0131q mexanizminin yarad\u0131lmas\u0131 il\u0259 ba\u011fl\u0131 Katibliy\u0259 tap\u015f\u0131r\u0131q verirl\u0259r;<\/p>\n<p>19. 2023-c\u00fc ild\u0259 Astana Zirv\u0259 g\u00f6r\u00fc\u015f\u00fcnd\u0259 b\u0259yan edilmi\u015f, nazirl\u0259r s\u0259viyy\u0259sind\u0259 daimi T\u00fcrk Ekoloji Forumunun yarad\u0131lmas\u0131 il\u0259 ba\u011fl\u0131 \u00d6zb\u0259kistan Respublikas\u0131n\u0131n t\u0259\u015f\u0259bb\u00fcs\u00fcn\u00fc v\u0259 onun Birl\u0259\u015fmi\u015f Mill\u0259tl\u0259r T\u0259\u015fkilat\u0131n\u0131n \u0130qlim D\u0259yi\u015fm\u0259l\u0259ri \u00fczr\u0259 \u00c7\u0259r\u00e7iv\u0259 Konvensiyas\u0131n\u0131n (UNFCCC) T\u0259r\u0259fl\u0259r Konfrans\u0131n\u0131n 2024-c\u00fc il noyabr\u0131n 11-22-d\u0259 Bak\u0131n\u0131n ev sahibliyi ed\u0259c\u0259yi 29-cu sessiyas\u0131 (COP29) \u00e7\u0259r\u00e7iv\u0259sind\u0259 ke\u00e7irilm\u0259si n\u0259z\u0259rd\u0259 tutulan ilk iclas\u0131n\u0131 alq\u0131\u015flay\u0131rlar;<\/p>\n<p>20. 2024-c\u00fc il noyabr\u0131n 11-22-d\u0259 Birl\u0259\u015fmi\u015f Mill\u0259tl\u0259r T\u0259\u015fkilat\u0131n\u0131n \u0130qlim D\u0259yi\u015fm\u0259l\u0259ri \u00fczr\u0259 \u00c7\u0259r\u00e7iv\u0259 Konvensiyas\u0131n\u0131n (UNFCCC) T\u0259r\u0259fl\u0259r Konfrans\u0131n\u0131n (COP29) 29-cu sessiyas\u0131na ev sahibliyi etm\u0259kd\u0259 Az\u0259rbaycan Respublikas\u0131 H\u00f6kum\u0259tin\u0259 u\u011furlar arzulay\u0131r v\u0259 Konvensiyan\u0131n t\u0259r\u0259fl\u0259rinin g\u00f6zl\u0259ntil\u0259ri \u0259sas\u0131nda COP29-un konkret n\u0259tic\u0259l\u0259rinin \u0259ld\u0259 edilm\u0259sind\u0259 Az\u0259rbaycan\u0131n ard\u0131c\u0131l s\u0259yl\u0259rini d\u0259st\u0259kl\u0259yirl\u0259r;<\/p>\n<p>21. BMT-nin \u0130qlim D\u0259yi\u015fm\u0259l\u0259ri Konfrans\u0131n\u0131n illik t\u0259qvimind\u0259 \u201cDa\u011flar v\u0259 \u0130qlim\u201d adl\u0131 yeni qlobal dialoqun yarad\u0131lmas\u0131 t\u0259\u015f\u0259bb\u00fcs\u00fcn\u00fcn t\u0259\u015fviqind\u0259 i\u015ftirak etm\u0259y\u0259 haz\u0131r olduqlar\u0131n\u0131 bildirir v\u0259 \u201cDa\u011f g\u00fcnd\u0259liyinin ir\u0259lil\u0259dilm\u0259si \u00fc\u00e7\u00fcn f\u0259aliyy\u0259t\u0259 \u00e7a\u011f\u0131r\u0131\u015f: UNFCCC \u00e7\u0259r\u00e7iv\u0259sind\u0259 \u0259sas da\u011flar\u201d s\u0259n\u0259d layih\u0259sin\u0259 qo\u015fulma\u011f\u0131 n\u0259z\u0259rd\u0259n ke\u00e7irirl\u0259r;<\/p>\n<p>22. Qazax\u0131stan\u0131n 2026-c\u0131 ild\u0259 BMT v\u0259 beyn\u0259lxalq t\u0259\u015fkilatlar\u0131n himay\u0259si alt\u0131nda Regional \u0130qlim Sammitin\u0259 ev sahibliyi etm\u0259k t\u0259\u015f\u0259bb\u00fcs\u00fcn\u00fc alq\u0131\u015flay\u0131rlar;<\/p>\n<p>23. 2024-c\u00fc avqustun 9-da Astanada M\u0259rk\u0259zi Asiya \u00f6lk\u0259l\u0259rinin D\u00f6vl\u0259t Ba\u015f\u00e7\u0131lar\u0131n\u0131n 6-c\u0131 M\u0259\u015fv\u0259r\u0259t G\u00f6r\u00fc\u015f\u00fcn\u00fcn ke\u00e7irilm\u0259sind\u0259 Qazax\u0131stan Respublikas\u0131 H\u00f6kum\u0259tin\u0259 u\u011furlar arzulay\u0131rlar;<\/p>\n<p>24. \u00dczv d\u00f6vl\u0259tl\u0259rin milli qanunvericiliyin\u0259 uy\u011fun olaraq m\u00fcdafi\u0259 s\u0259nayesi sah\u0259sind\u0259 birg\u0259 f\u0259aliyy\u0259tin davam etdirilm\u0259si niyy\u0259tl\u0259rini bir daha vur\u011fulay\u0131r v\u0259 bu x\u00fcsusda laz\u0131mi t\u0259dbirl\u0259rin g\u00f6r\u00fclm\u0259si \u00fc\u00e7\u00fcn \u00fczv d\u00f6vl\u0259tl\u0259rin aidiyy\u0259ti qurumlar\u0131na tap\u015f\u0131r\u0131q verirl\u0259r;<\/p>\n<p>25. Q\u0259zzada ba\u015f vermi\u015f humanitar f\u0259lak\u0259t v\u0259ziyy\u0259tin\u0259 g\u00f6r\u0259 d\u0259rin narahatl\u0131\u011f\u0131n\u0131 ifad\u0259 edir v\u0259 m\u00fclki \u0259halinin se\u00e7imsiz h\u0259d\u0259f\u0259 al\u0131nmas\u0131n\u0131 q\u0131nay\u0131r; d\u0259rhal v\u0259 daimi at\u0259\u015fk\u0259sin t\u0259min edilm\u0259sin\u0259, Q\u0259zzaya mane\u0259siz humanitar yard\u0131m\u0131n g\u00f6st\u0259rilm\u0259sin\u0259, el\u0259c\u0259 d\u0259 beyn\u0259lxalq h\u00fcquqa, o c\u00fcml\u0259d\u0259n BMT T\u0259hl\u00fck\u0259sizlik \u015euras\u0131n\u0131n m\u00fcvafiq q\u0259tnam\u0259l\u0259rin\u0259 tam riay\u0259t edilm\u0259sin\u0259; daha sonra \u0130srail-F\u0259l\u0259stin m\u00fcnaqi\u015f\u0259sinin iki d\u00f6vl\u0259tli h\u0259ll \u0259sas\u0131nda \u0259dal\u0259tli v\u0259 uzunm\u00fcdd\u0259tli h\u0259llin\u0259 \u00e7a\u011f\u0131r\u0131rlar;<\/p>\n<p>Paytaxt\u0131 \u015e\u0259rqi Q\u00fcds olmaqla 1967-ci il s\u0259rh\u0259dl\u0259rin\u0259 \u0259saslanan, m\u00fcst\u0259qil, suveren v\u0259 vahid F\u0259l\u0259stin D\u00f6vl\u0259tinin beyn\u0259lxalq s\u0259viyy\u0259d\u0259 tan\u0131nmas\u0131n\u0131 d\u0259st\u0259kl\u0259yir, F\u0259l\u0259stin D\u00f6vl\u0259tinin BMT-y\u0259 \u00fczvl\u00fcy\u0259 yararl\u0131 oldu\u011funu v\u0259 buna g\u00f6r\u0259 d\u0259 onun BMT-y\u0259 \u00fczvl\u00fcy\u0259 q\u0259bul edilm\u0259li oldu\u011funu m\u00fc\u0259yy\u0259n ed\u0259n BMT Ba\u015f Assambleyas\u0131n\u0131n 2024-c\u00fc il 10 may tarixli q\u0259tnam\u0259sinin q\u0259bul olunmas\u0131n\u0131 m\u0259mnuniyy\u0259tl\u0259 alq\u0131\u015flay\u0131r; habel\u0259 bunu etm\u0259y\u0259n b\u00fct\u00fcn \u00f6lk\u0259l\u0259ri F\u0259l\u0259stin D\u00f6vl\u0259tini tan\u0131ma\u011fa \u00e7a\u011f\u0131r\u0131rlar;<\/p>\n<p>26. Macar\u0131stan, T\u00fcrkm\u0259nistan v\u0259 \u015eimali Kipr T\u00fcrk C\u00fcmhuriyy\u0259tinin m\u00fc\u015fahid\u0259\u00e7i qismind\u0259 TDT-y\u0259 d\u0259y\u0259rli t\u00f6hf\u0259l\u0259rini alq\u0131\u015flay\u0131rlar;<\/p>\n<p>27. T\u00fcrk D\u00f6vl\u0259tl\u0259rinin Parlament Assambleyas\u0131 (T\u00dcRKPA), Beyn\u0259lxalq T\u00fcrk M\u0259d\u0259niyy\u0259ti T\u0259\u015fkilat\u0131 (T\u00dcRKSOY), T\u00fcrk Akademiyas\u0131, T\u00fcrk M\u0259d\u0259niyy\u0259ti v\u0259 \u0130rsi Fondu (TM\u0130F) v\u0259 T\u00fcrk \u0130nvestisiya Fondu (T\u0130F) kimi t\u00fcrk \u0259m\u0259kda\u015fl\u0131q t\u0259\u015fkilatlar\u0131 aras\u0131nda davaml\u0131 \u0259m\u0259kda\u015fl\u0131\u011f\u0131 v\u0259 artan sinerjini t\u0259qdir edirl\u0259r;<\/p>\n<p>28. Q\u0131r\u011f\u0131z Respublikas\u0131 2024-c\u00fc il oktyabr\u0131n 24-d\u0259 Bi\u015fkekd\u0259 TDT-nin 11-ci Zirv\u0259 g\u00f6r\u00fc\u015f\u00fcn\u0259 ev sahibliyi etm\u0259y\u0259 haz\u0131r oldu\u011funu bir daha t\u0259sdiq etdi;<\/p>\n<p>29. H\u00f6kum\u0259t Ba\u015f\u00e7\u0131lar\u0131\/Vitse-Prezidentl\u0259r \u015euras\u0131na dair Q\u0131r\u011f\u0131z Respublikas\u0131n\u0131n t\u0259klifini n\u0259z\u0259r\u0259 al\u0131rlar;<\/p>\n<p>30. T\u00fcrk d\u00fcnyas\u0131n\u0131n nizamnam\u0259si il\u0259 ba\u011fl\u0131 \u00d6zb\u0259kistan Respublikas\u0131n\u0131n t\u0259\u015f\u0259bb\u00fcs\u00fcn\u00fc d\u0259st\u0259kl\u0259yir v\u0259 Katibliy\u0259 Bi\u015fkekd\u0259 ke\u00e7iril\u0259c\u0259k n\u00f6vb\u0259ti Zirv\u0259 g\u00f6r\u00fc\u015f\u00fcnd\u0259 q\u0259bul edilm\u0259si \u00fc\u00e7\u00fcn s\u0259n\u0259d layih\u0259sinin yekunla\u015fd\u0131r\u0131lmas\u0131 tap\u015f\u0131r\u0131\u011f\u0131n\u0131 verirl\u0259r;<\/p>\n<p>31. TDT \u00e7\u0259r\u00e7iv\u0259sind\u0259 iqtisadi \u0259laq\u0259l\u0259rin m\u00f6hk\u0259ml\u0259ndirilm\u0259sinin \u0259h\u0259miyy\u0259tli m\u0259rh\u0259l\u0259si kimi Macar\u0131stan\u0131n T\u00fcrk \u0130nvestisiya Fondunun yarad\u0131lmas\u0131 haqq\u0131nda Sazi\u015f\u0259 qo\u015fulmas\u0131n\u0131 alq\u0131\u015flay\u0131rlar;<\/p>\n<p>TDT-nin D\u00f6vl\u0259t ba\u015f\u00e7\u0131lar\u0131 Az\u0259rbaycan Respublikas\u0131n\u0131n Prezidenti Zati-alil\u0259ri \u0130lham \u018fliyev\u0259 T\u00fcrk d\u00fcnyas\u0131n\u0131n birliyi, h\u0259mr\u0259yliyi, t\u0259hl\u00fck\u0259sizliyi v\u0259 rifah\u0131na verdiyi b\u00f6y\u00fck v\u0259 davaml\u0131 t\u00f6hf\u0259sin\u0259, TDT-nin vahid ruhunun g\u00fccl\u0259ndirilm\u0259sind\u0259 q\u0259tiyy\u0259tli liderliyin\u0259 v\u0259 \u015eu\u015fada qeyri-r\u0259smi Zirv\u0259 g\u00f6r\u00fc\u015f\u00fcnd\u0259 u\u011furla yekunla\u015fan m\u00fczakir\u0259l\u0259r\u0259 s\u0259drlik etdiyin\u0259 g\u00f6r\u0259 d\u0259rin t\u0259\u015f\u0259kk\u00fcr bildirir, Az\u0259rbaycan H\u00f6kum\u0259tinin v\u0259 xalq\u0131n\u0131n s\u0259mimi qonaqp\u0259rv\u0259rliyini y\u00fcks\u0259k qiym\u0259tl\u0259ndirirl\u0259r.<\/p>\n<p>TDT-nin Ba\u015f katibin\u0259 bu B\u0259yannam\u0259d\u0259 n\u0259z\u0259rd\u0259 tutulan qar\u015f\u0131l\u0131ql\u0131 f\u0259aliyy\u0259ti v\u0259 birg\u0259 s\u0259yl\u0259ri \u0259laq\u0259l\u0259ndirm\u0259k tap\u015f\u0131r\u0131\u011f\u0131 verilir.<\/p>\n<p>2024-c\u00fc il iyulun 6-da \u015eu\u015fa \u015f\u0259h\u0259rind\u0259 Az\u0259rbaycan, qazax, q\u0131r\u011f\u0131z, t\u00fcrk v\u0259 \u00f6zb\u0259k dill\u0259rind\u0259 imzalanm\u0131\u015fd\u0131r.<\/p>\n<p><strong>Az\u0259rbaycan Respublikas\u0131n\u0131n Prezidenti \u0130lham \u018fliyev<\/strong><\/p>\n<p><strong>Qazax\u0131stan Respublikas\u0131n\u0131n Prezidenti Kas\u0131m-Jomart Tokayev<\/strong><\/p>\n<p><strong>Q\u0131r\u011f\u0131z Respublikas\u0131n\u0131n Prezidenti Sad\u0131r Japarov<\/strong><\/p>\n<p><strong>\u00d6zb\u0259kistan Respublikas\u0131n\u0131n Prezidenti \u015eavkat Mirziyoyev<\/strong><\/p>\n<p><strong>T\u00fcrkiy\u0259 Respublikas\u0131n\u0131n Vitse-prezidenti Cevdet Y\u0131lmaz\u201d.<\/strong><\/p><\/blockquote>\n","protected":false},"excerpt":{"rendered":"<p>X\u0259b\u0259r verdiyimiz kimi,\u00a0iyulun 6-da \u015eu\u015fada \u201cT\u00fcrk D\u00f6vl\u0259tl\u0259ri T\u0259\u015fkilat\u0131n\u0131n qeyri-r\u0259smi Zirv\u0259 g\u00f6r\u00fc\u015f\u00fcn\u00fcn Qaraba\u011f B\u0259yannam\u0259si\u201d imzalan\u0131b. ARANTV.AZ\u00a0 B\u0259yannam\u0259ni t\u0259qdim edir: \u201cT\u00fcrk D\u00f6vl\u0259tl\u0259ri T\u0259\u015fkilat\u0131n\u0131n qeyri-r\u0259smi Zirv\u0259 g\u00f6r\u00fc\u015f\u00fcn\u00fcn Qaraba\u011f B\u0259yannam\u0259si T\u00fcrk D\u00f6vl\u0259tl\u0259ri T\u0259\u015fkilat\u0131n\u0131n (bundan sonra TDT adland\u0131r\u0131lacaq) \u201cN\u0259qliyyat, ba\u011flant\u0131 v\u0259 iqlim f\u0259aliyy\u0259ti vasit\u0259sil\u0259 dayan\u0131ql\u0131 g\u0259l\u0259c\u0259yin qurulmas\u0131\u201d m\u00f6vzusunda qeyri-r\u0259smi Zirv\u0259 g\u00f6r\u00fc\u015f\u00fc Az\u0259rbaycan Respublikas\u0131n\u0131n t\u0259\u015f\u0259bb\u00fcs\u00fc il\u0259 2024-c\u00fc il iyulun 6-da \u015eu\u015fada ke\u00e7irilmi\u015fdir. G\u00f6r\u00fc\u015f\u0259 Az\u0259rbaycan Respublikas\u0131n\u0131n Prezidenti Zati-alil\u0259ri \u0130lham \u018fliyev ev sahibliyi etmi\u015fdir. G\u00f6r\u00fc\u015fd\u0259 Qazax\u0131stan Respublikas\u0131n\u0131n Prezidenti Zati-alil\u0259ri Kas\u0131m-Jomart Tokayev, Q\u0131r\u011f\u0131z Respublikas\u0131n\u0131n Prezidenti Zati-alil\u0259ri Sad\u0131r Japarov, \u00d6zb\u0259kistan Respublikas\u0131n\u0131n Prezidenti Zati-alil\u0259ri \u015eavkat Mirziyoyev, T\u00fcrkiy\u0259 Respublikas\u0131n\u0131n Vitse-prezidenti Zati-alil\u0259ri Cevdet&hellip;<\/p>\n","protected":false},"author":2,"featured_media":735298,"comment_status":"closed","ping_status":"closed","sticky":false,"template":"","format":"standard","meta":{"om_disable_all_campaigns":false,"_monsterinsights_skip_tracking":false,"_monsterinsights_sitenote_active":false,"_monsterinsights_sitenote_note":"","_monsterinsights_sitenote_category":0},"categories":[4],"tags":[],"aioseo_notices":[],"gutentor_comment":0,"rttpg_featured_image_url":{"full":["https:\/\/arantv.az\/wp-content\/uploads\/2024\/07\/4639475d172028877574858436310993246.jpg",975,540,false],"landscape":["https:\/\/arantv.az\/wp-content\/uploads\/2024\/07\/4639475d172028877574858436310993246.jpg",975,540,false],"portraits":["https:\/\/arantv.az\/wp-content\/uploads\/2024\/07\/4639475d172028877574858436310993246.jpg",975,540,false],"thumbnail":["https:\/\/arantv.az\/wp-content\/uploads\/2024\/07\/4639475d172028877574858436310993246-500x280.jpg",500,280,true],"medium":["https:\/\/arantv.az\/wp-content\/uploads\/2024\/07\/4639475d172028877574858436310993246-660x365.jpg",660,365,true],"large":["https:\/\/arantv.az\/wp-content\/uploads\/2024\/07\/4639475d172028877574858436310993246-840x465.jpg",640,354,true],"1536x1536":["https:\/\/arantv.az\/wp-content\/uploads\/2024\/07\/4639475d172028877574858436310993246.jpg",975,540,false],"2048x2048":["https:\/\/arantv.az\/wp-content\/uploads\/2024\/07\/4639475d172028877574858436310993246.jpg",975,540,false],"post-thumbnail":["https:\/\/arantv.az\/wp-content\/uploads\/2024\/07\/4639475d172028877574858436310993246-240x172.jpg",240,172,true],"advps-thumb-one":["https:\/\/arantv.az\/wp-content\/uploads\/2024\/07\/4639475d172028877574858436310993246.jpg",975,540,false]},"rttpg_author":{"display_name":"V\u00fcsal Rafiqo\u011flu","author_link":"https:\/\/arantv.az\/?author=2"},"rttpg_comment":0,"rttpg_category":"<a href=\"https:\/\/arantv.az\/?cat=4\" rel=\"category\">Siyas\u0259t<\/a>","rttpg_excerpt":"X\u0259b\u0259r verdiyimiz kimi,\u00a0iyulun 6-da \u015eu\u015fada \u201cT\u00fcrk D\u00f6vl\u0259tl\u0259ri T\u0259\u015fkilat\u0131n\u0131n qeyri-r\u0259smi Zirv\u0259 g\u00f6r\u00fc\u015f\u00fcn\u00fcn Qaraba\u011f B\u0259yannam\u0259si\u201d imzalan\u0131b. ARANTV.AZ\u00a0 B\u0259yannam\u0259ni t\u0259qdim edir: \u201cT\u00fcrk D\u00f6vl\u0259tl\u0259ri T\u0259\u015fkilat\u0131n\u0131n qeyri-r\u0259smi Zirv\u0259 g\u00f6r\u00fc\u015f\u00fcn\u00fcn Qaraba\u011f B\u0259yannam\u0259si T\u00fcrk D\u00f6vl\u0259tl\u0259ri T\u0259\u015fkilat\u0131n\u0131n (bundan sonra TDT adland\u0131r\u0131lacaq) \u201cN\u0259qliyyat, ba\u011flant\u0131 v\u0259 iqlim f\u0259aliyy\u0259ti vasit\u0259sil\u0259 dayan\u0131ql\u0131 g\u0259l\u0259c\u0259yin qurulmas\u0131\u201d m\u00f6vzusunda qeyri-r\u0259smi Zirv\u0259 g\u00f6r\u00fc\u015f\u00fc Az\u0259rbaycan Respublikas\u0131n\u0131n t\u0259\u015f\u0259bb\u00fcs\u00fc il\u0259 2024-c\u00fc il iyulun 6-da \u015eu\u015fada&hellip;","_links":{"self":[{"href":"https:\/\/arantv.az\/index.php?rest_route=\/wp\/v2\/posts\/735297"}],"collection":[{"href":"https:\/\/arantv.az\/index.php?rest_route=\/wp\/v2\/posts"}],"about":[{"href":"https:\/\/arantv.az\/index.php?rest_route=\/wp\/v2\/types\/post"}],"author":[{"embeddable":true,"href":"https:\/\/arantv.az\/index.php?rest_route=\/wp\/v2\/users\/2"}],"replies":[{"embeddable":true,"href":"https:\/\/arantv.az\/index.php?rest_route=%2Fwp%2Fv2%2Fcomments&post=735297"}],"version-history":[{"count":0,"href":"https:\/\/arantv.az\/index.php?rest_route=\/wp\/v2\/posts\/735297\/revisions"}],"wp:featuredmedia":[{"embeddable":true,"href":"https:\/\/arantv.az\/index.php?rest_route=\/wp\/v2\/media\/735298"}],"wp:attachment":[{"href":"https:\/\/arantv.az\/index.php?rest_route=%2Fwp%2Fv2%2Fmedia&parent=735297"}],"wp:term":[{"taxonomy":"category","embeddable":true,"href":"https:\/\/arantv.az\/index.php?rest_route=%2Fwp%2Fv2%2Fcategories&post=735297"},{"taxonomy":"post_tag","embeddable":true,"href":"https:\/\/arantv.az\/index.php?rest_route=%2Fwp%2Fv2%2Ftags&post=735297"}],"curies":[{"name":"wp","href":"https:\/\/api.w.org\/{rel}","templated":true}]}}