{"id":735322,"date":"2024-07-07T10:38:33","date_gmt":"2024-07-07T06:38:33","guid":{"rendered":"https:\/\/arantv.az\/?p=735322"},"modified":"2024-07-07T10:38:33","modified_gmt":"2024-07-07T06:38:33","slug":"q%c9%99bul-ballari-artirilacaq-bu-qrupda-yuks%c9%99k-r%c9%99qab%c9%99t-var","status":"publish","type":"post","link":"https:\/\/arantv.az\/?p=735322","title":{"rendered":"Q\u0259bul ballar\u0131 art\u0131r\u0131lacaq? &#8211; Bu qrupda y\u00fcks\u0259k r\u0259qab\u0259t var"},"content":{"rendered":"<p><strong>Ali t\u0259hsil m\u00fc\u0259ssis\u0259l\u0259rin\u0259 q\u0259bul imtahanlar\u0131 yekunla\u015fmaq \u00fczr\u0259dir. H\u0259r zaman oldu\u011fu kimi, ixtisas se\u00e7imi ba\u015flayan zaman r\u0259qab\u0259t daha da g\u00fccl\u0259n\u0259c\u0259k. \u00d6t\u0259n il daha \u00e7ox I v\u0259 II ixtisas qrupu \u00fczr\u0259 m\u00fcraci\u0259tl\u0259r \u00e7ox idi. B\u0259zi ixtisaslar yerd\u0259yi\u015fm\u0259y\u0259 m\u0259ruz qald\u0131.<\/strong><\/p>\n<p>B\u0259s g\u00f6r\u0259s\u0259n, bu il abituriyentl\u0259r hans\u0131 ixtisaslara \u00fcst\u00fcnl\u00fck ver\u0259c\u0259kl\u0259r? Qruplar \u00fczr\u0259 ixtisaslarda n\u0259 kimi yenilikl\u0259r, yerd\u0259yi\u015fm\u0259l\u0259r olacaq? N\u0259 kimi g\u00fcz\u0259\u015ftl\u0259r t\u0259tbiq edil\u0259c\u0259k?<\/p>\n<p><strong>ARANTV.AZ <\/strong>\u00a0x\u0259b\u0259r verir ki, m\u00f6vzu il\u0259 ba\u011fl\u0131 oxu.az-a a\u00e7\u0131qlama ver\u0259n Elm v\u0259 T\u0259hsil Nazirliyi yan\u0131nda \u0130ctimai \u015euran\u0131n \u00fczv\u00fc, f\u0259ls\u0259f\u0259 doktoru \u0130lqar Orucovun s\u00f6zl\u0259rin\u0259 g\u00f6r\u0259, I, II v\u0259 III ixtisas qruplar\u0131nda r\u0259qab\u0259t g\u00fccl\u00fcd\u00fcr:<\/p>\n<p>&#8220;\u018fn \u00e7ox r\u0259qab\u0259t v\u0259 m\u00fcraci\u0259t I ixtisas qrupu \u00fczr\u0259dir. Konkret olaraq hans\u0131sa ixtisas qrupu \u00fczr\u0259 yerd\u0259yi\u015fm\u0259l\u0259r olmayacaq. Hesab edir\u0259m ki, m\u00fcraci\u0259tl\u0259rin say\u0131na g\u00f6r\u0259 I ixtisas qrupu liderdir, ikinci pill\u0259d\u0259 is\u0259 III ixtisas qrupu yer al\u0131r. N\u00f6vb\u0259ti yerl\u0259rd\u0259 is\u0259 II, IV v\u0259 V ixtisas qruplar\u0131 dayan\u0131r&#8221;.<\/p>\n<p><em><strong>Ekspert qeyd edib ki, bu il q\u0259bul ballar\u0131 artmayacaq:<\/strong><\/em><\/p>\n<p>&#8220;H\u0259tta b\u0259z\u0259n iddialar s\u0259sl\u0259nir ki, b\u00fct\u00f6vl\u00fckd\u0259 bu il q\u0259bul ballar\u0131 artacaq. \u018flb\u0259tt\u0259 ki, bunlar ham\u0131s\u0131 proqnozlard\u0131r. Yekun n\u0259tic\u0259d\u0259n sonra reall\u0131\u011f\u0131n n\u0259 olaca\u011f\u0131n\u0131 bil\u0259c\u0259yik. M\u0259n d\u00fc\u015f\u00fcn\u00fcr\u0259m ki, q\u0259bul ballar\u0131 \u00e7ox y\u00fcks\u0259k olmayacaq.<\/p>\n<p>S\u00f6hb\u0259t qruplardan getmir. Ayr\u0131-ayr\u0131 ixtisaslarda \u00fcmumilikd\u0259 q\u0259bul ballar\u0131n\u0131n artmas\u0131 m\u00fcmk\u00fcnd\u00fcr. H\u0259r il bu m\u00fc\u015fahid\u0259 olunur. Bu il d\u0259 istisna deyil. B\u0259zi ixtisaslarda q\u0259bul bal\u0131n\u0131n endirilm\u0259si d\u0259 ola bil\u0259r. \u00dcmumilikd\u0259 ciddi bir f\u0259rq olaca\u011f\u0131n\u0131 g\u00fcman etmir\u0259m.<\/p>\n<p>\u018fvv\u0259lki ill\u0259rl\u0259 m\u00fcqayis\u0259d\u0259 d\u00f6vl\u0259t sifari\u015fli plan yerl\u0259rind\u0259 art\u0131m m\u00f6vcuddur. Bunun s\u0259b\u0259bl\u0259rind\u0259n biri d\u0259 budur ki, bu il Az\u0259rbaycanda iki yeni ali t\u0259hsil m\u00fc\u0259ssis\u0259sin\u0259 &#8211; Qaraba\u011f Universiteti v\u0259 T\u00fcrkiy\u0259-Az\u0259rbaycan Universitetin\u0259 &#8211; d\u0259 q\u0259bul apar\u0131lacaq. Minimum ballar\u0131n da artaca\u011f\u0131n\u0131 d\u00fc\u015f\u00fcnm\u00fcr\u0259m. B\u00fct\u00f6vl\u00fckd\u0259 t\u0259l\u0259b\u0259 q\u0259bulunda plan yerl\u0259rinin \u00fcmumi art\u0131m\u0131 buna imkan verm\u0259y\u0259c\u0259k&#8221;.<\/p>\n<p>&#8220;Son ill\u0259rd\u0259 c\u0259lbedici ixtisaslar var ki, onlara maraq v\u0259 r\u0259qab\u0259t daha \u00e7ox olur. Buna komp\u00fcter elml\u0259ri, iqtisadiyyat, maliyy\u0259, tibb, h\u00fcquq\u015f\u00fcnasl\u0131q, m\u00fch\u0259ndislik aiddir.<\/p>\n<p>\u00d6t\u0259n il pedaqoji ixtisaslarda bal art\u0131m\u0131n\u0131 m\u00fc\u015fahid\u0259 etdik. Arzu edir\u0259m ki, bu il d\u0259 art\u0131m olsun. Bel\u0259 bir hal, hesab edir\u0259m ki, Az\u0259rbaycan \u00fc\u00e7\u00fcn pedaqoji ixtisaslarda savadl\u0131 kadrlar\u0131n vacibliyind\u0259n ir\u0259li g\u0259lir. Bu, s\u0131rf bizim g\u0259ncl\u0259rin pedaqogikaya maraq v\u0259 h\u0259v\u0259s g\u00f6st\u0259rm\u0259l\u0259ri \u00fc\u00e7\u00fcnd\u00fcr&#8221;, &#8211; dey\u0259 \u0130.Orucov \u0259lav\u0259 edib.<\/p>\n","protected":false},"excerpt":{"rendered":"<p>Ali t\u0259hsil m\u00fc\u0259ssis\u0259l\u0259rin\u0259 q\u0259bul imtahanlar\u0131 yekunla\u015fmaq \u00fczr\u0259dir. H\u0259r zaman oldu\u011fu kimi, ixtisas se\u00e7imi ba\u015flayan zaman r\u0259qab\u0259t daha da g\u00fccl\u0259n\u0259c\u0259k. \u00d6t\u0259n il daha \u00e7ox I v\u0259 II ixtisas qrupu \u00fczr\u0259 m\u00fcraci\u0259tl\u0259r \u00e7ox idi. B\u0259zi ixtisaslar yerd\u0259yi\u015fm\u0259y\u0259 m\u0259ruz qald\u0131. B\u0259s g\u00f6r\u0259s\u0259n, bu il abituriyentl\u0259r hans\u0131 ixtisaslara \u00fcst\u00fcnl\u00fck ver\u0259c\u0259kl\u0259r? Qruplar \u00fczr\u0259 ixtisaslarda n\u0259 kimi yenilikl\u0259r, yerd\u0259yi\u015fm\u0259l\u0259r olacaq? N\u0259 kimi g\u00fcz\u0259\u015ftl\u0259r t\u0259tbiq edil\u0259c\u0259k? ARANTV.AZ \u00a0x\u0259b\u0259r verir ki, m\u00f6vzu il\u0259 ba\u011fl\u0131 oxu.az-a a\u00e7\u0131qlama ver\u0259n Elm v\u0259 T\u0259hsil Nazirliyi yan\u0131nda \u0130ctimai \u015euran\u0131n \u00fczv\u00fc, f\u0259ls\u0259f\u0259 doktoru \u0130lqar Orucovun s\u00f6zl\u0259rin\u0259 g\u00f6r\u0259, I, II v\u0259 III ixtisas qruplar\u0131nda r\u0259qab\u0259t&hellip;<\/p>\n","protected":false},"author":2,"featured_media":735323,"comment_status":"closed","ping_status":"closed","sticky":false,"template":"","format":"standard","meta":{"om_disable_all_campaigns":false,"_monsterinsights_skip_tracking":false,"_monsterinsights_sitenote_active":false,"_monsterinsights_sitenote_note":"","_monsterinsights_sitenote_category":0},"categories":[23],"tags":[],"aioseo_notices":[],"gutentor_comment":0,"rttpg_featured_image_url":{"full":["https:\/\/arantv.az\/wp-content\/uploads\/2024\/07\/38da5a3d147198a50d15602208db2a20.jpg",800,500,false],"landscape":["https:\/\/arantv.az\/wp-content\/uploads\/2024\/07\/38da5a3d147198a50d15602208db2a20.jpg",800,500,false],"portraits":["https:\/\/arantv.az\/wp-content\/uploads\/2024\/07\/38da5a3d147198a50d15602208db2a20.jpg",800,500,false],"thumbnail":["https:\/\/arantv.az\/wp-content\/uploads\/2024\/07\/38da5a3d147198a50d15602208db2a20-500x280.jpg",500,280,true],"medium":["https:\/\/arantv.az\/wp-content\/uploads\/2024\/07\/38da5a3d147198a50d15602208db2a20-584x365.jpg",584,365,true],"large":["https:\/\/arantv.az\/wp-content\/uploads\/2024\/07\/38da5a3d147198a50d15602208db2a20.jpg",640,400,false],"1536x1536":["https:\/\/arantv.az\/wp-content\/uploads\/2024\/07\/38da5a3d147198a50d15602208db2a20.jpg",800,500,false],"2048x2048":["https:\/\/arantv.az\/wp-content\/uploads\/2024\/07\/38da5a3d147198a50d15602208db2a20.jpg",800,500,false],"post-thumbnail":["https:\/\/arantv.az\/wp-content\/uploads\/2024\/07\/38da5a3d147198a50d15602208db2a20-240x172.jpg",240,172,true],"advps-thumb-one":["https:\/\/arantv.az\/wp-content\/uploads\/2024\/07\/38da5a3d147198a50d15602208db2a20.jpg",800,500,false]},"rttpg_author":{"display_name":"V\u00fcsal Rafiqo\u011flu","author_link":"https:\/\/arantv.az\/?author=2"},"rttpg_comment":0,"rttpg_category":"<a href=\"https:\/\/arantv.az\/?cat=23\" rel=\"category\">T\u0259hsil<\/a>","rttpg_excerpt":"Ali t\u0259hsil m\u00fc\u0259ssis\u0259l\u0259rin\u0259 q\u0259bul imtahanlar\u0131 yekunla\u015fmaq \u00fczr\u0259dir. H\u0259r zaman oldu\u011fu kimi, ixtisas se\u00e7imi ba\u015flayan zaman r\u0259qab\u0259t daha da g\u00fccl\u0259n\u0259c\u0259k. \u00d6t\u0259n il daha \u00e7ox I v\u0259 II ixtisas qrupu \u00fczr\u0259 m\u00fcraci\u0259tl\u0259r \u00e7ox idi. B\u0259zi ixtisaslar yerd\u0259yi\u015fm\u0259y\u0259 m\u0259ruz qald\u0131. B\u0259s g\u00f6r\u0259s\u0259n, bu il abituriyentl\u0259r hans\u0131 ixtisaslara \u00fcst\u00fcnl\u00fck ver\u0259c\u0259kl\u0259r? Qruplar \u00fczr\u0259 ixtisaslarda n\u0259 kimi yenilikl\u0259r, yerd\u0259yi\u015fm\u0259l\u0259r olacaq? N\u0259&hellip;","_links":{"self":[{"href":"https:\/\/arantv.az\/index.php?rest_route=\/wp\/v2\/posts\/735322"}],"collection":[{"href":"https:\/\/arantv.az\/index.php?rest_route=\/wp\/v2\/posts"}],"about":[{"href":"https:\/\/arantv.az\/index.php?rest_route=\/wp\/v2\/types\/post"}],"author":[{"embeddable":true,"href":"https:\/\/arantv.az\/index.php?rest_route=\/wp\/v2\/users\/2"}],"replies":[{"embeddable":true,"href":"https:\/\/arantv.az\/index.php?rest_route=%2Fwp%2Fv2%2Fcomments&post=735322"}],"version-history":[{"count":0,"href":"https:\/\/arantv.az\/index.php?rest_route=\/wp\/v2\/posts\/735322\/revisions"}],"wp:featuredmedia":[{"embeddable":true,"href":"https:\/\/arantv.az\/index.php?rest_route=\/wp\/v2\/media\/735323"}],"wp:attachment":[{"href":"https:\/\/arantv.az\/index.php?rest_route=%2Fwp%2Fv2%2Fmedia&parent=735322"}],"wp:term":[{"taxonomy":"category","embeddable":true,"href":"https:\/\/arantv.az\/index.php?rest_route=%2Fwp%2Fv2%2Fcategories&post=735322"},{"taxonomy":"post_tag","embeddable":true,"href":"https:\/\/arantv.az\/index.php?rest_route=%2Fwp%2Fv2%2Ftags&post=735322"}],"curies":[{"name":"wp","href":"https:\/\/api.w.org\/{rel}","templated":true}]}}