{"id":735810,"date":"2024-07-09T09:15:22","date_gmt":"2024-07-09T05:15:22","guid":{"rendered":"https:\/\/arantv.az\/?p=735810"},"modified":"2024-07-09T09:15:22","modified_gmt":"2024-07-09T05:15:22","slug":"orbanin-sulh-missiyasi-s%c9%99f%c9%99rl%c9%99ri-davam-edir-cin%c9%99-s%c9%99f%c9%99r-n%c9%99-il%c9%99-yadda-qaldi","status":"publish","type":"post","link":"https:\/\/arantv.az\/?p=735810","title":{"rendered":"Orban\u0131n \u201cs\u00fclh missiyas\u0131\u201d s\u0259f\u0259rl\u0259ri davam edir, \u00c7in\u0259 s\u0259f\u0259r n\u0259 il\u0259 yadda qald\u0131"},"content":{"rendered":"<p><strong>Rusiya \u00c7inin m\u00f6vqeyi il\u0259 raz\u0131d\u0131r, Ukrayna is\u0259 bu plan\u0131 q\u0259buledilm\u0259z, m\u00fcmk\u00fcn dan\u0131\u015f\u0131qlar\u0131 is\u0259 t\u0259l\u0259 adland\u0131r\u0131b<\/strong><\/p>\n<p>Macar\u0131stan\u0131n ba\u015f naziri Viktor Orban \u00c7in Xalq Respublikas\u0131na (\u00c7XR) s\u0259f\u0259r edib.<\/p>\n<p>Az\u0259rTAc x\u0259b\u0259r verir ki, iyulun 8-d\u0259 Viktor Orban\u0131n \u00c7XR s\u0259dri Si Cinpinl\u0259 g\u00f6r\u00fc\u015f\u00fc olub.<\/p>\n<p>Viktor Orban Pekind\u0259 s\u0259f\u0259rd\u0259 olark\u0259n sosial \u015f\u0259b\u0259k\u0259d\u0259 \u00c7inin Rusiya-Ukrayna m\u00fcharib\u0259sind\u0259ki rolu bar\u0259d\u0259 payla\u015f\u0131m edib. O yaz\u0131b ki, \u00c7in Ukrayna m\u00fcnaqi\u015f\u0259sinin nizamlanmas\u0131 \u00fc\u00e7\u00fcn \u0259sas \u00f6lk\u0259dir. Sitat: \u201c\u00c7in s\u00fclh \u00fc\u00e7\u00fcn \u015f\u0259rait yaratmaqda \u0259sas g\u00fccd\u00fcr. Buna g\u00f6r\u0259 d\u0259 m\u0259n Budape\u015ft\u0259 r\u0259smi s\u0259f\u0259rimd\u0259n c\u0259mi iki ay sonra Pekind\u0259 s\u0259dr Si Cinpinl\u0259 g\u00f6r\u00fc\u015fm\u0259y\u0259 g\u0259ldim\u201d, &#8211; dey\u0259 Orban bildirib.<\/p>\n<p>Pekind\u0259 s\u0259f\u0259rd\u0259 olan Macar\u0131stan\u0131n ba\u015f naziri \u00c7in Xalq Respublikas\u0131n\u0131n s\u0259dri Si Cinpinl\u0259 g\u00f6r\u00fc\u015fd\u0259 Ukrayna b\u00f6hran\u0131na dair geni\u015f fikir m\u00fcbadil\u0259si apar\u0131b.<\/p>\n<p><img src=\"https:\/\/files.modern.az\/articles\/2024\/07\/08\/1720412060_6488db3e-e7ce-3004-b256-20a52ad058dd_850.jpg\" alt=\"Viktor Orban \u00c7in lideri il\u0259 G\u00d6R\u00dc\u015eD\u00dc\" \/><\/p>\n<p><strong>\u00c7inin r\u0259smi medias\u0131 x\u0259b\u0259r verir ki, g\u00f6r\u00fc\u015fd\u0259 Viktor Orban Ukraynaya v\u0259 Rusiyaya son s\u0259f\u0259rl\u0259ri haqq\u0131nda m\u0259lumat verib. Macar\u0131stan ba\u015f nazirinin Ukrayna b\u00f6hran\u0131n\u0131n siyasi h\u0259lli istiqam\u0259tind\u0259 s\u0259yl\u0259rini y\u00fcks\u0259k qiym\u0259tl\u0259ndir\u0259n \u00c7XR s\u0259dri \u00f6lk\u0259sinin m\u0259s\u0259l\u0259 il\u0259 ba\u011fl\u0131 m\u00f6vqeyini xat\u0131rlad\u0131b. Si Cinpin tezlikl\u0259 at\u0259\u015fk\u0259sin v\u0259 siyasi nizamlanman\u0131n b\u00fct\u00fcn t\u0259r\u0259fl\u0259rin maraqlar\u0131na cavab verdiyini vur\u011fulayaraq, d\u00f6y\u00fc\u015f sah\u0259sinin geni\u015fl\u0259nm\u0259sinin qar\u015f\u0131s\u0131n\u0131 almaq, h\u0259rbi \u0259m\u0259liyyatlar\u0131 art\u0131rmamaq, t\u0259r\u0259fl\u0259rin at\u0259\u015fi alovland\u0131rmamaq prinsipl\u0259rin\u0259 riay\u0259t etm\u0259kl\u0259 v\u0259ziyy\u0259tin sakitl\u0259\u015fdirilm\u0259sinin prioritet oldu\u011funu s\u00f6yl\u0259yib.<\/strong><\/p>\n<p>\u00c7in lideri beyn\u0259lxalq ictimaiyy\u0259ti iki t\u0259r\u0259f aras\u0131nda birba\u015fa dialoq v\u0259 dan\u0131\u015f\u0131qlar\u0131n b\u0259rpas\u0131na \u015f\u0259rait yaratma\u011fa, bu proses\u0259 d\u0259st\u0259k verm\u0259y\u0259 \u00e7a\u011f\u0131r\u0131b. Bildirib ki, yaln\u0131z b\u00fct\u00fcn b\u00f6y\u00fck \u00f6lk\u0259l\u0259r m\u0259nfi deyil, m\u00fcsb\u0259t enerji s\u0259rf ed\u0259rs\u0259, bu m\u00fcnaqi\u015f\u0259d\u0259 at\u0259\u015fk\u0259s m\u00fcmk\u00fcn q\u0259d\u0259r tez \u0259ld\u0259 edil\u0259 bil\u0259r.<\/p>\n<p><strong>\u201c\u00c7in s\u00fclh dan\u0131\u015f\u0131qlar\u0131n\u0131 f\u0259al \u015f\u0259kild\u0259 t\u0259bli\u011f edir, b\u00f6hran\u0131n dinc yolla h\u0259llin\u0259 t\u00f6hf\u0259 ver\u0259n b\u00fct\u00fcn s\u0259yl\u0259ri d\u0259st\u0259kl\u0259yir\u201d, &#8211; dey\u0259n Si Cinpin \u0259lav\u0259 edib ki, \u00c7in v\u0259 Macar\u0131stan\u0131n \u0259sas m\u00f6vqel\u0259ri v\u0259 s\u0259yl\u0259ri \u00fcst-\u00fcst\u0259 d\u00fc\u015f\u00fcr. Eyni zamanda r\u0259smi Pekin Macar\u0131stanla v\u0259 b\u00fct\u00fcn m\u00fcvafiq t\u0259r\u0259fl\u0259rl\u0259 t\u0259maslar\u0131 saxlama\u011fa haz\u0131rd\u0131r.<\/strong><\/p>\n<p>Qeyd ed\u0259k ki, \u00c7in Macar\u0131stan\u0131n ba\u015f nazirinin \u201cs\u00fclh missiyas\u0131\u201d zaman\u0131 s\u0259f\u0259r etdiyi \u00fc\u00e7\u00fcnc\u00fc \u00f6lk\u0259 oldu. Bu \u00e7\u0259r\u00e7iv\u0259d\u0259 ilk \u00f6lk\u0259 Ukrayna olub. O, prezident Volodimir Zelenski il\u0259 g\u00f6r\u00fc\u015f\u00fcb v\u0259 dan\u0131\u015f\u0131qlar masas\u0131 arxas\u0131na oturmazdan \u0259vv\u0259l at\u0259\u015fk\u0259s t\u0259klif edib, lakin ba\u015f nazirin s\u00f6zl\u0259rin\u0259 g\u00f6r\u0259, bu ideya Ukrayna liderinin xo\u015funa g\u0259lm\u0259yib. Orban\u0131n izah etdiyi kimi, Zelenskinin ke\u00e7mi\u015fd\u0259 at\u0259\u015fk\u0259sl\u0259 ba\u011fl\u0131 pis t\u0259cr\u00fcb\u0259si var idi, bu, Ukraynaya fayda verm\u0259mi\u015fdi. Ukrayna prezidentinin ofisi is\u0259 qeyd edib ki, Kiyev s\u00fclh ist\u0259yir v\u0259 buna nail olmaq \u00fc\u00e7\u00fcn vasit\u0259 s\u00fclh sammitl\u0259ri, x\u00fcsus\u0259n d\u0259 iyunun ortalar\u0131nda \u0130sve\u00e7r\u0259d\u0259 ke\u00e7iril\u0259n sammitdir. Rusiya is\u0259 sammitd\u0259 i\u015ftirak etm\u0259di.<\/p>\n<p>Daha sonra Orban Moskvaya s\u0259f\u0259r ed\u0259r\u0259k Rusiya prezidenti Vladimir Putinl\u0259 g\u00f6r\u00fc\u015f\u00fcb. O, dan\u0131\u015f\u0131qlar\u0131n n\u0259tic\u0259si olaraq qeyd edib ki, Rusiya v\u0259 Ukrayna hakimiyy\u0259tinin d\u00fcnya il\u0259 ba\u011fl\u0131 m\u00f6vqel\u0259ri bir-birind\u0259n \u00e7ox uzaqd\u0131r. Bel\u0259likl\u0259, Putin iyunda Rusiyan\u0131n Ukrayna il\u0259 dan\u0131\u015f\u0131qlar \u00fc\u00e7\u00fcn ir\u0259li s\u00fcrd\u00fcy\u00fc \u015f\u0259rtl\u0259ri xat\u0131rlad\u0131b: Ukrayna ordusunun Donetsk, Luqansk, Xerson v\u0259 Zaporojye vilay\u0259tl\u0259rind\u0259n \u00e7\u0131xar\u0131lmas\u0131 v\u0259 Ukraynan\u0131n h\u0259rbi bloklardan k\u0259narda neytral \u00f6lk\u0259 kimi qalmas\u0131, y\u0259ni Kiyevin NATO-ya daxil olmaqdan imtina etm\u0259si.<\/p>\n<p><strong>\u00c7in is\u0259 d\u0259f\u0259l\u0259rl\u0259 m\u00fcnaqi\u015f\u0259nin diplomatik yolla h\u0259llinin t\u0259r\u0259fdar\u0131 olub. 2023-c\u00fc ild\u0259 \u00f6lk\u0259 hakimiyy\u0259ti m\u00fcmk\u00fcn nizamlanma \u00fc\u00e7\u00fcn 12 b\u0259ndlik plan t\u0259qdim edib v\u0259 s\u00fclh prosesin\u0259 t\u00f6hf\u0259 verm\u0259y\u0259 haz\u0131r oldu\u011funu bildirib. Rusiya \u00c7inin m\u00f6vqeyi il\u0259 raz\u0131d\u0131r, Ukrayna is\u0259 bu plan\u0131 q\u0259buledilm\u0259z, m\u00fcmk\u00fcn dan\u0131\u015f\u0131qlar\u0131 is\u0259 t\u0259l\u0259 adland\u0131r\u0131b.<\/strong><\/p>\n<p>\u00c7in lideri Orbanla g\u00f6r\u00fc\u015fd\u0259n sonra deyib ki, b\u00fct\u00fcn b\u00f6y\u00fck d\u00f6vl\u0259tl\u0259r \u201cm\u0259nfi enerji deyil, m\u00fcsb\u0259t enerji n\u00fcmayi\u015f etdirs\u0259l\u0259r\u201d Ukrayna m\u00fcnaqi\u015f\u0259sind\u0259 at\u0259\u015fk\u0259s \u0259ld\u0259 oluna bil\u0259r. O, \u00c7ini d\u00f6y\u00fc\u015fl\u0259r\u0259 son qoymaq \u00fc\u00e7\u00fcn \u0259sas \u00f6lk\u0259 adland\u0131r\u0131b. Beyn\u0259lxalq ictimaiyy\u0259t Moskva v\u0259 Kiyev aras\u0131nda birba\u015fa dialoqun v\u0259 dan\u0131\u015f\u0131qlar\u0131n b\u0259rpas\u0131 \u00fc\u00e7\u00fcn \u015f\u0259rait yaratmal\u0131 v\u0259 k\u00f6m\u0259k g\u00f6st\u0259rm\u0259lidir. \u00c7in lideri qeyd edib ki, Pekin v\u0259 Budape\u015ftin m\u00fcnaqi\u015f\u0259 il\u0259 ba\u011fl\u0131 s\u0259yl\u0259rinin \u0259sas istiqam\u0259tl\u0259ri \u00fcst-\u00fcst\u0259 d\u00fc\u015f\u00fcr.<\/p>\n<p><strong>Yeri g\u0259lmi\u015fk\u0259n, \u201cBild\u201d n\u0259\u015frin\u0259 m\u00fcsahib\u0259 ver\u0259n Orban deyib ki, h\u0259m Moskva, h\u0259m d\u0259 Kiyevd\u0259 o eyni cavab\u0131 al\u0131b-m\u00fcv\u0259qq\u0259ti bar\u0131\u015f\u0131q d\u00fc\u015fm\u0259nin maraqlar\u0131na cavab ver\u0259c\u0259k, \u00e7\u00fcnki o, yenid\u0259n m\u00fcharib\u0259ni davam etdirm\u0259y\u0259 haz\u0131rla\u015facaq. Ba\u015f nazir qeyd edib ki, indi t\u0259r\u0259fl\u0259r \u0259ksin\u0259 fikirl\u0259\u015firl\u0259r &#8211; \u0259vv\u0259lc\u0259 s\u00fclh m\u00fcqavil\u0259si ba\u011flanmal\u0131, silahlar sonra yer\u0259 qoyulmal\u0131d\u0131r&#8221;.<\/strong><\/p>\n<p>Macar\u0131stan\u0131n ba\u015f nazirinin s\u00f6zl\u0259rin\u0259 g\u00f6r\u0259, Rusiya prezidenti Vladimir Putinin \u201cn\u0259l\u0259rin ba\u015f ver\u0259c\u0259yi v\u0259 Rusiyan\u0131n nec\u0259 qalib g\u0259l\u0259c\u0259yi bar\u0259d\u0259 ayd\u0131n t\u0259s\u0259vv\u00fcr\u00fc var\u201d v\u0259 eyni \u015fey Ukrayna prezidenti Volodimir Zelenski v\u0259 \u00f6lk\u0259sin\u0259 d\u0259 aiddir. \u201cPutin \u00fc\u00e7\u00fcn h\u0259r \u015fey sad\u0259dir: faktlara, enerji m\u0259nb\u0259l\u0259rin\u0259, \u0259haliy\u0259 bax\u0131n. Putin itir\u0259 bilm\u0259z, bu \u00e7ox m\u0259ntiqlidir. M\u00fcharib\u0259d\u0259 istifad\u0259 olunan \u0259sg\u0259rl\u0259r\u0259, silahlara v\u0259 texnologiyalara baxsan\u0131z, o zaman Rusiyan\u0131 m\u0259\u011flub etm\u0259yi t\u0259s\u0259vv\u00fcr etm\u0259k bel\u0259 \u00e7\u0259tindir\u201d, &#8211; dey\u0259 o bildirib.<\/p>\n<p><img src=\"https:\/\/infoteka.az\/files\/news\/big\/infoteka.az_16418_66884e6cf08f5.jpg\" alt=\"Macar\u0131stan\u0131n Ba\u015f naziri Viktor Orban Az\u0259rbaycana s\u0259f\u0259r\u0259 g\u0259lib - Infoteka.az\" \/><\/p>\n<p><strong>Orban \u0259mindir ki, yax\u0131n aylarda v\u0259ziyy\u0259t daha da pisl\u0259\u015f\u0259c\u0259k, qar\u015f\u0131durma g\u00fccl\u0259n\u0259c\u0259k v\u0259 daha \u00e7ox itki olacaq. Sitat: \u201cOrada daha \u00e7ox silah var v\u0259 ruslar q\u0259rarl\u0131d\u0131r. H\u0259r iki t\u0259r\u0259f bunun \u00fc\u00e7\u00fcn b\u00f6y\u00fck s\u0259y g\u00f6st\u0259rir. H\u0259tta ukraynal\u0131lar da \u00e7oxlu y\u00fcks\u0259k keyfiyy\u0259tli silah ald\u0131qlar\u0131 \u00fc\u00e7\u00fcn daha da nikbinl\u0259\u015fdil\u0259r\u201d.<\/strong><\/p>\n<p>Bu arada Ukrayna v\u0259 Avropa liderl\u0259ri Orban\u0131n Rusiyaya s\u0259f\u0259rini t\u0259nqid edibl\u0259r. Avropa \u015euras\u0131n\u0131n r\u0259hb\u0259ri \u015earl Mi\u015fel, Budape\u015ftin assosiasiya ad\u0131ndan Moskva il\u0259 \u0259laq\u0259 mandat\u0131 olmad\u0131\u011f\u0131n\u0131 vur\u011fulay\u0131b. Orban daha sonra T\u00fcrk D\u00f6vl\u0259tl\u0259ri T\u0259\u015fkilat\u0131n\u0131n Az\u0259rbaycanda ke\u00e7iril\u0259n sammitind\u0259 i\u015ftirak edib v\u0259 bu sammit d\u0259 AB-nin q\u0131na\u011f\u0131na s\u0259b\u0259b olub.<\/p>\n<p>Qeyd ed\u0259k ki, Macar\u0131stan\u0131n ba\u015f naziri Pekin\u0259 s\u0259f\u0259rind\u0259n sonra Va\u015finqtona yola d\u00fc\u015f\u00fcb.<\/p>\n<p>Rusiya prezidentinin s\u00f6z\u00e7\u00fcs\u00fc Dmitri Peskov m\u0259lumat verib ki, Vladimir Putin Macar\u0131stan\u0131n ba\u015f naziri Viktor Orban vasit\u0259sil\u0259 NATO sammitinin i\u015ftirak\u00e7\u0131lar\u0131na he\u00e7 n\u0259 \u00e7atd\u0131rmay\u0131b. O, iyulun 8-d\u0259n 11-d\u0259k Va\u015finqtonda ke\u00e7iril\u0259c\u0259k NATO sammitind\u0259 Putinin AB\u015e prezidenti Co Bayden\u0259 v\u0259 ya dig\u0259r i\u015ftirak\u00e7\u0131lara h\u0259r hans\u0131 mesaj\u0131 \u00e7atd\u0131r\u0131b-\u00f6t\u00fcrm\u0259m\u0259si il\u0259 ba\u011fl\u0131 suala \u201cyox\u201d cavab\u0131n\u0131 verib.<\/p>\n<p>\u201cOrban h\u0259qiq\u0259t\u0259n d\u0259 ilkin m\u0259nb\u0259l\u0259r\u0259 \u0259saslanaraq, m\u00fcxt\u0259lif t\u0259r\u0259fl\u0259rin m\u00f6vqel\u0259rini m\u00fcqayis\u0259 etm\u0259k \u00fc\u00e7\u00fcn ciddi t\u0259\u015f\u0259bb\u00fcs g\u00f6st\u0259rir\u201d, &#8211; s\u00f6z\u00e7\u00fc Moskvan\u0131n bu s\u0259yl\u0259ri y\u00fcks\u0259k qiym\u0259tl\u0259ndirdiyini qeyd edib. Peskov vur\u011fulay\u0131b ki, Ukraynadak\u0131 m\u00fcnaqi\u015f\u0259nin h\u0259llind\u0259 maraql\u0131 olan t\u0259r\u0259fl\u0259r aras\u0131nda \u201c\u00e7ox sayda ciddi fikir ayr\u0131l\u0131qlar\u0131 var\u201d v\u0259 Macar\u0131stan\u0131n ba\u015f naziri onlar\u0131n mahiyy\u0259tini anlama\u011fa \u00e7al\u0131\u015f\u0131r.<\/p>\n<p><strong>Nigar H\u018fS\u018fNL\u0130,<br \/>\n\u201cYeni M\u00fcsavat\u201d<\/strong><\/p>\n","protected":false},"excerpt":{"rendered":"<p>Rusiya \u00c7inin m\u00f6vqeyi il\u0259 raz\u0131d\u0131r, Ukrayna is\u0259 bu plan\u0131 q\u0259buledilm\u0259z, m\u00fcmk\u00fcn dan\u0131\u015f\u0131qlar\u0131 is\u0259 t\u0259l\u0259 adland\u0131r\u0131b Macar\u0131stan\u0131n ba\u015f naziri Viktor Orban \u00c7in Xalq Respublikas\u0131na (\u00c7XR) s\u0259f\u0259r edib. Az\u0259rTAc x\u0259b\u0259r verir ki, iyulun 8-d\u0259 Viktor Orban\u0131n \u00c7XR s\u0259dri Si Cinpinl\u0259 g\u00f6r\u00fc\u015f\u00fc olub. Viktor Orban Pekind\u0259 s\u0259f\u0259rd\u0259 olark\u0259n sosial \u015f\u0259b\u0259k\u0259d\u0259 \u00c7inin Rusiya-Ukrayna m\u00fcharib\u0259sind\u0259ki rolu bar\u0259d\u0259 payla\u015f\u0131m edib. O yaz\u0131b ki, \u00c7in Ukrayna m\u00fcnaqi\u015f\u0259sinin nizamlanmas\u0131 \u00fc\u00e7\u00fcn \u0259sas \u00f6lk\u0259dir. Sitat: \u201c\u00c7in s\u00fclh \u00fc\u00e7\u00fcn \u015f\u0259rait yaratmaqda \u0259sas g\u00fccd\u00fcr. Buna g\u00f6r\u0259 d\u0259 m\u0259n Budape\u015ft\u0259 r\u0259smi s\u0259f\u0259rimd\u0259n c\u0259mi iki ay sonra Pekind\u0259 s\u0259dr Si Cinpinl\u0259 g\u00f6r\u00fc\u015fm\u0259y\u0259 g\u0259ldim\u201d, &#8211;&hellip;<\/p>\n","protected":false},"author":2,"featured_media":735811,"comment_status":"closed","ping_status":"closed","sticky":false,"template":"","format":"standard","meta":{"om_disable_all_campaigns":false,"_monsterinsights_skip_tracking":false,"_monsterinsights_sitenote_active":false,"_monsterinsights_sitenote_note":"","_monsterinsights_sitenote_category":0},"categories":[4],"tags":[],"aioseo_notices":[],"gutentor_comment":0,"rttpg_featured_image_url":{"full":["https:\/\/arantv.az\/wp-content\/uploads\/2024\/07\/7778c7bfc19b4a3c74669190ee173b89.jpg",870,500,false],"landscape":["https:\/\/arantv.az\/wp-content\/uploads\/2024\/07\/7778c7bfc19b4a3c74669190ee173b89.jpg",870,500,false],"portraits":["https:\/\/arantv.az\/wp-content\/uploads\/2024\/07\/7778c7bfc19b4a3c74669190ee173b89.jpg",870,500,false],"thumbnail":["https:\/\/arantv.az\/wp-content\/uploads\/2024\/07\/7778c7bfc19b4a3c74669190ee173b89-500x280.jpg",500,280,true],"medium":["https:\/\/arantv.az\/wp-content\/uploads\/2024\/07\/7778c7bfc19b4a3c74669190ee173b89-635x365.jpg",635,365,true],"large":["https:\/\/arantv.az\/wp-content\/uploads\/2024\/07\/7778c7bfc19b4a3c74669190ee173b89-840x483.jpg",640,368,true],"1536x1536":["https:\/\/arantv.az\/wp-content\/uploads\/2024\/07\/7778c7bfc19b4a3c74669190ee173b89.jpg",870,500,false],"2048x2048":["https:\/\/arantv.az\/wp-content\/uploads\/2024\/07\/7778c7bfc19b4a3c74669190ee173b89.jpg",870,500,false],"post-thumbnail":["https:\/\/arantv.az\/wp-content\/uploads\/2024\/07\/7778c7bfc19b4a3c74669190ee173b89-240x172.jpg",240,172,true],"advps-thumb-one":["https:\/\/arantv.az\/wp-content\/uploads\/2024\/07\/7778c7bfc19b4a3c74669190ee173b89.jpg",870,500,false]},"rttpg_author":{"display_name":"V\u00fcsal Rafiqo\u011flu","author_link":"https:\/\/arantv.az\/?author=2"},"rttpg_comment":0,"rttpg_category":"<a href=\"https:\/\/arantv.az\/?cat=4\" rel=\"category\">Siyas\u0259t<\/a>","rttpg_excerpt":"Rusiya \u00c7inin m\u00f6vqeyi il\u0259 raz\u0131d\u0131r, Ukrayna is\u0259 bu plan\u0131 q\u0259buledilm\u0259z, m\u00fcmk\u00fcn dan\u0131\u015f\u0131qlar\u0131 is\u0259 t\u0259l\u0259 adland\u0131r\u0131b Macar\u0131stan\u0131n ba\u015f naziri Viktor Orban \u00c7in Xalq Respublikas\u0131na (\u00c7XR) s\u0259f\u0259r edib. Az\u0259rTAc x\u0259b\u0259r verir ki, iyulun 8-d\u0259 Viktor Orban\u0131n \u00c7XR s\u0259dri Si Cinpinl\u0259 g\u00f6r\u00fc\u015f\u00fc olub. Viktor Orban Pekind\u0259 s\u0259f\u0259rd\u0259 olark\u0259n sosial \u015f\u0259b\u0259k\u0259d\u0259 \u00c7inin Rusiya-Ukrayna m\u00fcharib\u0259sind\u0259ki rolu bar\u0259d\u0259 payla\u015f\u0131m edib. O&hellip;","_links":{"self":[{"href":"https:\/\/arantv.az\/index.php?rest_route=\/wp\/v2\/posts\/735810"}],"collection":[{"href":"https:\/\/arantv.az\/index.php?rest_route=\/wp\/v2\/posts"}],"about":[{"href":"https:\/\/arantv.az\/index.php?rest_route=\/wp\/v2\/types\/post"}],"author":[{"embeddable":true,"href":"https:\/\/arantv.az\/index.php?rest_route=\/wp\/v2\/users\/2"}],"replies":[{"embeddable":true,"href":"https:\/\/arantv.az\/index.php?rest_route=%2Fwp%2Fv2%2Fcomments&post=735810"}],"version-history":[{"count":0,"href":"https:\/\/arantv.az\/index.php?rest_route=\/wp\/v2\/posts\/735810\/revisions"}],"wp:featuredmedia":[{"embeddable":true,"href":"https:\/\/arantv.az\/index.php?rest_route=\/wp\/v2\/media\/735811"}],"wp:attachment":[{"href":"https:\/\/arantv.az\/index.php?rest_route=%2Fwp%2Fv2%2Fmedia&parent=735810"}],"wp:term":[{"taxonomy":"category","embeddable":true,"href":"https:\/\/arantv.az\/index.php?rest_route=%2Fwp%2Fv2%2Fcategories&post=735810"},{"taxonomy":"post_tag","embeddable":true,"href":"https:\/\/arantv.az\/index.php?rest_route=%2Fwp%2Fv2%2Ftags&post=735810"}],"curies":[{"name":"wp","href":"https:\/\/api.w.org\/{rel}","templated":true}]}}