{"id":735830,"date":"2024-07-09T09:26:15","date_gmt":"2024-07-09T05:26:15","guid":{"rendered":"https:\/\/arantv.az\/?p=735830"},"modified":"2024-07-09T09:26:15","modified_gmt":"2024-07-09T05:26:15","slug":"sentyabrdan-m%c9%99kt%c9%99bl%c9%99rd%c9%99-s%c9%99nb%c9%99-gunu-d%c9%99-d%c9%99rs-olacaq-aciqlama","status":"publish","type":"post","link":"https:\/\/arantv.az\/?p=735830","title":{"rendered":"Sentyabrdan m\u0259kt\u0259bl\u0259rd\u0259 \u015f\u0259nb\u0259 g\u00fcn\u00fc d\u0259 d\u0259rs olacaq? &#8211; A\u00c7IQLAMA"},"content":{"rendered":"<p><em><strong>\u201cSentyabr ay\u0131ndan etibar\u0259n d\u0259rsl\u0259rin alt\u0131 g\u00fcnl\u00fck olmas\u0131 m\u0259s\u0259l\u0259si g\u00fcnd\u0259md\u0259 deyil, \u015f\u0259nb\u0259 g\u00fcn\u00fcn\u00fcn d\u0259rs g\u00fcn\u00fc kimi ke\u00e7irilm\u0259si n\u0259z\u0259rd\u0259 tutulmur\u201d.<\/strong><\/em><\/p>\n<p>Bu s\u00f6zl\u0259ri Elm v\u0259 T\u0259hsil Nazirliyi yan\u0131nda \u0130ctimai \u015euran\u0131n \u00fczv\u00fc, Magistrl\u0259r C\u0259miyy\u0259tinin s\u0259dri, f\u0259ls\u0259f\u0259 doktoru \u0130lqar Orucov Pravda.az-\u0131n suallar\u0131n\u0131 cavabland\u0131rark\u0259n deyib.<\/p>\n<p><em><strong>\u0130.Orucov bildirib ki, m\u0259kt\u0259bl\u0259rd\u0259 d\u0259rsl\u0259rin be\u015f v\u0259 ya alt\u0131 g\u00fcn olmas\u0131 m\u0259kt\u0259bin Pedaqoji \u015euras\u0131n\u0131n q\u0259rar\u0131 il\u0259 t\u0259nziml\u0259nir:<\/strong><\/em>\u00a0\u201cBu m\u0259s\u0259l\u0259 Elm v\u0259 T\u0259hsil Nazirliyi t\u0259r\u0259find\u0259n t\u0259nziml\u0259nmir. H\u0259m d\u0259 bir m\u00fcdd\u0259t \u0259vv\u0259l elm v\u0259 t\u0259hsil naziri Emin \u018fmrullayev jurnalistl\u0259rin sual\u0131n\u0131 cavabland\u0131rark\u0259n bu m\u0259s\u0259l\u0259 il\u0259 ba\u011fl\u0131 m\u00fcnasib\u0259t bildirmi\u015fdi. Nazir dedi ki, d\u0259rsl\u0259rin be\u015f v\u0259 ya alt\u0131 g\u00fcnl\u00fck olmas\u0131 Nazirliyi maraqland\u0131rm\u0131r. Nazirliyi maraqland\u0131ran b\u00fct\u00f6vl\u00fckd\u0259 n\u0259z\u0259rd\u0259 tutulmu\u015f proqram\u0131n m\u0259zmununun \u015fagirdl\u0259r\u0259 \u00f6t\u00fcr\u00fclm\u0259sidir, y\u0259ni keyfiyy\u0259tli t\u0259hsildir. El\u0259 m\u0259kt\u0259bl\u0259r var ki, orada \u015fagird s\u0131xl\u0131\u011f\u0131 \u00e7ox oldu\u011fu \u00fc\u00e7\u00fcn ikin\u00f6vb\u0259li t\u0259dris h\u0259yata ke\u00e7irirl\u0259r, d\u0259rsl\u0259r \u015f\u0259nb\u0259 g\u00fcn\u00fcn\u0259 d\u0259 sal\u0131n\u0131r. Valideynl\u0259r ist\u0259yirl\u0259rs\u0259, m\u0259kt\u0259b qar\u015f\u0131s\u0131nda bu q\u0259rarla \u00e7\u0131x\u0131\u015f ed\u0259 bil\u0259rl\u0259r. Bel\u0259 olan halda, d\u0259rsl\u0259rin be\u015f v\u0259 ya alt\u0131 g\u00fcnl\u00fck olmas\u0131 m\u0259s\u0259l\u0259sin\u0259 bax\u0131la bil\u0259r. Valideynl\u0259rin q\u0259rar\u0131 m\u00fctl\u0259q \u015f\u0259kild\u0259 n\u0259z\u0259r\u0259 al\u0131nmal\u0131d\u0131r. \u00c7\u00fcnki t\u0259hsilin subyektl\u0259rind\u0259n biri d\u0259 valideynl\u0259rdir. Ekspertl\u0259rin d\u0259 bununla ba\u011fl\u0131 r\u0259yl\u0259ri var. M\u0259n d\u0259 bu fikird\u0259y\u0259m ki, d\u0259rsl\u0259r alt\u0131 g\u00fcn olsa, d\u0259rs y\u00fck\u00fc \u015fagirdl\u0259ri y\u00fckl\u0259m\u0259z. Be\u015fg\u00fcnl\u00fck t\u0259dris h\u0259ft\u0259sind\u0259 is\u0259 \u015fagirdl\u0259r b\u0259z\u0259n 7 saat m\u0259kt\u0259bd\u0259 olurlar. 7 saatl\u0131q d\u0259rs, t\u0259bii ki, keyfiyy\u0259t\u0259 t\u0259sir g\u00f6st\u0259rir. D\u00fc\u015f\u00fcn\u00fcr\u0259m, m\u00fcsb\u0259t m\u0259nada t\u0259sir g\u00f6st\u0259rmir. M\u0259s\u0259l\u0259y\u0259 s\u0131rf pe\u015f\u0259kar m\u00fcnasib\u0259td\u0259n s\u00f6hb\u0259t gedir. Ola bilsin, \u0259ks\u0259r valideynl\u0259r\u0259 \u015f\u0259nb\u0259 g\u00fcn\u00fc d\u0259rs olmamas\u0131 m\u00fcnasibdir. D\u00fc\u015f\u00fcn\u00fcrl\u0259r ki, h\u0259ft\u0259 sonudur, evd\u0259y\u0259m, \u00f6vlad\u0131m da yan\u0131mdad\u0131r. N\u0259z\u0259r\u0259 alaq ki, alt\u0131 g\u00fcnl\u00fck d\u0259rs h\u0259ft\u0259sin\u0259 ke\u00e7id olsa, g\u00fcnd\u0259lik d\u0259rs saatlar\u0131n\u0131n y\u00fckl\u0259nm\u0259si d\u0259 olmaz. Be\u015fg\u00fcnl\u00fck d\u0259rs h\u0259ft\u0259si, b\u0259lk\u0259 d\u0259, m\u0259kt\u0259b m\u00fc\u0259lliml\u0259ri \u00fc\u00e7\u00fcn d\u0259 s\u0259rf\u0259lidir. Amma t\u0259krar edir\u0259m, bu, \u015fagirdl\u0259rin kifay\u0259t q\u0259d\u0259r y\u00fckl\u0259nm\u0259si dem\u0259kdir\u201d.<\/p>\n","protected":false},"excerpt":{"rendered":"<p>\u201cSentyabr ay\u0131ndan etibar\u0259n d\u0259rsl\u0259rin alt\u0131 g\u00fcnl\u00fck olmas\u0131 m\u0259s\u0259l\u0259si g\u00fcnd\u0259md\u0259 deyil, \u015f\u0259nb\u0259 g\u00fcn\u00fcn\u00fcn d\u0259rs g\u00fcn\u00fc kimi ke\u00e7irilm\u0259si n\u0259z\u0259rd\u0259 tutulmur\u201d. Bu s\u00f6zl\u0259ri Elm v\u0259 T\u0259hsil Nazirliyi yan\u0131nda \u0130ctimai \u015euran\u0131n \u00fczv\u00fc, Magistrl\u0259r C\u0259miyy\u0259tinin s\u0259dri, f\u0259ls\u0259f\u0259 doktoru \u0130lqar Orucov Pravda.az-\u0131n suallar\u0131n\u0131 cavabland\u0131rark\u0259n deyib. \u0130.Orucov bildirib ki, m\u0259kt\u0259bl\u0259rd\u0259 d\u0259rsl\u0259rin be\u015f v\u0259 ya alt\u0131 g\u00fcn olmas\u0131 m\u0259kt\u0259bin Pedaqoji \u015euras\u0131n\u0131n q\u0259rar\u0131 il\u0259 t\u0259nziml\u0259nir:\u00a0\u201cBu m\u0259s\u0259l\u0259 Elm v\u0259 T\u0259hsil Nazirliyi t\u0259r\u0259find\u0259n t\u0259nziml\u0259nmir. H\u0259m d\u0259 bir m\u00fcdd\u0259t \u0259vv\u0259l elm v\u0259 t\u0259hsil naziri Emin \u018fmrullayev jurnalistl\u0259rin sual\u0131n\u0131 cavabland\u0131rark\u0259n bu m\u0259s\u0259l\u0259 il\u0259 ba\u011fl\u0131 m\u00fcnasib\u0259t bildirmi\u015fdi. Nazir dedi ki, d\u0259rsl\u0259rin be\u015f v\u0259 ya&hellip;<\/p>\n","protected":false},"author":2,"featured_media":735831,"comment_status":"closed","ping_status":"closed","sticky":false,"template":"","format":"standard","meta":{"om_disable_all_campaigns":false,"_monsterinsights_skip_tracking":false,"_monsterinsights_sitenote_active":false,"_monsterinsights_sitenote_note":"","_monsterinsights_sitenote_category":0},"categories":[1],"tags":[],"aioseo_notices":[],"gutentor_comment":0,"rttpg_featured_image_url":{"full":["https:\/\/arantv.az\/wp-content\/uploads\/2024\/07\/3473ba5642cb33571f9f4a1026c14589.jpg",540,372,false],"landscape":["https:\/\/arantv.az\/wp-content\/uploads\/2024\/07\/3473ba5642cb33571f9f4a1026c14589.jpg",540,372,false],"portraits":["https:\/\/arantv.az\/wp-content\/uploads\/2024\/07\/3473ba5642cb33571f9f4a1026c14589.jpg",540,372,false],"thumbnail":["https:\/\/arantv.az\/wp-content\/uploads\/2024\/07\/3473ba5642cb33571f9f4a1026c14589-500x280.jpg",500,280,true],"medium":["https:\/\/arantv.az\/wp-content\/uploads\/2024\/07\/3473ba5642cb33571f9f4a1026c14589-530x365.jpg",530,365,true],"large":["https:\/\/arantv.az\/wp-content\/uploads\/2024\/07\/3473ba5642cb33571f9f4a1026c14589.jpg",540,372,false],"1536x1536":["https:\/\/arantv.az\/wp-content\/uploads\/2024\/07\/3473ba5642cb33571f9f4a1026c14589.jpg",540,372,false],"2048x2048":["https:\/\/arantv.az\/wp-content\/uploads\/2024\/07\/3473ba5642cb33571f9f4a1026c14589.jpg",540,372,false],"post-thumbnail":["https:\/\/arantv.az\/wp-content\/uploads\/2024\/07\/3473ba5642cb33571f9f4a1026c14589-240x172.jpg",240,172,true],"advps-thumb-one":["https:\/\/arantv.az\/wp-content\/uploads\/2024\/07\/3473ba5642cb33571f9f4a1026c14589.jpg",540,372,false]},"rttpg_author":{"display_name":"V\u00fcsal Rafiqo\u011flu","author_link":"https:\/\/arantv.az\/?author=2"},"rttpg_comment":0,"rttpg_category":"<a href=\"https:\/\/arantv.az\/?cat=1\" rel=\"category\">C\u0259miyy\u0259t<\/a>","rttpg_excerpt":"\u201cSentyabr ay\u0131ndan etibar\u0259n d\u0259rsl\u0259rin alt\u0131 g\u00fcnl\u00fck olmas\u0131 m\u0259s\u0259l\u0259si g\u00fcnd\u0259md\u0259 deyil, \u015f\u0259nb\u0259 g\u00fcn\u00fcn\u00fcn d\u0259rs g\u00fcn\u00fc kimi ke\u00e7irilm\u0259si n\u0259z\u0259rd\u0259 tutulmur\u201d. Bu s\u00f6zl\u0259ri Elm v\u0259 T\u0259hsil Nazirliyi yan\u0131nda \u0130ctimai \u015euran\u0131n \u00fczv\u00fc, Magistrl\u0259r C\u0259miyy\u0259tinin s\u0259dri, f\u0259ls\u0259f\u0259 doktoru \u0130lqar Orucov Pravda.az-\u0131n suallar\u0131n\u0131 cavabland\u0131rark\u0259n deyib. \u0130.Orucov bildirib ki, m\u0259kt\u0259bl\u0259rd\u0259 d\u0259rsl\u0259rin be\u015f v\u0259 ya alt\u0131 g\u00fcn olmas\u0131 m\u0259kt\u0259bin Pedaqoji \u015euras\u0131n\u0131n q\u0259rar\u0131 il\u0259&hellip;","_links":{"self":[{"href":"https:\/\/arantv.az\/index.php?rest_route=\/wp\/v2\/posts\/735830"}],"collection":[{"href":"https:\/\/arantv.az\/index.php?rest_route=\/wp\/v2\/posts"}],"about":[{"href":"https:\/\/arantv.az\/index.php?rest_route=\/wp\/v2\/types\/post"}],"author":[{"embeddable":true,"href":"https:\/\/arantv.az\/index.php?rest_route=\/wp\/v2\/users\/2"}],"replies":[{"embeddable":true,"href":"https:\/\/arantv.az\/index.php?rest_route=%2Fwp%2Fv2%2Fcomments&post=735830"}],"version-history":[{"count":0,"href":"https:\/\/arantv.az\/index.php?rest_route=\/wp\/v2\/posts\/735830\/revisions"}],"wp:featuredmedia":[{"embeddable":true,"href":"https:\/\/arantv.az\/index.php?rest_route=\/wp\/v2\/media\/735831"}],"wp:attachment":[{"href":"https:\/\/arantv.az\/index.php?rest_route=%2Fwp%2Fv2%2Fmedia&parent=735830"}],"wp:term":[{"taxonomy":"category","embeddable":true,"href":"https:\/\/arantv.az\/index.php?rest_route=%2Fwp%2Fv2%2Fcategories&post=735830"},{"taxonomy":"post_tag","embeddable":true,"href":"https:\/\/arantv.az\/index.php?rest_route=%2Fwp%2Fv2%2Ftags&post=735830"}],"curies":[{"name":"wp","href":"https:\/\/api.w.org\/{rel}","templated":true}]}}